{"id":396394,"date":"2021-10-27T14:49:05","date_gmt":"2021-10-27T11:49:05","guid":{"rendered":"http:\/\/arantv.az\/?p=396394"},"modified":"2021-10-27T14:49:05","modified_gmt":"2021-10-27T11:49:05","slug":"s%c9%99hiyy%c9%99-nazirliyi-valideynl%c9%99r%c9%99-muraci%c9%99t-edib","status":"publish","type":"post","link":"https:\/\/arantv.az\/?p=396394","title":{"rendered":"S\u0259hiyy\u0259 Nazirliyi valideynl\u0259r\u0259 m\u00fcraci\u0259t edib"},"content":{"rendered":"<p><em>\u201cRisk qrupuna aid olan xroniki x\u0259st\u0259likl\u0259rd\u0259n \u0259ziyy\u0259t \u00e7\u0259k\u0259n (piyl\u0259nm\u0259, immun\u00e7at\u0131\u015fmazl\u0131\u011f\u0131, \u00fcr\u0259k q\u00fcsuru v\u0259 xroniki a\u011fciy\u0259r x\u0259st\u0259liyi v\u0259 s.) 12 ya\u015f\u0131n \u00fcz\u0259rind\u0259 olan u\u015faqlar\u0131n koronavirusa qar\u015f\u0131 peyv\u0259nd olunmas\u0131 m\u0259sl\u0259h\u0259tdir. T\u0259bii ki, bu, t\u00f6vsiy\u0259 xarakterlidir\u201d.<\/em><\/p>\n<p><strong>ARANTV.AZ\u00a0 x\u0259b\u0259r verir ki,<\/strong>\u00a0bunu S\u0259hiyy\u0259 Nazirliyinin S\u0259hiyy\u0259nin T\u0259\u015fkili \u015f\u00f6b\u0259sinin m\u0259sl\u0259h\u0259t\u00e7isi\u00a0<strong>Aynur\u0259 Zeynalova<\/strong>\u00a0deyib.<\/p>\n<p>Nazirlik r\u0259smisi bildirib ki, h\u0259r iki valideynin raz\u0131l\u0131\u011f\u0131 \u0259sas\u0131nda da 12 ya\u015f\u0131n \u00fcz\u0259rind\u0259 olan u\u015faqlar\u0131n koronavirusa qar\u015f\u0131 peyv\u0259ndl\u0259nm\u0259si h\u0259yata ke\u00e7iril\u0259 bil\u0259r:\u00a0<em>\u201cOnlara \u201cPfizer\u201d vaksininin vurulmas\u0131 t\u00f6vsiy\u0259 edilir. \u00c7\u00fcnki \u00f6lk\u0259d\u0259 istifad\u0259 olunan dig\u0259r peyv\u0259ndl\u0259r bar\u0259d\u0259 ara\u015fd\u0131rmalar h\u0259l\u0259 tam ba\u015fa \u00e7atmay\u0131b. Peyv\u0259nd vurulan u\u015faqlarda \u0259ks-g\u00f6st\u0259ri\u015f v\u0259 ya dig\u0259r yan t\u0259sirl\u0259r b\u00f6y\u00fckl\u0259rd\u0259ki kimidir. Peyv\u0259ndl\u0259nm\u0259 pandemiya d\u00f6n\u0259mini ke\u00e7m\u0259k \u00fc\u00e7\u00fcn vacib amildir\u201d.<\/em><\/p>\n","protected":false},"excerpt":{"rendered":"<p>\u201cRisk qrupuna aid olan xroniki x\u0259st\u0259likl\u0259rd\u0259n \u0259ziyy\u0259t \u00e7\u0259k\u0259n (piyl\u0259nm\u0259, immun\u00e7at\u0131\u015fmazl\u0131\u011f\u0131, \u00fcr\u0259k q\u00fcsuru v\u0259 xroniki a\u011fciy\u0259r x\u0259st\u0259liyi v\u0259 s.) 12 ya\u015f\u0131n \u00fcz\u0259rind\u0259 olan u\u015faqlar\u0131n koronavirusa qar\u015f\u0131 peyv\u0259nd olunmas\u0131 m\u0259sl\u0259h\u0259tdir. T\u0259bii ki, bu, t\u00f6vsiy\u0259 xarakterlidir\u201d. ARANTV.AZ\u00a0 x\u0259b\u0259r verir ki,\u00a0bunu S\u0259hiyy\u0259 Nazirliyinin S\u0259hiyy\u0259nin T\u0259\u015fkili \u015f\u00f6b\u0259sinin m\u0259sl\u0259h\u0259t\u00e7isi\u00a0Aynur\u0259 Zeynalova\u00a0deyib. Nazirlik r\u0259smisi bildirib ki, h\u0259r iki valideynin raz\u0131l\u0131\u011f\u0131 \u0259sas\u0131nda da 12 ya\u015f\u0131n \u00fcz\u0259rind\u0259 olan u\u015faqlar\u0131n koronavirusa qar\u015f\u0131 peyv\u0259ndl\u0259nm\u0259si h\u0259yata ke\u00e7iril\u0259 bil\u0259r:\u00a0\u201cOnlara \u201cPfizer\u201d vaksininin vurulmas\u0131 t\u00f6vsiy\u0259 edilir. \u00c7\u00fcnki \u00f6lk\u0259d\u0259 istifad\u0259 olunan dig\u0259r peyv\u0259ndl\u0259r bar\u0259d\u0259 ara\u015fd\u0131rmalar h\u0259l\u0259 tam ba\u015fa \u00e7atmay\u0131b. Peyv\u0259nd vurulan u\u015faqlarda \u0259ks-g\u00f6st\u0259ri\u015f v\u0259 ya dig\u0259r yan&hellip;<\/p>\n","protected":false},"author":2,"featured_media":396395,"comment_status":"closed","ping_status":"closed","sticky":false,"template":"","format":"standard","meta":{"om_disable_all_campaigns":false,"_monsterinsights_skip_tracking":false,"_monsterinsights_sitenote_active":false,"_monsterinsights_sitenote_note":"","_monsterinsights_sitenote_category":0},"categories":[26],"tags":[],"aioseo_notices":[],"gutentor_comment":0,"rttpg_featured_image_url":{"full":["https:\/\/arantv.az\/wp-content\/uploads\/2021\/10\/ec47a5de155143445439736194810653304.jpg",975,540,false],"landscape":["https:\/\/arantv.az\/wp-content\/uploads\/2021\/10\/ec47a5de155143445439736194810653304.jpg",975,540,false],"portraits":["https:\/\/arantv.az\/wp-content\/uploads\/2021\/10\/ec47a5de155143445439736194810653304.jpg",975,540,false],"thumbnail":["https:\/\/arantv.az\/wp-content\/uploads\/2021\/10\/ec47a5de155143445439736194810653304-500x280.jpg",500,280,true],"medium":["https:\/\/arantv.az\/wp-content\/uploads\/2021\/10\/ec47a5de155143445439736194810653304-660x365.jpg",660,365,true],"large":["https:\/\/arantv.az\/wp-content\/uploads\/2021\/10\/ec47a5de155143445439736194810653304-840x465.jpg",640,354,true],"1536x1536":["https:\/\/arantv.az\/wp-content\/uploads\/2021\/10\/ec47a5de155143445439736194810653304.jpg",975,540,false],"2048x2048":["https:\/\/arantv.az\/wp-content\/uploads\/2021\/10\/ec47a5de155143445439736194810653304.jpg",975,540,false],"post-thumbnail":["https:\/\/arantv.az\/wp-content\/uploads\/2021\/10\/ec47a5de155143445439736194810653304-240x172.jpg",240,172,true],"advps-thumb-one":["https:\/\/arantv.az\/wp-content\/uploads\/2021\/10\/ec47a5de155143445439736194810653304.jpg",975,540,false]},"rttpg_author":{"display_name":"V\u00fcsal Rafiqo\u011flu","author_link":"https:\/\/arantv.az\/?author=2"},"rttpg_comment":0,"rttpg_category":"<a href=\"https:\/\/arantv.az\/?cat=26\" rel=\"category\">Sosial<\/a>","rttpg_excerpt":"\u201cRisk qrupuna aid olan xroniki x\u0259st\u0259likl\u0259rd\u0259n \u0259ziyy\u0259t \u00e7\u0259k\u0259n (piyl\u0259nm\u0259, immun\u00e7at\u0131\u015fmazl\u0131\u011f\u0131, \u00fcr\u0259k q\u00fcsuru v\u0259 xroniki a\u011fciy\u0259r x\u0259st\u0259liyi v\u0259 s.) 12 ya\u015f\u0131n \u00fcz\u0259rind\u0259 olan u\u015faqlar\u0131n koronavirusa qar\u015f\u0131 peyv\u0259nd olunmas\u0131 m\u0259sl\u0259h\u0259tdir. T\u0259bii ki, bu, t\u00f6vsiy\u0259 xarakterlidir\u201d. ARANTV.AZ\u00a0 x\u0259b\u0259r verir ki,\u00a0bunu S\u0259hiyy\u0259 Nazirliyinin S\u0259hiyy\u0259nin T\u0259\u015fkili \u015f\u00f6b\u0259sinin m\u0259sl\u0259h\u0259t\u00e7isi\u00a0Aynur\u0259 Zeynalova\u00a0deyib. Nazirlik r\u0259smisi bildirib ki, h\u0259r iki valideynin raz\u0131l\u0131\u011f\u0131 \u0259sas\u0131nda da 12&hellip;","_links":{"self":[{"href":"https:\/\/arantv.az\/index.php?rest_route=\/wp\/v2\/posts\/396394"}],"collection":[{"href":"https:\/\/arantv.az\/index.php?rest_route=\/wp\/v2\/posts"}],"about":[{"href":"https:\/\/arantv.az\/index.php?rest_route=\/wp\/v2\/types\/post"}],"author":[{"embeddable":true,"href":"https:\/\/arantv.az\/index.php?rest_route=\/wp\/v2\/users\/2"}],"replies":[{"embeddable":true,"href":"https:\/\/arantv.az\/index.php?rest_route=%2Fwp%2Fv2%2Fcomments&post=396394"}],"version-history":[{"count":0,"href":"https:\/\/arantv.az\/index.php?rest_route=\/wp\/v2\/posts\/396394\/revisions"}],"wp:featuredmedia":[{"embeddable":true,"href":"https:\/\/arantv.az\/index.php?rest_route=\/wp\/v2\/media\/396395"}],"wp:attachment":[{"href":"https:\/\/arantv.az\/index.php?rest_route=%2Fwp%2Fv2%2Fmedia&parent=396394"}],"wp:term":[{"taxonomy":"category","embeddable":true,"href":"https:\/\/arantv.az\/index.php?rest_route=%2Fwp%2Fv2%2Fcategories&post=396394"},{"taxonomy":"post_tag","embeddable":true,"href":"https:\/\/arantv.az\/index.php?rest_route=%2Fwp%2Fv2%2Ftags&post=396394"}],"curies":[{"name":"wp","href":"https:\/\/api.w.org\/{rel}","templated":true}]}}