{"id":396401,"date":"2021-10-27T14:51:44","date_gmt":"2021-10-27T11:51:44","guid":{"rendered":"http:\/\/arantv.az\/?p=396401"},"modified":"2021-10-27T14:51:44","modified_gmt":"2021-10-27T11:51:44","slug":"yas-m%c9%99rasiml%c9%99rinin-kecirilm%c9%99sin%c9%99-icaz%c9%99-varmi","status":"publish","type":"post","link":"https:\/\/arantv.az\/?p=396401","title":{"rendered":"Yas m\u0259rasiml\u0259rinin ke\u00e7irilm\u0259sin\u0259 icaz\u0259 varm\u0131?"},"content":{"rendered":"<p>Haz\u0131rda Az\u0259rbaycanda bir \u00e7ox hallarda yas m\u0259rasiml\u0259rinin t\u0259\u015fkili m\u00fc\u015fahid\u0259 olunur, adi qaydada ya\u015f m\u0259rasiml\u0259ri ke\u00e7irilir. Lakin m\u0259lumdur ki, pandemiya s\u0259b\u0259bind\u0259n yas m\u0259rasiml\u0259rinin ke\u00e7irilm\u0259sind\u0259 m\u0259hdudiyy\u0259tl\u0259r var.<\/p>\n<p><strong>ARANT.AZ\u00a0 x\u0259b\u0259r verir ki,<\/strong>\u00a0\u00a0m\u0259s\u0259l\u0259 il\u0259 ba\u011fl\u0131\u00a0a\u00e7\u0131qlama ver\u0259n Dini Qurumlarla \u0130\u015f \u00fczr\u0259 D\u00f6vl\u0259t Komit\u0259sinin \u0130ctimaiyy\u0259tl\u0259 \u0259laq\u0259l\u0259r \u015f\u00f6b\u0259sinin m\u00fcdiri Yaqut \u018fliyeva deyib ki, haz\u0131rda pandemiya s\u0259b\u0259ind\u0259n yas m\u0259rasiml\u0259rinin ke\u00e7irilm\u0259sin\u0259 qoyulan m\u0259hdudiyy\u0259tl\u0259r q\u00fcvv\u0259d\u0259dir:<\/p>\n<p>\u201cBu g\u00fcn qlobal probleml\u0259r siyah\u0131s\u0131nda \u00f6n s\u0131rada koronavirus pandemiyas\u0131 dayan\u0131r. \u0130ki il\u0259 yax\u0131nd\u0131r ki, b\u00fct\u00fcn d\u00fcnyada koronavirusla ba\u011fl\u0131 k\u00fctl\u0259vi toplant\u0131lar\u0131n v\u0259 t\u0259dbirl\u0259rin ke\u00e7irilm\u0259sin\u0259 m\u00fcv\u0259qq\u0259ti m\u0259hdudiyy\u0259tl\u0259r qoyulub.<\/p>\n<p>Az\u0259rbaycan Respublikas\u0131 Nazirl\u0259r Kabineti yan\u0131nda Operativ Q\u0259rargah t\u0259r\u0259find\u0259n yeni n\u00f6v koronavirus (COVID-19) infeksiyas\u0131 il\u0259 ba\u011fl\u0131 d\u0259fn m\u0259rasiml\u0259ri istisna olmaqla, dini ritual xidm\u0259tl\u0259ri, el\u0259c\u0259 d\u0259 m\u0259rasim zallar\u0131nda, \u00e7ad\u0131rlarda v\u0259 dig\u0259r qapal\u0131 m\u0259kanlarda yas m\u0259rasiml\u0259rinin t\u0259\u015fkili v\u0259 ke\u00e7irilm\u0259si il\u0259 ba\u011fl\u0131 m\u0259hdudiyy\u0259t h\u0259l\u0259 d\u0259 q\u00fcvv\u0259d\u0259dir.<\/p>\n<p>B\u00f6y\u00fck k\u00fctl\u0259viliyi il\u0259 se\u00e7il\u0259n, sosial m\u0259saf\u0259y\u0259 \u0259m\u0259l olunmas\u0131n\u0131n t\u0259min edilm\u0259si az qala qeyri-m\u00fcmk\u00fcn olan yas m\u0259rasiml\u0259ri virusun daha \u00e7ox insan aras\u0131nda yay\u0131lmas\u0131 ehtimal\u0131 bax\u0131m\u0131ndan b\u00f6y\u00fck t\u0259hl\u00fck\u0259 yarada bil\u0259r. Bu ger\u00e7\u0259kliyi n\u0259z\u0259r\u0259 alaraq, \u00f6z\u00fcn\u00fc v\u0259 c\u0259miyy\u0259ti qorumaq m\u0259qs\u0259dil\u0259 h\u0259r bir v\u0259t\u0259nda\u015f\u0131n Nazirl\u0259r Kabineti yan\u0131nda Operativ Q\u0259rargah\u0131n q\u0259rar\u0131na \u0259m\u0259l etm\u0259si z\u0259ruridir\u201d.<\/p>\n","protected":false},"excerpt":{"rendered":"<p>Haz\u0131rda Az\u0259rbaycanda bir \u00e7ox hallarda yas m\u0259rasiml\u0259rinin t\u0259\u015fkili m\u00fc\u015fahid\u0259 olunur, adi qaydada ya\u015f m\u0259rasiml\u0259ri ke\u00e7irilir. Lakin m\u0259lumdur ki, pandemiya s\u0259b\u0259bind\u0259n yas m\u0259rasiml\u0259rinin ke\u00e7irilm\u0259sind\u0259 m\u0259hdudiyy\u0259tl\u0259r var. ARANT.AZ\u00a0 x\u0259b\u0259r verir ki,\u00a0\u00a0m\u0259s\u0259l\u0259 il\u0259 ba\u011fl\u0131\u00a0a\u00e7\u0131qlama ver\u0259n Dini Qurumlarla \u0130\u015f \u00fczr\u0259 D\u00f6vl\u0259t Komit\u0259sinin \u0130ctimaiyy\u0259tl\u0259 \u0259laq\u0259l\u0259r \u015f\u00f6b\u0259sinin m\u00fcdiri Yaqut \u018fliyeva deyib ki, haz\u0131rda pandemiya s\u0259b\u0259ind\u0259n yas m\u0259rasiml\u0259rinin ke\u00e7irilm\u0259sin\u0259 qoyulan m\u0259hdudiyy\u0259tl\u0259r q\u00fcvv\u0259d\u0259dir: \u201cBu g\u00fcn qlobal probleml\u0259r siyah\u0131s\u0131nda \u00f6n s\u0131rada koronavirus pandemiyas\u0131 dayan\u0131r. \u0130ki il\u0259 yax\u0131nd\u0131r ki, b\u00fct\u00fcn d\u00fcnyada koronavirusla ba\u011fl\u0131 k\u00fctl\u0259vi toplant\u0131lar\u0131n v\u0259 t\u0259dbirl\u0259rin ke\u00e7irilm\u0259sin\u0259 m\u00fcv\u0259qq\u0259ti m\u0259hdudiyy\u0259tl\u0259r qoyulub. Az\u0259rbaycan Respublikas\u0131 Nazirl\u0259r Kabineti yan\u0131nda Operativ Q\u0259rargah t\u0259r\u0259find\u0259n yeni&hellip;<\/p>\n","protected":false},"author":2,"featured_media":396402,"comment_status":"closed","ping_status":"closed","sticky":false,"template":"","format":"standard","meta":{"om_disable_all_campaigns":false,"_monsterinsights_skip_tracking":false,"_monsterinsights_sitenote_active":false,"_monsterinsights_sitenote_note":"","_monsterinsights_sitenote_category":0},"categories":[26],"tags":[],"aioseo_notices":[],"gutentor_comment":0,"rttpg_featured_image_url":{"full":["https:\/\/arantv.az\/wp-content\/uploads\/2021\/10\/c76fc229161828868491411470311098284.jpg",975,540,false],"landscape":["https:\/\/arantv.az\/wp-content\/uploads\/2021\/10\/c76fc229161828868491411470311098284.jpg",975,540,false],"portraits":["https:\/\/arantv.az\/wp-content\/uploads\/2021\/10\/c76fc229161828868491411470311098284.jpg",975,540,false],"thumbnail":["https:\/\/arantv.az\/wp-content\/uploads\/2021\/10\/c76fc229161828868491411470311098284-500x280.jpg",500,280,true],"medium":["https:\/\/arantv.az\/wp-content\/uploads\/2021\/10\/c76fc229161828868491411470311098284-660x365.jpg",660,365,true],"large":["https:\/\/arantv.az\/wp-content\/uploads\/2021\/10\/c76fc229161828868491411470311098284-840x465.jpg",640,354,true],"1536x1536":["https:\/\/arantv.az\/wp-content\/uploads\/2021\/10\/c76fc229161828868491411470311098284.jpg",975,540,false],"2048x2048":["https:\/\/arantv.az\/wp-content\/uploads\/2021\/10\/c76fc229161828868491411470311098284.jpg",975,540,false],"post-thumbnail":["https:\/\/arantv.az\/wp-content\/uploads\/2021\/10\/c76fc229161828868491411470311098284-240x172.jpg",240,172,true],"advps-thumb-one":["https:\/\/arantv.az\/wp-content\/uploads\/2021\/10\/c76fc229161828868491411470311098284.jpg",975,540,false]},"rttpg_author":{"display_name":"V\u00fcsal Rafiqo\u011flu","author_link":"https:\/\/arantv.az\/?author=2"},"rttpg_comment":0,"rttpg_category":"<a href=\"https:\/\/arantv.az\/?cat=26\" rel=\"category\">Sosial<\/a>","rttpg_excerpt":"Haz\u0131rda Az\u0259rbaycanda bir \u00e7ox hallarda yas m\u0259rasiml\u0259rinin t\u0259\u015fkili m\u00fc\u015fahid\u0259 olunur, adi qaydada ya\u015f m\u0259rasiml\u0259ri ke\u00e7irilir. Lakin m\u0259lumdur ki, pandemiya s\u0259b\u0259bind\u0259n yas m\u0259rasiml\u0259rinin ke\u00e7irilm\u0259sind\u0259 m\u0259hdudiyy\u0259tl\u0259r var. ARANT.AZ\u00a0 x\u0259b\u0259r verir ki,\u00a0\u00a0m\u0259s\u0259l\u0259 il\u0259 ba\u011fl\u0131\u00a0a\u00e7\u0131qlama ver\u0259n Dini Qurumlarla \u0130\u015f \u00fczr\u0259 D\u00f6vl\u0259t Komit\u0259sinin \u0130ctimaiyy\u0259tl\u0259 \u0259laq\u0259l\u0259r \u015f\u00f6b\u0259sinin m\u00fcdiri Yaqut \u018fliyeva deyib ki, haz\u0131rda pandemiya s\u0259b\u0259ind\u0259n yas m\u0259rasiml\u0259rinin ke\u00e7irilm\u0259sin\u0259 qoyulan m\u0259hdudiyy\u0259tl\u0259r q\u00fcvv\u0259d\u0259dir:&hellip;","_links":{"self":[{"href":"https:\/\/arantv.az\/index.php?rest_route=\/wp\/v2\/posts\/396401"}],"collection":[{"href":"https:\/\/arantv.az\/index.php?rest_route=\/wp\/v2\/posts"}],"about":[{"href":"https:\/\/arantv.az\/index.php?rest_route=\/wp\/v2\/types\/post"}],"author":[{"embeddable":true,"href":"https:\/\/arantv.az\/index.php?rest_route=\/wp\/v2\/users\/2"}],"replies":[{"embeddable":true,"href":"https:\/\/arantv.az\/index.php?rest_route=%2Fwp%2Fv2%2Fcomments&post=396401"}],"version-history":[{"count":0,"href":"https:\/\/arantv.az\/index.php?rest_route=\/wp\/v2\/posts\/396401\/revisions"}],"wp:featuredmedia":[{"embeddable":true,"href":"https:\/\/arantv.az\/index.php?rest_route=\/wp\/v2\/media\/396402"}],"wp:attachment":[{"href":"https:\/\/arantv.az\/index.php?rest_route=%2Fwp%2Fv2%2Fmedia&parent=396401"}],"wp:term":[{"taxonomy":"category","embeddable":true,"href":"https:\/\/arantv.az\/index.php?rest_route=%2Fwp%2Fv2%2Fcategories&post=396401"},{"taxonomy":"post_tag","embeddable":true,"href":"https:\/\/arantv.az\/index.php?rest_route=%2Fwp%2Fv2%2Ftags&post=396401"}],"curies":[{"name":"wp","href":"https:\/\/api.w.org\/{rel}","templated":true}]}}