{"id":396407,"date":"2021-10-27T15:01:39","date_gmt":"2021-10-27T12:01:39","guid":{"rendered":"http:\/\/arantv.az\/?p=396407"},"modified":"2021-10-27T15:01:39","modified_gmt":"2021-10-27T12:01:39","slug":"s%c9%99hidin-xatir%c9%99si-%c9%99b%c9%99dil%c9%99sdirilib-video-4","status":"publish","type":"post","link":"https:\/\/arantv.az\/?p=396407","title":{"rendered":"\u015e\u0259hidin xatir\u0259si \u0259b\u0259dil\u0259\u015fdirilib &#8211; V\u0130DEO"},"content":{"rendered":"<div class=\"article_text\">\n<blockquote><p><strong>\u015e\u0259hidin an\u0131m g\u00fcn\u00fc ke\u00e7irilib, xatir\u0259 l\u00f6vh\u0259sinin a\u00e7\u0131l\u0131\u015f\u0131 olub<\/strong><\/p><\/blockquote>\n<p>&#8220;Sumqay\u0131t Kimya S\u0259naye Park\u0131&#8221; MMC-nin n\u0259zdind\u0259 Pe\u015f\u0259 T\u0259hsil M\u0259rk\u0259zinin inzibati binas\u0131nda Nazirliyin \u015f\u0259hid \u0259m\u0259kda\u015f\u0131 As\u0259f N\u0259sibovun an\u0131m g\u00fcn\u00fc ke\u00e7irilib, \u015f\u0259hidin xatir\u0259 l\u00f6vh\u0259sinin a\u00e7\u0131l\u0131\u015f\u0131 olub.<\/p>\n<p>\u018fvv\u0259lc\u0259 D\u00f6vl\u0259t Himni s\u0259sl\u0259ndirilib, sonra V\u0259t\u0259n u\u011frunda canlar\u0131ndan ke\u00e7\u0259n \u015f\u0259hidl\u0259rimizin xatir\u0259si bir d\u0259qiq\u0259lik s\u00fckutla yad edilib.<\/p>\n<p>T\u0259dbird\u0259 \u00e7\u0131x\u0131\u015f ed\u0259n \u0130qtisadiyyat nazirinin m\u00fcavini Niyazi S\u0259f\u0259rov, 44 g\u00fcnl\u00fck V\u0259t\u0259n m\u00fcharib\u0259sind\u0259 qazan\u0131lan q\u0259l\u0259b\u0259 n\u0259tic\u0259sind\u0259 torpaqlar\u0131m\u0131z\u0131n d\u00fc\u015fm\u0259n tapda\u011f\u0131ndan azad edildiyini bildirib. Nazir m\u00fcavini \u0259lav\u0259 edib ki, V\u0259t\u0259n m\u00fcharib\u0259sinin ba\u015fland\u0131\u011f\u0131 ilk anlardan etibar\u0259n Az\u0259rbaycan xalq\u0131 Ali Ba\u015f Komandan\u0131n \u0259traf\u0131nda d\u0259mir yumruq kimi birl\u0259\u015fib. Y\u00fcks\u0259k v\u0259t\u0259np\u0259rv\u0259rlik ruhuna malik on minl\u0259rl\u0259 g\u0259nc c\u0259bh\u0259y\u0259 k\u00f6n\u00fcll\u00fc getm\u0259k \u00fc\u00e7\u00fcn m\u00fcraci\u0259t etdil\u0259r. Ya\u015f\u0131ndan, pe\u015f\u0259sind\u0259n as\u0131l\u0131 olmayaraq h\u0259r bir Az\u0259rbaycan v\u0259t\u0259nda\u015f\u0131 torpaqlar\u0131m\u0131z\u0131n azad edilm\u0259si \u00fc\u00e7\u00fcn \u0259lind\u0259n g\u0259l\u0259ni etdi. T\u0259dbird\u0259 h\u0259m\u00e7inin qeyd olundu ki, V\u0259t\u0259n m\u00fcharib\u0259sind\u0259 nazirliyinin 140-a d\u0259k \u0259m\u0259kda\u015f\u0131 i\u015ftirak edib. H\u0259mkar\u0131m\u0131z As\u0259f N\u0259sibov is\u0259 \u015f\u0259hidlik zirv\u0259sin\u0259 ucal\u0131b.<\/p>\n<p>As\u0259f N\u0259sibov V\u0259t\u0259n m\u00fcharib\u0259sinin k\u00f6n\u00fcll\u00fc i\u015ftirak\u00e7\u0131s\u0131 olub, C\u0259bray\u0131l, Qubadl\u0131, La\u00e7\u0131n rayonlar\u0131n\u0131n i\u015f\u011faldan azad edilm\u0259sind\u0259 i\u015ftirak edib v\u0259 Qubadl\u0131-La\u00e7\u0131n istiqam\u0259tind\u0259 ged\u0259n d\u00f6y\u00fc\u015fl\u0259rd\u0259 \u015f\u0259hid olub. \u015e\u0259hid As\u0259f N\u0259sibovun atas\u0131 S\u0259f\u0259ral\u0131 N\u0259sibov \u015f\u0259hidl\u0259rin he\u00e7 vaxt unudulmad\u0131\u011f\u0131n\u0131, \u015f\u0259hid ail\u0259l\u0259rinin daim diqq\u0259t v\u0259 qay\u011f\u0131 il\u0259 \u0259hat\u0259 olundu\u011funu bildirib, q\u0259hr\u0259manlar\u0131m\u0131z\u0131n q\u00fcr\u00fcr yerimiz oldu\u011funu qeyd edib. T\u0259dbir \u00e7\u0259r\u00e7iv\u0259sind\u0259 \u015f\u0259hid As\u0259f N\u0259sibovun xatir\u0259sin\u0259 h\u0259sr edil\u0259n &#8220;Vaxts\u0131z solan \u00f6m\u00fcr&#8221; q\u0131sametrajl\u0131 filmi n\u00fcmayi\u015f etdirilib.<\/p>\n<p>&nbsp;<\/p>\n<p><iframe loading=\"lazy\" src=\"https:\/\/daytube.az\/az\/embed\/117381\" width=\"670\" height=\"400\" frameborder=\"0\" allowfullscreen=\"allowfullscreen\" data-mce-fragment=\"1\"><\/iframe><\/div>\n<p>&nbsp;<\/p>\n","protected":false},"excerpt":{"rendered":"<p>\u015e\u0259hidin an\u0131m g\u00fcn\u00fc ke\u00e7irilib, xatir\u0259 l\u00f6vh\u0259sinin a\u00e7\u0131l\u0131\u015f\u0131 olub &#8220;Sumqay\u0131t Kimya S\u0259naye Park\u0131&#8221; MMC-nin n\u0259zdind\u0259 Pe\u015f\u0259 T\u0259hsil M\u0259rk\u0259zinin inzibati binas\u0131nda Nazirliyin \u015f\u0259hid \u0259m\u0259kda\u015f\u0131 As\u0259f N\u0259sibovun an\u0131m g\u00fcn\u00fc ke\u00e7irilib, \u015f\u0259hidin xatir\u0259 l\u00f6vh\u0259sinin a\u00e7\u0131l\u0131\u015f\u0131 olub. \u018fvv\u0259lc\u0259 D\u00f6vl\u0259t Himni s\u0259sl\u0259ndirilib, sonra V\u0259t\u0259n u\u011frunda canlar\u0131ndan ke\u00e7\u0259n \u015f\u0259hidl\u0259rimizin xatir\u0259si bir d\u0259qiq\u0259lik s\u00fckutla yad edilib. T\u0259dbird\u0259 \u00e7\u0131x\u0131\u015f ed\u0259n \u0130qtisadiyyat nazirinin m\u00fcavini Niyazi S\u0259f\u0259rov, 44 g\u00fcnl\u00fck V\u0259t\u0259n m\u00fcharib\u0259sind\u0259 qazan\u0131lan q\u0259l\u0259b\u0259 n\u0259tic\u0259sind\u0259 torpaqlar\u0131m\u0131z\u0131n d\u00fc\u015fm\u0259n tapda\u011f\u0131ndan azad edildiyini bildirib. Nazir m\u00fcavini \u0259lav\u0259 edib ki, V\u0259t\u0259n m\u00fcharib\u0259sinin ba\u015fland\u0131\u011f\u0131 ilk anlardan etibar\u0259n Az\u0259rbaycan xalq\u0131 Ali Ba\u015f Komandan\u0131n \u0259traf\u0131nda d\u0259mir yumruq kimi birl\u0259\u015fib.&hellip;<\/p>\n","protected":false},"author":2,"featured_media":396408,"comment_status":"closed","ping_status":"closed","sticky":false,"template":"","format":"standard","meta":{"om_disable_all_campaigns":false,"_monsterinsights_skip_tracking":false,"_monsterinsights_sitenote_active":false,"_monsterinsights_sitenote_note":"","_monsterinsights_sitenote_category":0},"categories":[26],"tags":[],"aioseo_notices":[],"gutentor_comment":0,"rttpg_featured_image_url":{"full":["https:\/\/arantv.az\/wp-content\/uploads\/2021\/10\/991018.jpg",800,600,false],"landscape":["https:\/\/arantv.az\/wp-content\/uploads\/2021\/10\/991018.jpg",800,600,false],"portraits":["https:\/\/arantv.az\/wp-content\/uploads\/2021\/10\/991018.jpg",800,600,false],"thumbnail":["https:\/\/arantv.az\/wp-content\/uploads\/2021\/10\/991018-500x280.jpg",500,280,true],"medium":["https:\/\/arantv.az\/wp-content\/uploads\/2021\/10\/991018-487x365.jpg",487,365,true],"large":["https:\/\/arantv.az\/wp-content\/uploads\/2021\/10\/991018.jpg",640,480,false],"1536x1536":["https:\/\/arantv.az\/wp-content\/uploads\/2021\/10\/991018.jpg",800,600,false],"2048x2048":["https:\/\/arantv.az\/wp-content\/uploads\/2021\/10\/991018.jpg",800,600,false],"post-thumbnail":["https:\/\/arantv.az\/wp-content\/uploads\/2021\/10\/991018-240x172.jpg",240,172,true],"advps-thumb-one":["https:\/\/arantv.az\/wp-content\/uploads\/2021\/10\/991018.jpg",800,600,false]},"rttpg_author":{"display_name":"V\u00fcsal Rafiqo\u011flu","author_link":"https:\/\/arantv.az\/?author=2"},"rttpg_comment":0,"rttpg_category":"<a href=\"https:\/\/arantv.az\/?cat=26\" rel=\"category\">Sosial<\/a>","rttpg_excerpt":"\u015e\u0259hidin an\u0131m g\u00fcn\u00fc ke\u00e7irilib, xatir\u0259 l\u00f6vh\u0259sinin a\u00e7\u0131l\u0131\u015f\u0131 olub &#8220;Sumqay\u0131t Kimya S\u0259naye Park\u0131&#8221; MMC-nin n\u0259zdind\u0259 Pe\u015f\u0259 T\u0259hsil M\u0259rk\u0259zinin inzibati binas\u0131nda Nazirliyin \u015f\u0259hid \u0259m\u0259kda\u015f\u0131 As\u0259f N\u0259sibovun an\u0131m g\u00fcn\u00fc ke\u00e7irilib, \u015f\u0259hidin xatir\u0259 l\u00f6vh\u0259sinin a\u00e7\u0131l\u0131\u015f\u0131 olub. \u018fvv\u0259lc\u0259 D\u00f6vl\u0259t Himni s\u0259sl\u0259ndirilib, sonra V\u0259t\u0259n u\u011frunda canlar\u0131ndan ke\u00e7\u0259n \u015f\u0259hidl\u0259rimizin xatir\u0259si bir d\u0259qiq\u0259lik s\u00fckutla yad edilib. T\u0259dbird\u0259 \u00e7\u0131x\u0131\u015f ed\u0259n \u0130qtisadiyyat nazirinin m\u00fcavini Niyazi&hellip;","_links":{"self":[{"href":"https:\/\/arantv.az\/index.php?rest_route=\/wp\/v2\/posts\/396407"}],"collection":[{"href":"https:\/\/arantv.az\/index.php?rest_route=\/wp\/v2\/posts"}],"about":[{"href":"https:\/\/arantv.az\/index.php?rest_route=\/wp\/v2\/types\/post"}],"author":[{"embeddable":true,"href":"https:\/\/arantv.az\/index.php?rest_route=\/wp\/v2\/users\/2"}],"replies":[{"embeddable":true,"href":"https:\/\/arantv.az\/index.php?rest_route=%2Fwp%2Fv2%2Fcomments&post=396407"}],"version-history":[{"count":0,"href":"https:\/\/arantv.az\/index.php?rest_route=\/wp\/v2\/posts\/396407\/revisions"}],"wp:featuredmedia":[{"embeddable":true,"href":"https:\/\/arantv.az\/index.php?rest_route=\/wp\/v2\/media\/396408"}],"wp:attachment":[{"href":"https:\/\/arantv.az\/index.php?rest_route=%2Fwp%2Fv2%2Fmedia&parent=396407"}],"wp:term":[{"taxonomy":"category","embeddable":true,"href":"https:\/\/arantv.az\/index.php?rest_route=%2Fwp%2Fv2%2Fcategories&post=396407"},{"taxonomy":"post_tag","embeddable":true,"href":"https:\/\/arantv.az\/index.php?rest_route=%2Fwp%2Fv2%2Ftags&post=396407"}],"curies":[{"name":"wp","href":"https:\/\/api.w.org\/{rel}","templated":true}]}}