{"id":396410,"date":"2021-10-27T15:12:25","date_gmt":"2021-10-27T12:12:25","guid":{"rendered":"http:\/\/arantv.az\/?p=396410"},"modified":"2021-10-27T15:12:25","modified_gmt":"2021-10-27T12:12:25","slug":"z%c9%99ng%c9%99zur-d%c9%99hlizi-c%c9%99nubi-qafqazda-sulh-v%c9%99-inkisaf-vaxtidir-r%c9%99y","status":"publish","type":"post","link":"https:\/\/arantv.az\/?p=396410","title":{"rendered":"Z\u0259ng\u0259zur d\u0259hlizi: \u201cC\u0259nubi Qafqazda s\u00fclh v\u0259 inki\u015faf vaxt\u0131d\u0131r\u201d &#8211; R\u018fY"},"content":{"rendered":"<p>\u201cAz\u0259rbaycan Prezidenti \u0130lham \u018fliyev v\u0259 T\u00fcrkiy\u0259 Prezidenti R\u0259c\u0259b Tayyib \u018frdo\u011fan t\u0259r\u0259find\u0259n Z\u0259ng\u0259zur d\u0259hlizinin t\u0259m\u0259linin qoyulmas\u0131 n\u0259inki \u00f6lk\u0259miz, b\u00fct\u00fcn b\u00f6lg\u0259 xalqlar\u0131 \u00fc\u00e7\u00fcn tarixi g\u00fcnd\u00fcr\u201d.<\/p>\n<p>Bunu Oxu.Az-a a\u00e7\u0131qlamas\u0131nda Milli M\u0259clisin deputat\u0131 Nurlan H\u0259s\u0259nov deyib.<\/p>\n<p>Oktyabr\u0131n 26-da T\u00fcrkiy\u0259 lideri F\u00fczuliy\u0259, oradan da Z\u0259ngilana s\u0259f\u0259r edib. R.T.\u018frdo\u011fan F\u00fczuli Beyn\u0259lxalq Hava Liman\u0131n\u0131n a\u00e7\u0131l\u0131\u015f\u0131nda i\u015ftirak etdikd\u0259n sonra Z\u0259ng\u0259zur d\u0259hlizinin &#8211; Horadiz-C\u0259bray\u0131l-Z\u0259ngilan-A\u011fb\u0259nd avtomobil yolunun t\u0259m\u0259lqoyma m\u0259rasimind\u0259 i\u015ftirak edib.<\/p>\n<p>Nurlan H\u0259s\u0259nov hesab edir ki, C\u0259nubi Qafqaz\u0131n b\u00f6y\u00fck n\u0259qliyyat d\u0259hlizin\u0259 \u00e7evrilm\u0259si istiqam\u0259tind\u0259 h\u0259yata ke\u00e7iril\u0259c\u0259k bu layih\u0259d\u0259n h\u0259r k\u0259s faydalanacaq.<\/p>\n<p>\u201cD\u00fcnyada bu g\u00fcn s\u00fclh v\u0259 t\u0259hl\u00fck\u0259sizlik dedikd\u0259, sad\u0259c\u0259 m\u00fcasir silahlar, g\u00fccl\u00fc ordu v\u0259 ya g\u00fccl\u00fc m\u00fcdafi\u0259 mexanizml\u0259rin\u0259 sahib olmaq bar\u0259d\u0259 d\u00fc\u015f\u00fcnm\u0259m\u0259liyik\u201d, &#8211; dey\u0259 deputat \u0259lav\u0259 edib.<\/p>\n<p>Onun s\u00f6zl\u0259rin\u0259 g\u00f6r\u0259, s\u00fclh v\u0259 t\u0259hl\u00fck\u0259sizlik \u00fc\u00e7\u00fcn \u0259n g\u00fccl\u00fc t\u0259minatlardan biri d\u0259 a\u00e7\u0131q n\u0259qliyyat d\u0259hlizi, qar\u015f\u0131l\u0131ql\u0131 ticar\u0259tin olmas\u0131 v\u0259 n\u0259tic\u0259d\u0259 xalqlar\u0131n rifah i\u00e7\u0259risind\u0259 ya\u015famalar\u0131d\u0131r.<\/p>\n<p>\u201cZ\u0259ng\u0259zur layih\u0259sinin h\u0259d\u0259fi m\u0259hz budur. Art\u0131q C\u0259nubi Qafqazda s\u00fclh v\u0259 inki\u015faf vaxt\u0131d\u0131r\u201d, &#8211; dey\u0259 Nurlan H\u0259s\u0259nov fikrini yekunla\u015fd\u0131r\u0131b.<\/p>\n","protected":false},"excerpt":{"rendered":"<p>\u201cAz\u0259rbaycan Prezidenti \u0130lham \u018fliyev v\u0259 T\u00fcrkiy\u0259 Prezidenti R\u0259c\u0259b Tayyib \u018frdo\u011fan t\u0259r\u0259find\u0259n Z\u0259ng\u0259zur d\u0259hlizinin t\u0259m\u0259linin qoyulmas\u0131 n\u0259inki \u00f6lk\u0259miz, b\u00fct\u00fcn b\u00f6lg\u0259 xalqlar\u0131 \u00fc\u00e7\u00fcn tarixi g\u00fcnd\u00fcr\u201d. Bunu Oxu.Az-a a\u00e7\u0131qlamas\u0131nda Milli M\u0259clisin deputat\u0131 Nurlan H\u0259s\u0259nov deyib. Oktyabr\u0131n 26-da T\u00fcrkiy\u0259 lideri F\u00fczuliy\u0259, oradan da Z\u0259ngilana s\u0259f\u0259r edib. R.T.\u018frdo\u011fan F\u00fczuli Beyn\u0259lxalq Hava Liman\u0131n\u0131n a\u00e7\u0131l\u0131\u015f\u0131nda i\u015ftirak etdikd\u0259n sonra Z\u0259ng\u0259zur d\u0259hlizinin &#8211; Horadiz-C\u0259bray\u0131l-Z\u0259ngilan-A\u011fb\u0259nd avtomobil yolunun t\u0259m\u0259lqoyma m\u0259rasimind\u0259 i\u015ftirak edib. Nurlan H\u0259s\u0259nov hesab edir ki, C\u0259nubi Qafqaz\u0131n b\u00f6y\u00fck n\u0259qliyyat d\u0259hlizin\u0259 \u00e7evrilm\u0259si istiqam\u0259tind\u0259 h\u0259yata ke\u00e7iril\u0259c\u0259k bu layih\u0259d\u0259n h\u0259r k\u0259s faydalanacaq. \u201cD\u00fcnyada bu g\u00fcn s\u00fclh v\u0259 t\u0259hl\u00fck\u0259sizlik dedikd\u0259, sad\u0259c\u0259 m\u00fcasir silahlar,&hellip;<\/p>\n","protected":false},"author":2,"featured_media":396411,"comment_status":"closed","ping_status":"closed","sticky":false,"template":"","format":"standard","meta":{"om_disable_all_campaigns":false,"_monsterinsights_skip_tracking":false,"_monsterinsights_sitenote_active":false,"_monsterinsights_sitenote_note":"","_monsterinsights_sitenote_category":0},"categories":[4],"tags":[],"aioseo_notices":[],"gutentor_comment":0,"rttpg_featured_image_url":{"full":["https:\/\/arantv.az\/wp-content\/uploads\/2021\/10\/1635246569992542840_1000x669.jpg",620,409,false],"landscape":["https:\/\/arantv.az\/wp-content\/uploads\/2021\/10\/1635246569992542840_1000x669.jpg",620,409,false],"portraits":["https:\/\/arantv.az\/wp-content\/uploads\/2021\/10\/1635246569992542840_1000x669.jpg",620,409,false],"thumbnail":["https:\/\/arantv.az\/wp-content\/uploads\/2021\/10\/1635246569992542840_1000x669-500x280.jpg",500,280,true],"medium":["https:\/\/arantv.az\/wp-content\/uploads\/2021\/10\/1635246569992542840_1000x669-553x365.jpg",553,365,true],"large":["https:\/\/arantv.az\/wp-content\/uploads\/2021\/10\/1635246569992542840_1000x669.jpg",620,409,false],"1536x1536":["https:\/\/arantv.az\/wp-content\/uploads\/2021\/10\/1635246569992542840_1000x669.jpg",620,409,false],"2048x2048":["https:\/\/arantv.az\/wp-content\/uploads\/2021\/10\/1635246569992542840_1000x669.jpg",620,409,false],"post-thumbnail":["https:\/\/arantv.az\/wp-content\/uploads\/2021\/10\/1635246569992542840_1000x669-240x172.jpg",240,172,true],"advps-thumb-one":["https:\/\/arantv.az\/wp-content\/uploads\/2021\/10\/1635246569992542840_1000x669.jpg",620,409,false]},"rttpg_author":{"display_name":"V\u00fcsal Rafiqo\u011flu","author_link":"https:\/\/arantv.az\/?author=2"},"rttpg_comment":0,"rttpg_category":"<a href=\"https:\/\/arantv.az\/?cat=4\" rel=\"category\">Siyas\u0259t<\/a>","rttpg_excerpt":"\u201cAz\u0259rbaycan Prezidenti \u0130lham \u018fliyev v\u0259 T\u00fcrkiy\u0259 Prezidenti R\u0259c\u0259b Tayyib \u018frdo\u011fan t\u0259r\u0259find\u0259n Z\u0259ng\u0259zur d\u0259hlizinin t\u0259m\u0259linin qoyulmas\u0131 n\u0259inki \u00f6lk\u0259miz, b\u00fct\u00fcn b\u00f6lg\u0259 xalqlar\u0131 \u00fc\u00e7\u00fcn tarixi g\u00fcnd\u00fcr\u201d. Bunu Oxu.Az-a a\u00e7\u0131qlamas\u0131nda Milli M\u0259clisin deputat\u0131 Nurlan H\u0259s\u0259nov deyib. Oktyabr\u0131n 26-da T\u00fcrkiy\u0259 lideri F\u00fczuliy\u0259, oradan da Z\u0259ngilana s\u0259f\u0259r edib. R.T.\u018frdo\u011fan F\u00fczuli Beyn\u0259lxalq Hava Liman\u0131n\u0131n a\u00e7\u0131l\u0131\u015f\u0131nda i\u015ftirak etdikd\u0259n sonra Z\u0259ng\u0259zur d\u0259hlizinin &#8211; Horadiz-C\u0259bray\u0131l-Z\u0259ngilan-A\u011fb\u0259nd&hellip;","_links":{"self":[{"href":"https:\/\/arantv.az\/index.php?rest_route=\/wp\/v2\/posts\/396410"}],"collection":[{"href":"https:\/\/arantv.az\/index.php?rest_route=\/wp\/v2\/posts"}],"about":[{"href":"https:\/\/arantv.az\/index.php?rest_route=\/wp\/v2\/types\/post"}],"author":[{"embeddable":true,"href":"https:\/\/arantv.az\/index.php?rest_route=\/wp\/v2\/users\/2"}],"replies":[{"embeddable":true,"href":"https:\/\/arantv.az\/index.php?rest_route=%2Fwp%2Fv2%2Fcomments&post=396410"}],"version-history":[{"count":0,"href":"https:\/\/arantv.az\/index.php?rest_route=\/wp\/v2\/posts\/396410\/revisions"}],"wp:featuredmedia":[{"embeddable":true,"href":"https:\/\/arantv.az\/index.php?rest_route=\/wp\/v2\/media\/396411"}],"wp:attachment":[{"href":"https:\/\/arantv.az\/index.php?rest_route=%2Fwp%2Fv2%2Fmedia&parent=396410"}],"wp:term":[{"taxonomy":"category","embeddable":true,"href":"https:\/\/arantv.az\/index.php?rest_route=%2Fwp%2Fv2%2Fcategories&post=396410"},{"taxonomy":"post_tag","embeddable":true,"href":"https:\/\/arantv.az\/index.php?rest_route=%2Fwp%2Fv2%2Ftags&post=396410"}],"curies":[{"name":"wp","href":"https:\/\/api.w.org\/{rel}","templated":true}]}}