{"id":396419,"date":"2021-10-27T15:17:37","date_gmt":"2021-10-27T12:17:37","guid":{"rendered":"http:\/\/arantv.az\/?p=396419"},"modified":"2021-10-27T15:17:37","modified_gmt":"2021-10-27T12:17:37","slug":"s%c9%99hid-m%c9%99zari-basinda-yad-edildi-video","status":"publish","type":"post","link":"https:\/\/arantv.az\/?p=396419","title":{"rendered":"\u015e\u0259hid m\u0259zar\u0131 ba\u015f\u0131nda yad edildi &#8211; V\u0130DEO"},"content":{"rendered":"<div class=\"article_text\">\n<blockquote><p><strong>Bu g\u00fcn V\u0259t\u0259n m\u00fcharib\u0259si \u015f\u0259hidi V\u00fcsal \u015eirinovun an\u0131m g\u00fcn\u00fcd\u00fcr<\/strong><\/p><\/blockquote>\n<p>Bu g\u00fcn V\u0259t\u0259n M\u00fcharib\u0259sind\u0259 \u015f\u0259had\u0259t\u0259 y\u00fcks\u0259l\u0259n \u015eirinov V\u00fcsal Novruz o\u011flunun an\u0131m g\u00fcn\u00fcd\u00fcr. 2002-ci ild\u0259 Qusar\u0131n L\u0259g\u0259rq\u0131\u015flaq k\u0259ndind\u0259 anadan olan V\u00fcsal h\u0259l\u0259 u\u015faq ya\u015flar\u0131ndan v\u0259t\u0259np\u0259rv\u0259rliyi il\u0259 se\u00e7ilib. h\u0259tda ki\u00e7ik olanda yax\u0131nlar\u0131na g\u00fcn g\u0259l\u0259c\u0259k torpaqlar\u0131 i\u015f\u011faldan azad ed\u0259c\u0259y\u0259m dey\u0259 s\u00f6z d\u0259 verib.<\/p>\n<p>V\u0259t\u0259n m\u00fcharib\u0259si ba\u015flayan zaman h\u0259rbi xidm\u0259td\u0259 olan V\u00fcsal ilk g\u00fcnd\u0259n d\u00f6y\u00fc\u015fl\u0259r\u0259 qat\u0131l\u0131b. Torpaqlar\u0131m\u0131z\u0131n i\u015f\u011faldan azad olunmas\u0131nda b\u00f6y\u00fck \u015f\u00fcca\u0259t g\u00f6st\u0259r\u0259n g\u0259nc q\u0259hr\u0259man F\u00fczuli u\u011frunda ged\u0259n a\u011f\u0131r d\u00f6y\u00fc\u015fd\u0259 \u015f\u0259had\u0259t\u0259 y\u00fcks\u0259lib.<\/p>\n<p>G\u0259nc ya\u015f\u0131nda \u015f\u0259had\u0259ti il\u0259 tarix yazan q\u0259hr\u0259manla bu g\u00fcn t\u0259k yax\u0131nlar\u0131 deyil, onu tan\u0131yan h\u0259r k\u0259s q\u00fcrur duyur.<\/p>\n<p>Bu g\u00fcn \u015f\u0259had\u0259tind\u0259n bir il \u00f6t\u0259n \u015f\u0259hid V\u00fcsal \u015eirinov yax\u0131nlar\u0131 v\u0259 Qusar rayon icra hakimiyy\u0259tinin n\u00fcmay\u0259nd\u0259l\u0259ri t\u0259r\u0259find\u0259n m\u0259zar\u0131 ba\u015f\u0131nda yad edildi. \u015e\u0259hidin m\u0259zar\u0131 \u00f6n\u00fcn\u0259 g\u00fcll\u0259r d\u00fcz\u00fcld\u00fc, ruhuna dualar oxundu. Qusar rayon icra hakimiyy\u0259ti ba\u015f\u00e7\u0131s\u0131n\u0131n birinci m\u00fcavini \u015eahid F\u0259r\u0259m\u0259zov qeyd etdi ki, torpaqlar\u0131m\u0131z\u0131n \u0259razi b\u00fct\u00f6vl\u00fcy\u00fc u\u011frunda ged\u0259n m\u00fcbariz\u0259 zaman\u0131 105 n\u0259f\u0259r qusarl\u0131 \u015f\u0259hid olub. Onlardan 68 n\u0259f\u0259ri birinci Qaraba\u011f, 37 n\u0259f\u0259ri is\u0259 V\u0259t\u0259n M\u00fcharib\u0259sind\u0259 \u015f\u0259had\u0259t\u0259 y\u00fcks\u0259lib. Torpaqlar\u0131m\u0131z\u0131n azadl\u0131\u011f\u0131 namin\u0259 can\u0131ndan ke\u00e7\u0259n q\u0259hr\u0259man \u015f\u0259hidl\u0259r h\u0259r zaman xalq\u0131m\u0131z\u0131n q\u0259lbind\u0259 ya\u015fayacaq. Onu da qeyd ed\u0259k ki, d\u00f6y\u00fc\u015fl\u0259rd\u0259 g\u00f6st\u0259rdiyi s\u00fcca\u0259tin\u0259 g\u00f6r\u0259, V\u00fcsal \u015eirinov V\u0259t\u0259n u\u011frunda, F\u00fczuli v\u0259 Xocav\u0259ndin azad olunmas\u0131na g\u00f6r\u0259 medallar\u0131 il\u0259 t\u0259ltif edilib.<\/p>\n<p>&nbsp;<\/p>\n<div>\n<div id=\"AdviadNativeVideo0\" class=\"AdviadNativeVideo\"><\/div>\n<\/div>\n<p><iframe loading=\"lazy\" src=\"https:\/\/daytube.az\/az\/embed\/117382\" width=\"670\" height=\"400\" frameborder=\"0\" allowfullscreen=\"allowfullscreen\" data-mce-fragment=\"1\"><\/iframe><\/div>\n<p>&nbsp;<\/p>\n","protected":false},"excerpt":{"rendered":"<p>Bu g\u00fcn V\u0259t\u0259n m\u00fcharib\u0259si \u015f\u0259hidi V\u00fcsal \u015eirinovun an\u0131m g\u00fcn\u00fcd\u00fcr Bu g\u00fcn V\u0259t\u0259n M\u00fcharib\u0259sind\u0259 \u015f\u0259had\u0259t\u0259 y\u00fcks\u0259l\u0259n \u015eirinov V\u00fcsal Novruz o\u011flunun an\u0131m g\u00fcn\u00fcd\u00fcr. 2002-ci ild\u0259 Qusar\u0131n L\u0259g\u0259rq\u0131\u015flaq k\u0259ndind\u0259 anadan olan V\u00fcsal h\u0259l\u0259 u\u015faq ya\u015flar\u0131ndan v\u0259t\u0259np\u0259rv\u0259rliyi il\u0259 se\u00e7ilib. h\u0259tda ki\u00e7ik olanda yax\u0131nlar\u0131na g\u00fcn g\u0259l\u0259c\u0259k torpaqlar\u0131 i\u015f\u011faldan azad ed\u0259c\u0259y\u0259m dey\u0259 s\u00f6z d\u0259 verib. V\u0259t\u0259n m\u00fcharib\u0259si ba\u015flayan zaman h\u0259rbi xidm\u0259td\u0259 olan V\u00fcsal ilk g\u00fcnd\u0259n d\u00f6y\u00fc\u015fl\u0259r\u0259 qat\u0131l\u0131b. Torpaqlar\u0131m\u0131z\u0131n i\u015f\u011faldan azad olunmas\u0131nda b\u00f6y\u00fck \u015f\u00fcca\u0259t g\u00f6st\u0259r\u0259n g\u0259nc q\u0259hr\u0259man F\u00fczuli u\u011frunda ged\u0259n a\u011f\u0131r d\u00f6y\u00fc\u015fd\u0259 \u015f\u0259had\u0259t\u0259 y\u00fcks\u0259lib. G\u0259nc ya\u015f\u0131nda \u015f\u0259had\u0259ti il\u0259 tarix yazan q\u0259hr\u0259manla bu g\u00fcn t\u0259k yax\u0131nlar\u0131 deyil, onu&hellip;<\/p>\n","protected":false},"author":2,"featured_media":396420,"comment_status":"closed","ping_status":"closed","sticky":false,"template":"","format":"standard","meta":{"om_disable_all_campaigns":false,"_monsterinsights_skip_tracking":false,"_monsterinsights_sitenote_active":false,"_monsterinsights_sitenote_note":"","_monsterinsights_sitenote_category":0},"categories":[26],"tags":[],"aioseo_notices":[],"gutentor_comment":0,"rttpg_featured_image_url":{"full":["https:\/\/arantv.az\/wp-content\/uploads\/2021\/10\/991021.jpg",800,600,false],"landscape":["https:\/\/arantv.az\/wp-content\/uploads\/2021\/10\/991021.jpg",800,600,false],"portraits":["https:\/\/arantv.az\/wp-content\/uploads\/2021\/10\/991021.jpg",800,600,false],"thumbnail":["https:\/\/arantv.az\/wp-content\/uploads\/2021\/10\/991021-500x280.jpg",500,280,true],"medium":["https:\/\/arantv.az\/wp-content\/uploads\/2021\/10\/991021-487x365.jpg",487,365,true],"large":["https:\/\/arantv.az\/wp-content\/uploads\/2021\/10\/991021.jpg",640,480,false],"1536x1536":["https:\/\/arantv.az\/wp-content\/uploads\/2021\/10\/991021.jpg",800,600,false],"2048x2048":["https:\/\/arantv.az\/wp-content\/uploads\/2021\/10\/991021.jpg",800,600,false],"post-thumbnail":["https:\/\/arantv.az\/wp-content\/uploads\/2021\/10\/991021-240x172.jpg",240,172,true],"advps-thumb-one":["https:\/\/arantv.az\/wp-content\/uploads\/2021\/10\/991021.jpg",800,600,false]},"rttpg_author":{"display_name":"V\u00fcsal Rafiqo\u011flu","author_link":"https:\/\/arantv.az\/?author=2"},"rttpg_comment":0,"rttpg_category":"<a href=\"https:\/\/arantv.az\/?cat=26\" rel=\"category\">Sosial<\/a>","rttpg_excerpt":"Bu g\u00fcn V\u0259t\u0259n m\u00fcharib\u0259si \u015f\u0259hidi V\u00fcsal \u015eirinovun an\u0131m g\u00fcn\u00fcd\u00fcr Bu g\u00fcn V\u0259t\u0259n M\u00fcharib\u0259sind\u0259 \u015f\u0259had\u0259t\u0259 y\u00fcks\u0259l\u0259n \u015eirinov V\u00fcsal Novruz o\u011flunun an\u0131m g\u00fcn\u00fcd\u00fcr. 2002-ci ild\u0259 Qusar\u0131n L\u0259g\u0259rq\u0131\u015flaq k\u0259ndind\u0259 anadan olan V\u00fcsal h\u0259l\u0259 u\u015faq ya\u015flar\u0131ndan v\u0259t\u0259np\u0259rv\u0259rliyi il\u0259 se\u00e7ilib. h\u0259tda ki\u00e7ik olanda yax\u0131nlar\u0131na g\u00fcn g\u0259l\u0259c\u0259k torpaqlar\u0131 i\u015f\u011faldan azad ed\u0259c\u0259y\u0259m dey\u0259 s\u00f6z d\u0259 verib. V\u0259t\u0259n m\u00fcharib\u0259si ba\u015flayan zaman h\u0259rbi xidm\u0259td\u0259&hellip;","_links":{"self":[{"href":"https:\/\/arantv.az\/index.php?rest_route=\/wp\/v2\/posts\/396419"}],"collection":[{"href":"https:\/\/arantv.az\/index.php?rest_route=\/wp\/v2\/posts"}],"about":[{"href":"https:\/\/arantv.az\/index.php?rest_route=\/wp\/v2\/types\/post"}],"author":[{"embeddable":true,"href":"https:\/\/arantv.az\/index.php?rest_route=\/wp\/v2\/users\/2"}],"replies":[{"embeddable":true,"href":"https:\/\/arantv.az\/index.php?rest_route=%2Fwp%2Fv2%2Fcomments&post=396419"}],"version-history":[{"count":0,"href":"https:\/\/arantv.az\/index.php?rest_route=\/wp\/v2\/posts\/396419\/revisions"}],"wp:featuredmedia":[{"embeddable":true,"href":"https:\/\/arantv.az\/index.php?rest_route=\/wp\/v2\/media\/396420"}],"wp:attachment":[{"href":"https:\/\/arantv.az\/index.php?rest_route=%2Fwp%2Fv2%2Fmedia&parent=396419"}],"wp:term":[{"taxonomy":"category","embeddable":true,"href":"https:\/\/arantv.az\/index.php?rest_route=%2Fwp%2Fv2%2Fcategories&post=396419"},{"taxonomy":"post_tag","embeddable":true,"href":"https:\/\/arantv.az\/index.php?rest_route=%2Fwp%2Fv2%2Ftags&post=396419"}],"curies":[{"name":"wp","href":"https:\/\/api.w.org\/{rel}","templated":true}]}}