{"id":396431,"date":"2021-10-27T15:32:59","date_gmt":"2021-10-27T12:32:59","guid":{"rendered":"http:\/\/arantv.az\/?p=396431"},"modified":"2021-10-27T15:32:59","modified_gmt":"2021-10-27T12:32:59","slug":"az%c9%99rbaycanin-v%c9%99-turkiy%c9%99nin-ortaq-media-tarixind%c9%99n-b%c9%99hs-ed%c9%99n-kitab-n%c9%99sr-edildi-foto","status":"publish","type":"post","link":"https:\/\/arantv.az\/?p=396431","title":{"rendered":"Az\u0259rbaycan\u0131n v\u0259 T\u00fcrkiy\u0259nin ortaq media tarixind\u0259n b\u0259hs ed\u0259n kitab n\u0259\u015fr edildi &#8211; FOTO"},"content":{"rendered":"<p>T\u00fcrkiy\u0259 v\u0259 Az\u0259rbaycan\u0131n d\u00f6vl\u0259t x\u0259b\u0259r agentlikl\u0259rind\u0259n, ortaq media tarixind\u0259n b\u0259hs ed\u0259n yeni n\u0259\u015fr i\u015f\u0131q \u00fcz\u00fc g\u00f6r\u00fcb.<\/p>\n<p>\u201cDiqq\u0259t! X\u0259b\u0259r\u00a0var!\u201d adl\u0131 monoqrafik kitab d\u00fcnya x\u0259b\u0259r agentlikl\u0259rinin i\u015f\u00a0prinsipl\u0259rind\u0259n, x\u0259b\u0259r agentlikl\u0259rinin yaranmas\u0131 v\u0259 ictimai r\u0259y\u0259 olan t\u0259sirl\u0259rind\u0259n, Az\u0259rbaycan v\u0259 T\u00fcrkiy\u0259nin ortaq media tarixind\u0259n v\u0259 h\u0259r iki qarda\u015f \u00f6lk\u0259 medias\u0131n\u0131n incisi hesab olunan AZ\u018fRTAC v\u0259 \u201cAnadolu\u201d\u00a0d\u00f6vl\u0259t x\u0259b\u0259r agentlikl\u0259rinin m\u00fcxt\u0259lif prosesl\u0259rd\u0259ki informasiya siyas\u0259tind\u0259n, informasiya il\u0259 davran\u0131\u015flar\u0131ndan b\u0259hs edir.<\/p>\n<p>\u201cDiqq\u0259t! X\u0259b\u0259r\u00a0var!\u201d monoqrafik kitab\u0131n m\u00fc\u0259llifi, jurnalist\u00a0\u018ffs\u0259l\u0259ddin A\u011falarovun s\u00f6zl\u0259rin\u0259 g\u00f6r\u0259, n\u0259\u015frd\u0259 t\u0259kc\u0259 x\u0259b\u0259r agentlikl\u0259rinin f\u0259aliyy\u0259t istiqam\u0259tl\u0259ri n\u0259z\u0259ri olaraq deyil, h\u0259m d\u0259 \u201cAnadolu\u201d\u00a0v\u0259 AZ\u018fRTAC n\u00fcmun\u0259l\u0259ri \u00fcz\u0259rind\u0259n d\u00fcnyada ba\u015f ver\u0259n \u00fc\u00e7\u00a0\u0259sas hadis\u0259 zaman\u0131 informasiya il\u0259 praktik davran\u0131\u015flar\u0131 ara\u015fd\u0131rma \u00fcsulu il\u0259 \u00f6z\u00fcnd\u0259 \u0259ks\u00a0etdirir:<\/p>\n<div id=\"AdviadNativeVideo0\" class=\"AdviadNativeVideo\"><\/div>\n<p>\u201cKitab g\u0259nc jurnalistl\u0259r \u00fc\u00e7\u00fcn haz\u0131rlanm\u0131\u015f ayd\u0131n v\u0259 lakonik dili il\u0259 se\u00e7il\u0259 bil\u0259c\u0259k bir n\u0259\u015frdir. Kitabda d\u00f6vl\u0259t x\u0259b\u0259r agentliyinin d\u00f6vl\u0259tl\u0259r \u00fc\u00e7\u00fcn \u00f6n\u0259mi v\u0259 bu \u00f6n\u0259min praktik t\u0259cr\u00fcb\u0259si izah olunur. \u0130ki qarda\u015f \u00f6lk\u0259nin d\u00f6vl\u0259t x\u0259b\u0259r agentlikl\u0259ri m\u00fcxt\u0259lif hadis\u0259l\u0259r\u0259 yana\u015fmas\u0131nda d\u00f6vl\u0259tl\u0259rin h\u0259min hadis\u0259y\u0259 olan bax\u0131\u015f\u0131 v\u0259 siyasi m\u00f6vqeyi \u0259sas g\u00f6t\u00fcr\u00fcl\u00fcr. M\u0259s\u0259l\u0259n, \u201cBrexit\u201d\u00a0prosesind\u0259 AZ\u018fRTAC v\u0259 \u201cAnadolu\u201d hans\u0131 duru\u015fu s\u0259rgil\u0259yir? V\u0259 ya AB\u015e-da ke\u00e7iril\u0259n prezident se\u00e7kil\u0259rind\u0259 agentlikl\u0259r f\u0259aliyy\u0259tini nec\u0259 qurub? Bu suallar\u0131n cavab\u0131n\u0131 m\u00fcxt\u0259lif \u00fcsullarla &#8211;\u00a0qar\u015f\u0131la\u015fd\u0131rma (m\u00fcqayis\u0259) v\u0259 deduksiya \u00fcsulu il\u0259 tapmaq m\u00fcmk\u00fcn olacaq\u201d.<\/p>\n<p>&nbsp;<\/p>\n<div class=\"gallery\">\n<div class=\"gallery-i\"><img src=\"https:\/\/cdn.oxu.az\/uploads\/W1siZiIsIjIwMjEvMTAvMjcvMTYvMjEvMjcvODYwMWI5OWMtNWJkOS00MDVlLThlMGQtMmU4MGM4Y2ZmYWJlLzE2MzUzMzI1ODJfeWVuaS1raXRhYi5qcGciXSxbInAiLCJlbmNvZGUiLCJqcGciLCItcXVhbGl0eSA4MCJdLFsicCIsInRodW1iIiwiNTkweDU5MFx1MDAzZSJdXQ?sha=f9cb421cdeee96f1\" \/><\/p>\n<div class=\"gallery-i-caption\"><\/div>\n<\/div>\n<\/div>\n<p>M\u00fc\u0259llif Az\u0259rbaycan v\u0259 T\u00fcrkiy\u0259nin ortaq media tarixind\u0259 v\u0259 bu g\u00fcn\u00fcnd\u0259 d\u00f6vl\u0259t x\u0259b\u0259r agentlikl\u0259rinin \u00f6n\u0259mini vur\u011fulay\u0131b:<\/p>\n<p>\u201cHaz\u0131rda iki qarda\u015f \u00f6lk\u0259nin &#8211; Az\u0259rbaycan v\u0259 T\u00fcrkiy\u0259nin h\u0259r sah\u0259d\u0259 oldu\u011fu kimi, media sferas\u0131nda da ortaq \u0259m\u0259kda\u015fl\u0131qlar\u0131n\u0131n qurulmas\u0131, ortaq media platformas\u0131n\u0131n yarad\u0131lmas\u0131 \u00fc\u00e7\u00fcn m\u00fcnt\u0259z\u0259m v\u0259 m\u0259ntiqli i\u015fl\u0259r qurulur. Bu i\u015fd\u0259 akademik \u0259m\u0259kda\u015fl\u0131qlar\u0131n art\u0131r\u0131lmas\u0131 vacibdir. Kitab\u0131m\u0131z Az\u0259rbaycanda t\u0259hsil alan g\u0259nc jurnalistl\u0259r \u00fc\u00e7\u00fcn m\u0259hz bu aspektd\u0259n \u00f6n\u0259mli istinad m\u0259nb\u0259si olacaq v\u0259 istifad\u0259 ed\u0259c\u0259kl\u0259ri geni\u015f ara\u015fd\u0131rmalarla z\u0259ngin \u201ccib\u201d kitab\u00e7as\u0131 rolunu oynayacaq. D\u00fc\u015f\u00fcn\u00fcr\u0259m ki, yax\u0131n g\u0259l\u0259c\u0259kd\u0259 bu c\u00fcr n\u0259\u015frl\u0259rin art\u0131r\u0131lmas\u0131 Az\u0259rbaycan v\u0259 T\u00fcrkiy\u0259nin media sferas\u0131nda tarixi ba\u011fl\u0131l\u0131qlar\u0131 yenid\u0259n g\u00fcnd\u0259m\u0259 g\u0259tir\u0259c\u0259k v\u0259 g\u0259l\u0259c\u0259k \u00fc\u00e7\u00fcn g\u00f6r\u00fcl\u0259c\u0259k i\u015fl\u0259rd\u0259 \u00f6n\u0259mli mayak rolunu oynayacaq\u201d.<\/p>\n<p>\u018f.A\u011falarov \u201cDiqq\u0259t! X\u0259b\u0259r\u00a0var!\u201d monoqrafik kitab\u0131n\u0131n G\u0259ncl\u0259r Fondu t\u0259r\u0259find\u0259n n\u0259\u015fr edildiyini v\u0259 yax\u0131n g\u00fcnl\u0259rd\u0259 t\u0259qdim edil\u0259c\u0259yini, g\u0259ncl\u0259r \u00fc\u00e7\u00fcn is\u0259 \u00f6d\u0259ni\u015fsiz olaraq paylan\u0131laca\u011f\u0131n\u0131 qeyd edib.<\/p>\n<p>Qeyd ed\u0259k ki, m\u00fc\u0259llif \u018ffs\u0259l\u0259ddin A\u011falarov Bak\u0131 D\u00f6vl\u0259t Universitetinin Jurnalistika\u00a0fak\u00fclt\u0259sind\u0259 bakalavr, T\u00fcrkiy\u0259nin Marmara Universitetinin\u00a0\u201c\u0130leti\u015fim\u201d fak\u00fclt\u0259sind\u0259 \u201cMedia \u0130qtisadiyyat\u0131 v\u0259 \u0130dar\u0259edilm\u0259si\u201d b\u00f6l\u00fcm\u00fcnd\u0259 magistr t\u0259hsili al\u0131b. O, \u201cAzxeber.com\u201d informasiya portal\u0131n\u0131n t\u0259sis\u00e7il\u0259rind\u0259n biri olmaqla yana\u015f\u0131, haz\u0131rda s\u00f6z\u00fcged\u0259n informasiya resursunda ba\u015f direktor v\u0259zif\u0259sini icra edir.<\/p>\n","protected":false},"excerpt":{"rendered":"<p>T\u00fcrkiy\u0259 v\u0259 Az\u0259rbaycan\u0131n d\u00f6vl\u0259t x\u0259b\u0259r agentlikl\u0259rind\u0259n, ortaq media tarixind\u0259n b\u0259hs ed\u0259n yeni n\u0259\u015fr i\u015f\u0131q \u00fcz\u00fc g\u00f6r\u00fcb. \u201cDiqq\u0259t! X\u0259b\u0259r\u00a0var!\u201d adl\u0131 monoqrafik kitab d\u00fcnya x\u0259b\u0259r agentlikl\u0259rinin i\u015f\u00a0prinsipl\u0259rind\u0259n, x\u0259b\u0259r agentlikl\u0259rinin yaranmas\u0131 v\u0259 ictimai r\u0259y\u0259 olan t\u0259sirl\u0259rind\u0259n, Az\u0259rbaycan v\u0259 T\u00fcrkiy\u0259nin ortaq media tarixind\u0259n v\u0259 h\u0259r iki qarda\u015f \u00f6lk\u0259 medias\u0131n\u0131n incisi hesab olunan AZ\u018fRTAC v\u0259 \u201cAnadolu\u201d\u00a0d\u00f6vl\u0259t x\u0259b\u0259r agentlikl\u0259rinin m\u00fcxt\u0259lif prosesl\u0259rd\u0259ki informasiya siyas\u0259tind\u0259n, informasiya il\u0259 davran\u0131\u015flar\u0131ndan b\u0259hs edir. \u201cDiqq\u0259t! X\u0259b\u0259r\u00a0var!\u201d monoqrafik kitab\u0131n m\u00fc\u0259llifi, jurnalist\u00a0\u018ffs\u0259l\u0259ddin A\u011falarovun s\u00f6zl\u0259rin\u0259 g\u00f6r\u0259, n\u0259\u015frd\u0259 t\u0259kc\u0259 x\u0259b\u0259r agentlikl\u0259rinin f\u0259aliyy\u0259t istiqam\u0259tl\u0259ri n\u0259z\u0259ri olaraq deyil, h\u0259m d\u0259 \u201cAnadolu\u201d\u00a0v\u0259 AZ\u018fRTAC n\u00fcmun\u0259l\u0259ri \u00fcz\u0259rind\u0259n d\u00fcnyada ba\u015f ver\u0259n \u00fc\u00e7\u00a0\u0259sas&hellip;<\/p>\n","protected":false},"author":2,"featured_media":396432,"comment_status":"closed","ping_status":"closed","sticky":false,"template":"","format":"standard","meta":{"om_disable_all_campaigns":false,"_monsterinsights_skip_tracking":false,"_monsterinsights_sitenote_active":false,"_monsterinsights_sitenote_note":"","_monsterinsights_sitenote_category":0},"categories":[26],"tags":[],"aioseo_notices":[],"gutentor_comment":0,"rttpg_featured_image_url":{"full":["https:\/\/arantv.az\/wp-content\/uploads\/2021\/10\/FotoJet-2021-10-27T161929.945.jpg",620,413,false],"landscape":["https:\/\/arantv.az\/wp-content\/uploads\/2021\/10\/FotoJet-2021-10-27T161929.945.jpg",620,413,false],"portraits":["https:\/\/arantv.az\/wp-content\/uploads\/2021\/10\/FotoJet-2021-10-27T161929.945.jpg",620,413,false],"thumbnail":["https:\/\/arantv.az\/wp-content\/uploads\/2021\/10\/FotoJet-2021-10-27T161929.945-500x280.jpg",500,280,true],"medium":["https:\/\/arantv.az\/wp-content\/uploads\/2021\/10\/FotoJet-2021-10-27T161929.945-548x365.jpg",548,365,true],"large":["https:\/\/arantv.az\/wp-content\/uploads\/2021\/10\/FotoJet-2021-10-27T161929.945.jpg",620,413,false],"1536x1536":["https:\/\/arantv.az\/wp-content\/uploads\/2021\/10\/FotoJet-2021-10-27T161929.945.jpg",620,413,false],"2048x2048":["https:\/\/arantv.az\/wp-content\/uploads\/2021\/10\/FotoJet-2021-10-27T161929.945.jpg",620,413,false],"post-thumbnail":["https:\/\/arantv.az\/wp-content\/uploads\/2021\/10\/FotoJet-2021-10-27T161929.945-240x172.jpg",240,172,true],"advps-thumb-one":["https:\/\/arantv.az\/wp-content\/uploads\/2021\/10\/FotoJet-2021-10-27T161929.945.jpg",620,413,false]},"rttpg_author":{"display_name":"V\u00fcsal Rafiqo\u011flu","author_link":"https:\/\/arantv.az\/?author=2"},"rttpg_comment":0,"rttpg_category":"<a href=\"https:\/\/arantv.az\/?cat=26\" rel=\"category\">Sosial<\/a>","rttpg_excerpt":"T\u00fcrkiy\u0259 v\u0259 Az\u0259rbaycan\u0131n d\u00f6vl\u0259t x\u0259b\u0259r agentlikl\u0259rind\u0259n, ortaq media tarixind\u0259n b\u0259hs ed\u0259n yeni n\u0259\u015fr i\u015f\u0131q \u00fcz\u00fc g\u00f6r\u00fcb. \u201cDiqq\u0259t! X\u0259b\u0259r\u00a0var!\u201d adl\u0131 monoqrafik kitab d\u00fcnya x\u0259b\u0259r agentlikl\u0259rinin i\u015f\u00a0prinsipl\u0259rind\u0259n, x\u0259b\u0259r agentlikl\u0259rinin yaranmas\u0131 v\u0259 ictimai r\u0259y\u0259 olan t\u0259sirl\u0259rind\u0259n, Az\u0259rbaycan v\u0259 T\u00fcrkiy\u0259nin ortaq media tarixind\u0259n v\u0259 h\u0259r iki qarda\u015f \u00f6lk\u0259 medias\u0131n\u0131n incisi hesab olunan AZ\u018fRTAC v\u0259 \u201cAnadolu\u201d\u00a0d\u00f6vl\u0259t x\u0259b\u0259r agentlikl\u0259rinin m\u00fcxt\u0259lif prosesl\u0259rd\u0259ki&hellip;","_links":{"self":[{"href":"https:\/\/arantv.az\/index.php?rest_route=\/wp\/v2\/posts\/396431"}],"collection":[{"href":"https:\/\/arantv.az\/index.php?rest_route=\/wp\/v2\/posts"}],"about":[{"href":"https:\/\/arantv.az\/index.php?rest_route=\/wp\/v2\/types\/post"}],"author":[{"embeddable":true,"href":"https:\/\/arantv.az\/index.php?rest_route=\/wp\/v2\/users\/2"}],"replies":[{"embeddable":true,"href":"https:\/\/arantv.az\/index.php?rest_route=%2Fwp%2Fv2%2Fcomments&post=396431"}],"version-history":[{"count":0,"href":"https:\/\/arantv.az\/index.php?rest_route=\/wp\/v2\/posts\/396431\/revisions"}],"wp:featuredmedia":[{"embeddable":true,"href":"https:\/\/arantv.az\/index.php?rest_route=\/wp\/v2\/media\/396432"}],"wp:attachment":[{"href":"https:\/\/arantv.az\/index.php?rest_route=%2Fwp%2Fv2%2Fmedia&parent=396431"}],"wp:term":[{"taxonomy":"category","embeddable":true,"href":"https:\/\/arantv.az\/index.php?rest_route=%2Fwp%2Fv2%2Fcategories&post=396431"},{"taxonomy":"post_tag","embeddable":true,"href":"https:\/\/arantv.az\/index.php?rest_route=%2Fwp%2Fv2%2Ftags&post=396431"}],"curies":[{"name":"wp","href":"https:\/\/api.w.org\/{rel}","templated":true}]}}