{"id":396445,"date":"2021-10-27T16:08:21","date_gmt":"2021-10-27T13:08:21","guid":{"rendered":"http:\/\/arantv.az\/?p=396445"},"modified":"2021-10-27T16:08:21","modified_gmt":"2021-10-27T13:08:21","slug":"vuqar-r%c9%99himzad%c9%99-dunyaya-unvanlanan-birlik-h%c9%99mr%c9%99ylik-qardasliq-mesaji","status":"publish","type":"post","link":"https:\/\/arantv.az\/?p=396445","title":{"rendered":"V\u00fcqar R\u0259himzad\u0259: D\u00fcnyaya \u00fcnvanlanan birlik, h\u0259mr\u0259ylik, qarda\u015fl\u0131q mesaj\u0131"},"content":{"rendered":"<p><em><strong>T\u00fcrkiy\u0259 v\u0259 Az\u0259rbaycan b\u00fct\u00fcn d\u00fcnyada prinsipial, c\u0259sar\u0259tli, d\u00fc\u015f\u00fcn\u00fclm\u00fc\u015f siyas\u0259t y\u00fcr\u00fcd\u0259n \u00f6lk\u0259l\u0259r kimi tan\u0131n\u0131rlar<\/strong><\/em><\/p>\n<p>\u00abM\u00f6hk\u0259m t\u0259m\u0259l\u0259, \u0259n \u0259sas\u0131 beyn\u0259lxalq h\u00fcququn norma v\u0259 prinsipl\u0259rin\u0259 \u0259saslanan\u00a0 m\u00fcnasib\u0259tl\u0259r daim y\u00fcks\u0259l\u0259n x\u0259tl\u0259 inki\u015faf edir, yeni-yeni prioritetl\u0259rin m\u00fc\u0259yy\u0259nl\u0259\u015fdirilm\u0259sin\u0259 stimul olur. Bu g\u00fcn d\u00fcnyaya\u00a0 n\u00fcmun\u0259 olan \u00a0T\u00fcrkiy\u0259-Az\u0259rbaycan dostlu\u011fu, qarda\u015fl\u0131\u011f\u0131 m\u0259hz bu prinsipl\u0259r\u0259 \u0259saslan\u0131r. Art\u0131q bu \u0259laq\u0259l\u0259r m\u00fctt\u0259fiqlik s\u0259viyy\u0259sin\u0259 y\u00fcks\u0259lib. Bu m\u00fct\u0259ffiqlik s\u0259n\u0259din\u0259 \u015fahidlik ed\u0259n\u00a0 Qaraba\u011f\u0131n tac\u0131, musiqi be\u015fiyimiz \u015eu\u015fa oldu. Bu ilin \u00a015 iyununda- Milli Qurtulu\u015f G\u00fcn\u00fcnd\u0259\u00a0 bu unikal \u015f\u0259h\u0259rd\u0259 \u00a0T\u00fcrkiy\u0259 v\u0259 Az\u0259rbaycan bayraqlar\u0131n\u0131n yan-yana \u00a0dal\u011falanmas\u0131 fonunda d\u00fcnyaya \u00fcnvanlanan birlik, h\u0259mr\u0259ylik, qarda\u015fl\u0131q mesaj\u0131 olan\u00a0 \u015eu\u015fa B\u0259yannam\u0259sind\u0259 \u00f6z \u0259ksini tapm\u0131\u015fd\u0131r. Bu s\u0259n\u0259d iki dost \u00f6lk\u0259nin m\u00fcnasib\u0259tl\u0259rind\u0259 yeni m\u0259rh\u0259l\u0259nin \u0259sas\u0131 oldu. D\u00f6vl\u0259t ba\u015f\u00e7\u0131s\u0131 \u0130lham \u018fliyev Z\u0259ngilan\u0131n A\u011fal\u0131 k\u0259ndind\u0259 m\u0259tbuata b\u0259yanat\u0131nda da bu m\u0259qama, bu \u00a0\u00a0tarixi hadis\u0259y\u0259 x\u00fcsusi diqq\u0259t y\u00f6n\u0259ld\u0259r\u0259k bildirdi ki, \u015eu\u015fa \u015f\u0259h\u0259rind\u0259 imzalanan \u015eu\u015fa B\u0259yannam\u0259si tarixi s\u0259n\u0259ddir. Bu B\u0259yannam\u0259 bizim \u0259laq\u0259l\u0259rimizi r\u0259sm\u0259n m\u00fctt\u0259fiqlik s\u0259viyy\u0259sin\u0259 qald\u0131rm\u0131\u015fd\u0131r.\u00bb<\/p>\n<p><em><strong>Bu fikirl\u0259ri Yeni Az\u0259rbaycan Partiyas\u0131 (YAP) X\u0259tai rayon t\u0259\u015fkilat\u0131n\u0131n s\u0259dri, siyasi elml\u0259r doktoru V\u00fcqar R\u0259himzad\u0259 K\u0130V-\u0259 a\u00e7\u0131qlamas\u0131nda bildirib.<\/strong><\/em><\/p>\n<p>V.R\u0259himzad\u0259 qeyd edib ki, T\u00fcrkiy\u0259 Prezidenti R\u0259c\u0259b Tayyib \u018frdo\u011fan\u0131n i\u015f\u011faldan azad edilmi\u015f\u00a0 torpaqlar\u0131m\u0131za ikinci s\u0259f\u0259ri haz\u0131rda\u00a0 b\u00fct\u00fcn \u00a0d\u00fcnyan\u0131n diqq\u0259tind\u0259 olan m\u00fch\u00fcm siyasi hadis\u0259dir: \u00abBu s\u0259f\u0259r bir daha g\u00f6st\u0259rir ki,\u00a0 44 g\u00fcnl\u00fck \u0130kinci Qaraba\u011f m\u00fcharib\u0259sind\u0259 qarda\u015f T\u00fcrkiy\u0259nin Az\u0259rbaycana siyasi v\u0259 m\u0259n\u0259vi d\u0259st\u0259yi il\u0259 tarixi Q\u0259l\u0259b\u0259miz\u0259 \u0259ld\u0259 olunmas\u0131na nec\u0259 \u00a0nail olduqsa, bu g\u00fcn d\u0259 Prezident R\u0259c\u0259b Tayyib \u018frdo\u011fan \u00a0i\u015f\u011faldan azad edilmi\u015f \u0259razi\u0259rimiz\u0259 s\u0259f\u0259ri il\u0259\u00a0 soyda\u015flar\u0131m\u0131z\u0131n\u00a0 B\u00f6y\u00fck Qay\u0131d\u0131\u015f\u0131na y\u00f6n\u0259l\u0259n add\u0131mlar\u0131n realla\u015fmas\u0131na \u00f6z t\u00f6hf\u0259l\u0259rini verm\u0259k ist\u0259yini n\u00fcmayi\u015f etdirir. Prezident \u0130lham \u018fliyevin qeyd etdiyi kimi, bu g\u00fcn regional m\u0259s\u0259l\u0259l\u0259rd\u0259, h\u0259tta d\u00fcnya \u00e7ap\u0131nda T\u00fcrkiy\u0259 v\u0259 Az\u0259rbaycan \u0259m\u0259kda\u015fl\u0131\u011f\u0131, qarda\u015fl\u0131\u011f\u0131 \u00f6n\u0259mli amil\u0259 \u00e7evrilib. T\u00fcrkiy\u0259 R\u0259c\u0259b Tayyib \u018frdo\u011fan\u0131n \u00a0liderliyi il\u0259 art\u0131q d\u00fcnya \u00e7ap\u0131nda b\u00f6y\u00fck g\u00fcc\u0259 \u00e7evrilib v\u0259 he\u00e7 kim T\u00fcrkiy\u0259y\u0259 \u00f6z irad\u0259sini dikt\u0259 ed\u0259 bilm\u0259z.\u00a0 \u00d6z milli l\u0259yaq\u0259tini,\u00a0 xalq\u0131n\u0131n, d\u00f6vl\u0259tinin maraqlar\u0131n\u0131, q\u00fcrurunu qoruyan v\u0259 m\u00fcdafi\u0259 ed\u0259n Lider bu g\u00fcn\u00a0 Az\u0259rbaycandad\u0131r, Z\u0259ngilandad\u0131r, A\u011fal\u0131dad\u0131r.\u00a0 B\u00fct\u00fcn t\u00fcrk d\u00fcnyas\u0131 \u00fc\u00e7\u00fcn R\u0259c\u0259b Tayyib \u018frdo\u011fan faktoru \u0259n \u00f6n\u0259mli amill\u0259rd\u0259n biridir.\u00bb<\/p>\n<p>\u00abQarda\u015f \u00f6lk\u0259nin Prezidentinin s\u0259f\u0259ri \u00a0Az\u0259rbaycan-T\u00fcrkiy\u0259 sars\u0131lmaz birliyinin \u0259yani t\u0259zah\u00fcr\u00fc,\u00a0 d\u00f6vl\u0259tl\u0259rimiz \u00a0aras\u0131nda dostlu\u011fun, \u0259m\u0259kda\u015fl\u0131\u011f\u0131n \u00a0regional v\u0259 d\u00fcnya miqyas\u0131nda \u00f6n\u0259mli amil\u0259 \u00e7evrilm\u0259sinin g\u00f6st\u0259ricisidir\u00bb s\u00f6yl\u0259y\u0259n YAP X\u0259tai rayon t\u0259\u015fkilat\u0131n\u0131n s\u0259dri\u00a0 bildirib ki, \u00a0d\u00fcnyada dil v\u0259 etnik bax\u0131mdan bir-birin\u0259 yax\u0131n \u00f6lk\u0259l\u0259rin \u00e7oxlu\u011fu fonunda Az\u0259rbaycan-T\u00fcrkiy\u0259 birliyi n\u00fcmun\u0259vi xarakter da\u015f\u0131y\u0131r: \u00abPrezidentl\u0259r \u00a0\u0130lham \u018fliyevin v\u0259\u00a0 R\u0259c\u0259b Tayyib \u018frdo\u011fan\u0131n dostlu\u011fu v\u0259 liderliyi yaln\u0131z \u00a0iki \u00f6lk\u0259nin\u00a0 m\u00fcnasib\u0259tl\u0259rind\u0259 deyil, regionda v\u0259 d\u00fcnyada c\u0259r\u0259yan ed\u0259n prosesl\u0259r\u0259 t\u0259sirind\u0259 d\u0259 \u00f6z\u00fcn\u00fc g\u00f6st\u0259rir. \u00a0H\u0259r iki Lider \u00f6z \u0259m\u0259li f\u0259aliyy\u0259tl\u0259ri il\u0259 milli maraqlar\u0131 h\u0259r \u015feyd\u0259n \u00fcst\u00fcn tutduqlar\u0131n\u0131 v\u0259 q\u0259tiyy\u0259tl\u0259 qoruduqlar\u0131n\u0131 n\u00fcmayi\u015f etdirirl\u0259r. Bu g\u00fcn \u00f6z liderl\u0259rinin say\u0259sind\u0259 T\u00fcrkiy\u0259 v\u0259 Az\u0259rbaycan b\u00f6y\u00fck u\u011furlar qazan\u0131r, \u00a0b\u00fct\u00fcn d\u00fcnyada prinsipial, c\u0259sar\u0259tli, d\u00fc\u015f\u00fcn\u00fclm\u00fc\u015f siyas\u0259t y\u00fcr\u00fcd\u0259n \u00f6lk\u0259l\u0259r kimi tan\u0131n\u0131r v\u0259 q\u0259bul edilirl\u0259r.\u00bb<\/p>\n<p>V\u00fcqar R\u0259himzad\u0259 diqq\u0259ti Az\u0259rbaycan\u0131n \u00a0g\u0259l\u0259n ay\u00a0 T\u00fcrk \u015euras\u0131nda s\u0259drliyini T\u00fcrkiy\u0259y\u0259 t\u0259hvil ver\u0259c\u0259yin\u0259\u00a0 y\u00f6n\u0259ld\u0259r\u0259k bildirib ki, iki qarda\u015f \u00f6lk\u0259nin birg\u0259 s\u0259yl\u0259ri n\u0259tic\u0259sind\u0259 reall\u0131\u011fa \u00e7evril\u0259n layih\u0259l\u0259r, ir\u0259li s\u00fcr\u00fcl\u0259n t\u0259\u015f\u0259bb\u00fcsl\u0259r b\u00fct\u00fcn t\u00fcrk d\u00fcnyas\u0131n\u0131n birliyin\u0259, h\u0259mr\u0259yliyin\u0259 xidm\u0259t edir: \u00abBuna \u0259min olmaq \u00fc\u00e7\u00fcn t\u0259kc\u0259 son ill\u0259r\u00a0 \u00a0d\u00fcnyan\u0131 c\u0259ngin\u0259 alm\u0131\u015f\u00a0 koronavirus infeksiyas\u0131na qar\u015f\u0131 m\u00fcbariz\u0259 t\u0259dbirl\u0259rin\u0259 ba\u015fland\u0131\u011f\u0131 vaxtlarda Az\u0259rbaycan\u0131n \u00a0d\u00fcnyaya etdiyi birlik, h\u0259mr\u0259ylik \u00e7a\u011f\u0131r\u0131\u015flar\u0131na diqq\u0259t yetirm\u0259k kifay\u0259tdir. Bu t\u0259\u015f\u0259bb\u00fcsl\u0259r\u00a0 beyn\u0259lxalq d\u0259st\u0259k qazanaraq reall\u0131\u011fa \u00e7evrildi. Bel\u0259 ki, \u00f6nc\u0259 t\u00fcrk d\u00fcnyas\u0131n\u0131n birliyin\u0259, h\u0259mr\u0259yliyin\u0259 nail olmaq \u00fc\u00e7\u00fcn T\u00fcrk \u015euras\u0131n\u0131n Zirv\u0259 g\u00f6r\u00fc\u015f\u00fcn\u00fcn ke\u00e7irilm\u0259si t\u0259\u015f\u0259bb\u00fcs\u00fc il\u0259 \u00e7\u0131x\u0131\u015f edib onu reall\u0131\u011fa \u00e7evir\u0259n Az\u0259rbaycan daha \u00a0sonra d\u00fcnyan\u0131 bir araya g\u0259tirdi.\u00a0 \u00d6lk\u0259mizin T\u00fcrk \u015euras\u0131nda f\u0259aliyy\u0259ti, \u0259n \u0259sas\u0131 bu t\u0259\u015fkilata \u00a0s\u0259drliyi d\u00f6vr\u00fcnd\u0259 atd\u0131\u011f\u0131 add\u0131mlar daim t\u0259qdir olunub. S\u0259drliyin T\u00fcrkiy\u0259 kimi q\u00fcdr\u0259tli, beyn\u0259lxalq h\u00fcququ v\u0259 \u0259dal\u0259ti \u00a0m\u00fcdafi\u0259 ed\u0259n bir d\u00f6vl\u0259t\u0259\u00a0\u00a0 t\u0259hvil verilm\u0259si t\u0259bii ki, h\u0259d\u0259fl\u0259rin reall\u0131\u011fa \u00e7evrilm\u0259sin\u0259 b\u00f6y\u00fck d\u0259st\u0259kdir. \u00a0Beyn\u0259lxalq h\u00fcququn zamana v\u0259 m\u0259kana\u00a0 g\u00f6r\u0259 t\u0259tbiq olundu\u011fu, d\u00fcnyan\u0131n \u0259ks\u0259r \u00f6lk\u0259l\u0259ri aras\u0131nda etimad \u00a0m\u00fchitinin qorunmad\u0131\u011f\u0131 bir \u00a0zamanda Az\u0259rbaycan-T\u00fcrkiy\u0259 birilyinin y\u00fcks\u0259l\u0259n x\u0259tl\u0259 inki\u015faf\u0131, h\u0259m\u00e7inin T\u00fcrk \u015euras\u0131na s\u0259drliyin iki qarda\u015f \u00f6lk\u0259d\u0259n bir-birin\u0259 t\u0259hlvil verilm\u0259si olduqca \u0259h\u0259miyy\u0259tlidir. D\u00f6vl\u0259t ba\u015f\u00e7\u0131s\u0131 \u0130lham \u018fliyev bu \u0259minliyi ifad\u0259 edir ki,\u00a0 T\u00fcrkiy\u0259 \u0259ziz qarda\u015f\u0131m\u0131n r\u0259hb\u0259rliyi il\u0259 \u015euraya u\u011furlu s\u0259drlik ed\u0259c\u0259k. T\u00fcrk d\u00f6vl\u0259tl\u0259ri aras\u0131ndak\u0131 \u0259m\u0259kda\u015fl\u0131q v\u0259 qarda\u015fl\u0131q \u0259laq\u0259l\u0259ri daha da g\u00fccl\u0259n\u0259c\u0259k, bel\u0259likl\u0259, b\u00fct\u00fcn t\u00fcrk d\u00fcnyas\u0131 \u00fc\u00e7\u00fcn yeni imkanlar a\u00e7\u0131lacaq.\u00bb<\/p>\n<p>YAP X\u0259tai rayon t\u0259\u015fkilat\u0131n\u0131n s\u0259dri \u00a0\u00a0diqq\u0259ti h\u0259yata ke\u00e7iril\u0259n m\u00fcst\u0259qil v\u0259 q\u0259tiyy\u0259tli siyas\u0259t n\u0259tic\u0259sind\u0259 T\u00fcrkiy\u0259nin qlobal g\u00fcc amilin\u0259 \u00e7evrilm\u0259sin\u0259, \u00a0T\u00fcrkiy\u0259 Prezidentinin BMT-d\u0259 ikili standart\u0131 t\u0259nqid ed\u0259rk\u0259n s\u00f6yl\u0259diyi \u00abD\u00fcnya 5-d\u0259n b\u00f6y\u00fckd\u00fcr\u201d fikrin\u0259 y\u00f6n\u0259ld\u0259r\u0259k Az\u0259rbaycan\u0131n 30 illik i\u015f\u011fal d\u00f6vr\u00fcnd\u0259 m\u00fcnaqi\u015f\u0259nin h\u0259llind\u0259 vasit\u0259\u00e7ilik missiyas\u0131n\u0131 yerin\u0259 yetir\u0259n \u00a0\u00a0AT\u018fT-in Minsk qrupu h\u0259ms\u0259drl\u0259rinin, \u0259n \u0259sas\u0131 BMT T\u0259hl\u00fck\u0259sizlik \u015euras\u0131n\u0131n be\u015f daimi \u00fczv\u00fcnd\u0259n \u00fc\u00e7\u00fcn\u00fcn \u2013 Rusiya, AB\u015e v\u0259 Fransan\u0131n Erm\u0259nistana havadarl\u011f\u0131n\u0131n sonda hans\u0131\u00a0 v\u0259ziyy\u0259t\u0259 g\u0259tirib \u00e7\u0131xarmas\u0131ndan b\u0259hs edib: \u00ab30 il imitasiya namin\u0259 dan\u0131\u015f\u0131qlara d\u0259st\u0259k olmaq m\u00fcnaqi\u015f\u0259nin h\u0259lli prosesinin uzanmas\u0131 il\u0259 Erm\u0259nistan\u0131n yeni \u0259razil\u0259r u\u011frunda m\u00fcharib\u0259 planlar\u0131na yol a\u00e7d\u0131. \u00a0Erm\u0259nistan silahl\u0131 q\u00fcvv\u0259l\u0259rinin \u00f6t\u0259n ilin sentyabr\u0131n 27-d\u0259 m\u00fcxt\u0259lif istiqam\u0259tl\u0259rd\u0259n h\u00fccumlar\u0131n\u0131n qar\u015f\u0131s\u0131n\u0131 \u00a0almaq \u00fc\u00e7\u00fcn Z\u0259f\u0259r y\u00fcr\u00fc\u015f\u00fcn\u0259 ba\u015flayan Az\u0259rbayan Ordusu d\u00f6vl\u0259t ba\u015f\u00e7\u0131s\u0131, M\u00fcz\u0259ff\u0259r Ali Ba\u015f Komandan \u00a0\u0130lham \u018fliyevin q\u0259tiyy\u0259ti say\u0259sind\u0259\u00a0 tarixi Q\u0259l\u0259b\u0259y\u0259 imza atd\u0131. Hadis\u0259l\u0259r bir daha bu\u00a0 reall\u0131\u011f\u0131 t\u0259sdiql\u0259di ki, beyn\u0259lxalq m\u00fcnasib\u0259tl\u0259rd\u0259 g\u00fcc v\u0259 h\u00fcquq\u00a0 \u0259sas amildir. Az\u0259rbaycan\u0131n\u00a0 g\u00fcc\u00fc, q\u00fcdr\u0259ti, \u0259n \u0259sas\u0131 m\u00fcst\u0259qil siyas\u0259ti h\u0259r bir u\u011furunun \u0259sas\u0131d\u0131r.\u00a0\u00a0 \u0130st\u0259r Az\u0259rbaycan\u0131n, ist\u0259rs\u0259 d\u0259 qarda\u015f T\u00fcrkiy\u0259nin timsal\u0131nda bu fikri x\u00fcsusi qeyd ed\u0259 bil\u0259rik ki,\u00a0 d\u00fcnya h\u0259qiq\u0259t\u0259n d\u0259 be\u015fd\u0259n b\u00f6y\u00fckd\u00fcr.\u00bb<\/p>\n","protected":false},"excerpt":{"rendered":"<p>T\u00fcrkiy\u0259 v\u0259 Az\u0259rbaycan b\u00fct\u00fcn d\u00fcnyada prinsipial, c\u0259sar\u0259tli, d\u00fc\u015f\u00fcn\u00fclm\u00fc\u015f siyas\u0259t y\u00fcr\u00fcd\u0259n \u00f6lk\u0259l\u0259r kimi tan\u0131n\u0131rlar \u00abM\u00f6hk\u0259m t\u0259m\u0259l\u0259, \u0259n \u0259sas\u0131 beyn\u0259lxalq h\u00fcququn norma v\u0259 prinsipl\u0259rin\u0259 \u0259saslanan\u00a0 m\u00fcnasib\u0259tl\u0259r daim y\u00fcks\u0259l\u0259n x\u0259tl\u0259 inki\u015faf edir, yeni-yeni prioritetl\u0259rin m\u00fc\u0259yy\u0259nl\u0259\u015fdirilm\u0259sin\u0259 stimul olur. Bu g\u00fcn d\u00fcnyaya\u00a0 n\u00fcmun\u0259 olan \u00a0T\u00fcrkiy\u0259-Az\u0259rbaycan dostlu\u011fu, qarda\u015fl\u0131\u011f\u0131 m\u0259hz bu prinsipl\u0259r\u0259 \u0259saslan\u0131r. Art\u0131q bu \u0259laq\u0259l\u0259r m\u00fctt\u0259fiqlik s\u0259viyy\u0259sin\u0259 y\u00fcks\u0259lib. Bu m\u00fct\u0259ffiqlik s\u0259n\u0259din\u0259 \u015fahidlik ed\u0259n\u00a0 Qaraba\u011f\u0131n tac\u0131, musiqi be\u015fiyimiz \u015eu\u015fa oldu. Bu ilin \u00a015 iyununda- Milli Qurtulu\u015f G\u00fcn\u00fcnd\u0259\u00a0 bu unikal \u015f\u0259h\u0259rd\u0259 \u00a0T\u00fcrkiy\u0259 v\u0259 Az\u0259rbaycan bayraqlar\u0131n\u0131n yan-yana \u00a0dal\u011falanmas\u0131 fonunda d\u00fcnyaya \u00fcnvanlanan birlik, h\u0259mr\u0259ylik, qarda\u015fl\u0131q mesaj\u0131 olan\u00a0 \u015eu\u015fa B\u0259yannam\u0259sind\u0259 \u00f6z&hellip;<\/p>\n","protected":false},"author":2,"featured_media":396446,"comment_status":"closed","ping_status":"closed","sticky":false,"template":"","format":"standard","meta":{"om_disable_all_campaigns":false,"_monsterinsights_skip_tracking":false,"_monsterinsights_sitenote_active":false,"_monsterinsights_sitenote_note":"","_monsterinsights_sitenote_category":0},"categories":[4],"tags":[],"aioseo_notices":[],"gutentor_comment":0,"rttpg_featured_image_url":{"full":["https:\/\/arantv.az\/wp-content\/uploads\/2021\/10\/bdb6920a159178118174866699910063716-2.jpg",975,540,false],"landscape":["https:\/\/arantv.az\/wp-content\/uploads\/2021\/10\/bdb6920a159178118174866699910063716-2.jpg",975,540,false],"portraits":["https:\/\/arantv.az\/wp-content\/uploads\/2021\/10\/bdb6920a159178118174866699910063716-2.jpg",975,540,false],"thumbnail":["https:\/\/arantv.az\/wp-content\/uploads\/2021\/10\/bdb6920a159178118174866699910063716-2-500x280.jpg",500,280,true],"medium":["https:\/\/arantv.az\/wp-content\/uploads\/2021\/10\/bdb6920a159178118174866699910063716-2-660x365.jpg",660,365,true],"large":["https:\/\/arantv.az\/wp-content\/uploads\/2021\/10\/bdb6920a159178118174866699910063716-2-840x465.jpg",640,354,true],"1536x1536":["https:\/\/arantv.az\/wp-content\/uploads\/2021\/10\/bdb6920a159178118174866699910063716-2.jpg",975,540,false],"2048x2048":["https:\/\/arantv.az\/wp-content\/uploads\/2021\/10\/bdb6920a159178118174866699910063716-2.jpg",975,540,false],"post-thumbnail":["https:\/\/arantv.az\/wp-content\/uploads\/2021\/10\/bdb6920a159178118174866699910063716-2-240x172.jpg",240,172,true],"advps-thumb-one":["https:\/\/arantv.az\/wp-content\/uploads\/2021\/10\/bdb6920a159178118174866699910063716-2.jpg",975,540,false]},"rttpg_author":{"display_name":"V\u00fcsal Rafiqo\u011flu","author_link":"https:\/\/arantv.az\/?author=2"},"rttpg_comment":0,"rttpg_category":"<a href=\"https:\/\/arantv.az\/?cat=4\" rel=\"category\">Siyas\u0259t<\/a>","rttpg_excerpt":"T\u00fcrkiy\u0259 v\u0259 Az\u0259rbaycan b\u00fct\u00fcn d\u00fcnyada prinsipial, c\u0259sar\u0259tli, d\u00fc\u015f\u00fcn\u00fclm\u00fc\u015f siyas\u0259t y\u00fcr\u00fcd\u0259n \u00f6lk\u0259l\u0259r kimi tan\u0131n\u0131rlar \u00abM\u00f6hk\u0259m t\u0259m\u0259l\u0259, \u0259n \u0259sas\u0131 beyn\u0259lxalq h\u00fcququn norma v\u0259 prinsipl\u0259rin\u0259 \u0259saslanan\u00a0 m\u00fcnasib\u0259tl\u0259r daim y\u00fcks\u0259l\u0259n x\u0259tl\u0259 inki\u015faf edir, yeni-yeni prioritetl\u0259rin m\u00fc\u0259yy\u0259nl\u0259\u015fdirilm\u0259sin\u0259 stimul olur. Bu g\u00fcn d\u00fcnyaya\u00a0 n\u00fcmun\u0259 olan \u00a0T\u00fcrkiy\u0259-Az\u0259rbaycan dostlu\u011fu, qarda\u015fl\u0131\u011f\u0131 m\u0259hz bu prinsipl\u0259r\u0259 \u0259saslan\u0131r. Art\u0131q bu \u0259laq\u0259l\u0259r m\u00fctt\u0259fiqlik s\u0259viyy\u0259sin\u0259 y\u00fcks\u0259lib. Bu m\u00fct\u0259ffiqlik s\u0259n\u0259din\u0259&hellip;","_links":{"self":[{"href":"https:\/\/arantv.az\/index.php?rest_route=\/wp\/v2\/posts\/396445"}],"collection":[{"href":"https:\/\/arantv.az\/index.php?rest_route=\/wp\/v2\/posts"}],"about":[{"href":"https:\/\/arantv.az\/index.php?rest_route=\/wp\/v2\/types\/post"}],"author":[{"embeddable":true,"href":"https:\/\/arantv.az\/index.php?rest_route=\/wp\/v2\/users\/2"}],"replies":[{"embeddable":true,"href":"https:\/\/arantv.az\/index.php?rest_route=%2Fwp%2Fv2%2Fcomments&post=396445"}],"version-history":[{"count":0,"href":"https:\/\/arantv.az\/index.php?rest_route=\/wp\/v2\/posts\/396445\/revisions"}],"wp:featuredmedia":[{"embeddable":true,"href":"https:\/\/arantv.az\/index.php?rest_route=\/wp\/v2\/media\/396446"}],"wp:attachment":[{"href":"https:\/\/arantv.az\/index.php?rest_route=%2Fwp%2Fv2%2Fmedia&parent=396445"}],"wp:term":[{"taxonomy":"category","embeddable":true,"href":"https:\/\/arantv.az\/index.php?rest_route=%2Fwp%2Fv2%2Fcategories&post=396445"},{"taxonomy":"post_tag","embeddable":true,"href":"https:\/\/arantv.az\/index.php?rest_route=%2Fwp%2Fv2%2Ftags&post=396445"}],"curies":[{"name":"wp","href":"https:\/\/api.w.org\/{rel}","templated":true}]}}