{"id":396654,"date":"2021-10-28T11:25:16","date_gmt":"2021-10-28T08:25:16","guid":{"rendered":"http:\/\/arantv.az\/?p=396654"},"modified":"2021-10-28T11:25:16","modified_gmt":"2021-10-28T08:25:16","slug":"dogum-gunu-olan-s%c9%99hidl%c9%99r-foto-18","status":"publish","type":"post","link":"https:\/\/arantv.az\/?p=396654","title":{"rendered":"Do\u011fum g\u00fcn\u00fc olan \u015f\u0259hidl\u0259r &#8211; FOTO"},"content":{"rendered":"<p>V\u0259t\u0259n m\u00fcharib\u0259si zaman\u0131 d\u00f6y\u00fc\u015f tap\u015f\u0131r\u0131qlar\u0131n\u0131 u\u011furla yerin\u0259 yetir\u0259r\u0259k torpaqlar\u0131m\u0131z\u0131n i\u015f\u011faldan azad olunmas\u0131nda \u0259v\u0259zsiz xidm\u0259t g\u00f6st\u0259r\u0259n alt\u0131 \u015f\u0259hidimizin bu g\u00fcn do\u011fum g\u00fcn\u00fcd\u00fcr.<\/p>\n<p><b>ARANTV.AZ <\/b>V\u0259t\u0259n m\u00fcharib\u0259si \u015f\u0259hidl\u0259rinin \u0259ziz xatir\u0259sini d\u0259rin h\u00f6rm\u0259t v\u0259 ehtiramla yad edir.<\/p>\n<p><strong>MAHHXHQ ba\u015f \u00e7avu\u015f H\u00fcseynov M\u0259h\u0259mm\u0259d Alik o\u011flu<\/strong>\u00a01993-c\u00fc ild\u0259 Beyl\u0259qan rayonu Bahar q\u0259s\u0259b\u0259sind\u0259 anadan olub. \u018fsl\u0259n C\u0259bray\u0131ldan olan \u015f\u0259hidimiz S\u0259rdar \u0130mr\u0259liyev ad\u0131na Bahar k\u0259nd tam orta m\u0259kt\u0259bini bitirdikd\u0259n sonra Daxili \u0130\u015fl\u0259r Nazirliyinin Daxili Qo\u015funlar\u0131n\u0131n X\u00fcsusi T\u0259yinatl\u0131 D\u0259st\u0259sind\u0259 (XTD) m\u00fcdd\u0259tli h\u0259qiqi h\u0259rbi xidm\u0259t ke\u00e7ib.<\/p>\n<div id=\"AdviadNativeVideo0\" class=\"AdviadNativeVideo\"><\/div>\n<p>Daha sonra XTD-d\u0259 m\u00fcdd\u0259td\u0259n art\u0131q h\u0259qiqi h\u0259rbi xidm\u0259t h\u0259rbi qulluq\u00e7u kimi xidm\u0259tini davam etdirib. M.H\u00fcseynov T\u00fcrkiy\u0259d\u0259 6 ayl\u0131q x\u00fcsusi t\u0259yinatl\u0131lar\u0131n kursunu ke\u00e7ib, para\u015f\u00fctl\u0259 atlama, \u0259lb\u0259yaxa d\u00f6y\u00fc\u015f v\u0259 sualt\u0131 dal\u011f\u0131c kurslar\u0131nda y\u00fcks\u0259k m\u0259har\u0259t g\u00f6st\u0259r\u0259r\u0259k f\u0259rql\u0259nm\u0259 diplomlar\u0131 il\u0259 t\u0259ltif edilib.<\/p>\n<p>V\u0259t\u0259n m\u00fcharib\u0259sind\u0259 Murovda\u011f silsil\u0259sind\u0259 ged\u0259n d\u00f6y\u00fc\u015fl\u0259rd\u0259 i\u015ftirak ed\u0259n x\u00fcsusi t\u0259yinatl\u0131 M.H\u00fcseynov Murov zirv\u0259si azad edildikd\u0259n sonra \u00f6z do\u011fma yurdu olan C\u0259bray\u0131l rayonu istiqam\u0259tind\u0259 ged\u0259n d\u00f6y\u00fc\u015fl\u0259r\u0259 qo\u015fulub.<\/p>\n<p>8 oktyabrda C\u0259bray\u0131l rayonu \u0259razisind\u0259 ged\u0259n d\u00f6y\u00fc\u015fl\u0259r zaman\u0131 q\u0259hr\u0259mancas\u0131na \u015f\u0259hidlik zirv\u0259sin\u0259 ucal\u0131b.<\/p>\n<p>Prezident \u0130lham \u018fliyevin m\u00fcvafiq s\u0259r\u0259ncamlar\u0131na \u0259sas\u0259n, \u201cV\u0259t\u0259n u\u011frunda\u201d, \u201cC\u0259bray\u0131l\u0131n azad olunmas\u0131na g\u00f6r\u0259\u201d, \u201cK\u0259lb\u0259c\u0259rin azad olunmas\u0131na g\u00f6r\u0259\u201d medallar\u0131 il\u0259 t\u0259ltif edilib.<\/p>\n<p><img src=\"https:\/\/cdn.oxu.az\/uploads\/W1siZiIsIjIwMjEvMTAvMjcvMTcvNDUvMzQvMDE2YWJjZDItODZiMS00NDM2LWEwMmYtNmUyNGU2Mjc0YjQ5L2jDvHNleW5vdiBtyZloyZltbcmZZC5qcGciXSxbInAiLCJlbmNvZGUiLCJqcGciLCItcXVhbGl0eSA4MCJdLFsicCIsInRodW1iIiwiNTkweDU5MFx1MDAzZSJdXQ?sha=17261c6c234b47a7\" alt=\"\" \/><\/p>\n<p>Qeyd ed\u0259k ki, M\u0259h\u0259mm\u0259d H\u00fcseynov Alik o\u011flu sosialist \u0259m\u0259yi q\u0259hr\u0259man\u0131 S\u0259rdar \u0130mr\u0259liyevin n\u0259v\u0259sidir.<\/p>\n<p><strong>\u018fsg\u0259r H\u00fcseynzad\u0259 Elgiz \u0130brahim o\u011flu<\/strong>\u00a02001-ci ild\u0259 T\u0259rt\u0259r rayon B\u0259yims\u0259rov k\u0259ndind\u0259 d\u00fcnyaya g\u0259lib. \u018fsl\u0259n K\u0259lb\u0259c\u0259rd\u0259n olan Elgiz H\u00fcseynzad\u0259 2020-ci il sentyabr\u0131n 27-d\u0259 Az\u0259rbaycan Silahl\u0131 Q\u00fcvv\u0259l\u0259ri t\u0259r\u0259find\u0259n Erm\u0259nistan i\u015f\u011fal\u0131 alt\u0131nda olan \u0259razil\u0259rin azad edilm\u0259si \u00fc\u00e7\u00fcn ba\u015flanan V\u0259t\u0259n m\u00fcharib\u0259sind\u0259 sava\u015f\u0131b.<\/p>\n<p><img src=\"https:\/\/cdn.oxu.az\/uploads\/W1siZiIsIjIwMjEvMTAvMjcvMTcvNDUvMzQvY2NiYjEzMDYtZDljNC00MzliLWJlZDYtNzQxNDRlNTBiZjI2L2jDvHNleW56YWTJmSBlbGdpei5qcGciXSxbInAiLCJlbmNvZGUiLCJqcGciLCItcXVhbGl0eSA4MCJdLFsicCIsInRodW1iIiwiNTkweDU5MFx1MDAzZSJdXQ?sha=102cbaf043b91c6e\" alt=\"\" \/><\/p>\n<p>O, 22 oktyabrda F\u00fczuli istiqam\u0259tind\u0259 ged\u0259n d\u00f6y\u00fc\u015fd\u0259 \u015f\u0259hid olub.<\/p>\n<p>Prezidenti \u0130lham \u018fliyevin m\u00fcvafiq s\u0259r\u0259ncamlar\u0131na \u0259sas\u0259n, Elgiz H\u00fcseynzad\u0259 \u00f6l\u00fcm\u00fcnd\u0259n sonra \u201cV\u0259t\u0259n u\u011frunda\u201d, \u201cF\u00fczulinin azad olunmas\u0131na g\u00f6r\u0259\u201d medallar\u0131 il\u0259 t\u0259ltif edilib.<\/p>\n<p><strong>MAHHXHQ \u0259sg\u0259r \u0130smay\u0131lov K\u0259nan M\u0259nsur o\u011flu\u00a0<\/strong>1994-c\u00fc ild\u0259 Yevlax rayonu Xanabad k\u0259ndind\u0259 d\u00fcnyaya g\u0259lib. V\u0259t\u0259n m\u00fcharib\u0259sind\u0259 i\u015ftirak ed\u0259n q\u0259hr\u0259man\u0131m\u0131z veril\u0259n d\u00f6y\u00fc\u015f tap\u015f\u0131r\u0131qlar\u0131n\u0131 u\u011furla yerin\u0259 yetirib. O, Tal\u0131\u015f-Suqovu\u015fan istiqam\u0259tind\u0259 ged\u0259n d\u00f6y\u00fc\u015fl\u0259r zaman\u0131 \u015f\u0259hid olub.<\/p>\n<p><img src=\"https:\/\/cdn.oxu.az\/uploads\/W1siZiIsIjIwMjEvMTAvMjcvMTcvNDUvMzQvMjdlMjljMDgtOGMzYi00ZTJjLWEzMzQtNGMwNWExYmM3ZThkL2lzbWF5xLFsb3Yga8mZbmFuLmpwZyJdLFsicCIsImVuY29kZSIsImpwZyIsIi1xdWFsaXR5IDgwIl0sWyJwIiwidGh1bWIiLCI1OTB4NTkwXHUwMDNlIl1d?sha=e26b4bc79fc9ce9e\" alt=\"\" \/><\/p>\n<p>Prezident \u0130lham \u018fliyevin m\u00fcvafiq s\u0259r\u0259ncam\u0131na \u0259sas\u0259n, K\u0259nan \u0130smay\u0131lov \u00f6l\u00fcm\u00fcnd\u0259n sonra \u201cSuqovu\u015fan\u0131n azad olunmas\u0131na g\u00f6r\u0259\u201d medal\u0131 il\u0259 t\u0259ltif edilib.<\/p>\n<p><strong>\u018fsg\u0259r Mehtiyev Taleh Musa o\u011flu\u00a0<\/strong>2001-ci ild\u0259 Bak\u0131da Sabun\u00e7u q\u0259s\u0259b\u0259sind\u0259 anadan olub. T.Mehtiyev 2020-ci ilin may ay\u0131nda m\u00fcdd\u0259tli h\u0259qiqi h\u0259rbi xidm\u0259t\u0259 \u00e7a\u011f\u0131r\u0131l\u0131b. Az\u0259rbaycan\u0131n \u0259razi b\u00fct\u00f6vl\u00fcy\u00fcn\u00fcn b\u0259rpas\u0131 u\u011frunda ged\u0259n V\u0259t\u0259n M\u00fcharib\u0259sind\u0259 i\u015ftirak ed\u0259n q\u0259hr\u0259man\u0131m\u0131z T\u0259rt\u0259r-A\u011fd\u0259r\u0259 b\u00f6lg\u0259sind\u0259 sava\u015f\u0131b.<\/p>\n<p>7 oktyabr 2020-ci ild\u0259 d\u00fc\u015fm\u0259n t\u0259r\u0259find\u0259n at\u0131lan artilleriya m\u0259rmisinin partlamas\u0131 n\u0259tic\u0259sind\u0259 ald\u0131\u011f\u0131 q\u0259lp\u0259 yaras\u0131ndan \u015f\u0259hid olub.<\/p>\n<p><img src=\"https:\/\/cdn.oxu.az\/uploads\/W1siZiIsIjIwMjEvMTAvMjcvMTcvNTQvMDQvN2QxZGI2NWMtNDVkNi00ODRmLTkzNWUtOTI2YWVjZGVhMGVjLzI0ODQ5NzMxOV80MjAwODA2Njk1MTcwMThfNTkzOTg5MTgxNzcyMzg2MDk1OF9uLnBuZyJdLFsicCIsImVuY29kZSIsImpwZyIsIi1xdWFsaXR5IDgwIl0sWyJwIiwidGh1bWIiLCI1OTB4NTkwXHUwMDNlIl1d?sha=c1a957a7e3a6d25d\" alt=\"\" \/><\/p>\n<p>Prezident \u0130lham \u018fliyevin m\u00fcvafiq s\u0259r\u0259ncam\u0131na \u0259sas\u0259n, Taleh Mehtiyev \u00f6l\u00fcm\u00fcnd\u0259n sonra \u201cV\u0259t\u0259n u\u011frunda\u201d medal\u0131 il\u0259 t\u0259ltif edilib.<\/p>\n<p><strong>\u018fsg\u0259r Mustafayev Nicat B\u0259ki o\u011flu\u00a0<\/strong>2001-ci ild\u0259 Bin\u0259q\u0259di rayonunun Bin\u0259q\u0259di q\u0259s\u0259b\u0259sind\u0259 anadan olub. Qorxmaz Bax\u015f\u0131yev ad\u0131na 179 n\u00f6mr\u0259li tam orta m\u0259kt\u0259bd\u0259 9 illik t\u0259hsilini tamamlayaraq, Az\u0259rbaycan D\u0259miryol liseyin\u0259 q\u0259bul olub. T\u0259hsilini bitirdikd\u0259n sonra m\u00fcdd\u0259tli h\u0259qiqi h\u0259rbi xidm\u0259t\u0259 \u00e7a\u011f\u0131r\u0131l\u0131b.<\/p>\n<p>Nicat Mustafayev X\u00fcsusi T\u0259yinatl\u0131 Q\u00fcvv\u0259l\u0259rd\u0259 k\u0259\u015ffiyyat\u00e7\u0131-pulemyot\u00e7u kimi xidm\u0259t edib. V\u0259t\u0259n m\u00fcharib\u0259sind\u0259 Murovda\u011f, C\u0259bray\u0131l, F\u00fczulinin i\u015f\u011faldan azad olunmas\u0131 istiqam\u0259tind\u0259 ged\u0259n d\u00f6y\u00fc\u015fl\u0259rd\u0259 i\u015ftirak edib. Oktyabr\u0131n 5-i d\u00f6y\u00fc\u015f tap\u015f\u0131r\u0131\u011f\u0131n\u0131 yerin\u0259 yetir\u0259n zaman \u015f\u0259hid olub.<\/p>\n<p><img src=\"https:\/\/cdn.oxu.az\/uploads\/W1siZiIsIjIwMjEvMTAvMjcvMTcvNDUvMzQvOTEwMmY1NjAtZGQ1MC00ZTVmLTkyODEtYTYwMGEyYTlmMDhjL25pY2F0IG11c3RhZmF5ZXYuanBnIl0sWyJwIiwiZW5jb2RlIiwianBnIiwiLXF1YWxpdHkgODAiXSxbInAiLCJ0aHVtYiIsIjU5MHg1OTBcdTAwM2UiXV0?sha=ca225ee7cccb33d5\" alt=\"\" \/><\/p>\n<p>Prezident \u0130lham \u018fliyevin m\u00fcvafiq s\u0259r\u0259ncamlar\u0131na \u0259sas\u0259n, Nicat Mustafayev \u00f6l\u00fcm\u00fcnd\u0259n sonra \u201cV\u0259t\u0259n u\u011frunda\u201d, \u201cC\u0259sur d\u00f6y\u00fc\u015f\u00e7\u00fc\u201d, \u201cC\u0259bray\u0131l\u0131n azad olunmas\u0131na g\u00f6r\u0259\u201d v\u0259 \u201cF\u00fczulinin azad olmas\u0131na g\u00f6r\u0259\u201d medallar\u0131 il\u0259 t\u0259ltif edilib.<\/p>\n<p><strong>Ki\u00e7ik gizir Quliyev F\u0259rid Ayazxan o\u011flu\u00a0<\/strong>28 oktyabr 1994-c\u00fc ild\u0259 C\u0259lilabad rayonunun Babal\u0131 k\u0259ndind\u0259 anadan olub. 2000-2011-ci ill\u0259rd\u0259 h\u0259min k\u0259ndd\u0259 orta t\u0259hsil al\u0131b. 2012-2014-c\u00fc ill\u0259rd\u0259 m\u00fcdd\u0259tli h\u0259qiqi h\u0259rbi xidm\u0259td\u0259 olub. 2019-cu ilin oktyabr ay\u0131nda D\u00f6vl\u0259t S\u0259rh\u0259d Xidm\u0259tinin s\u0131ralar\u0131na q\u0259bul olunub S\u0259rh\u0259d Qo\u015funlar\u0131n\u0131n Xudat s\u0259rh\u0259d d\u0259st\u0259sin\u0259 g\u00f6nd\u0259rilib.<\/p>\n<p>Sentyabr\u0131n 27-d\u0259 V\u0259t\u0259n m\u00fcharib\u0259si ba\u015flayanda F\u0259rid birba\u015fa d\u00f6y\u00fc\u015fl\u0259r\u0259 yollan\u0131b. Xocav\u0259nd rayonu \u0259razisind\u0259 bir s\u0131ra u\u011furlu d\u00f6y\u00fc\u015f \u0259m\u0259liyyatlar\u0131nda i\u015ftirak edib.<\/p>\n<p>F.Quliyev oktyabr\u0131n 9-da Hadrut u\u011frunda ged\u0259n d\u00f6y\u00fc\u015fl\u0259r zaman\u0131 ald\u0131\u011f\u0131 g\u00fcll\u0259 yaras\u0131ndan \u015f\u0259hidlik zirv\u0259sin\u0259 ucal\u0131b. 16 oktyabr 2020-ci ild\u0259 C\u0259lilabad rayonu, Babal\u0131 k\u0259nd q\u0259biristanl\u0131\u011f\u0131nda\u00a0d\u0259fn olunub.<\/p>\n<p><img src=\"https:\/\/cdn.oxu.az\/uploads\/W1siZiIsIjIwMjEvMTAvMjcvMTcvNDUvMzQvYzY3MTkzZjEtY2MyNC00OGE1LWE3MTYtOWI2ODQ3Y2NkNWM3L3F1bGl5ZXYgZsmZcmlkLmpwZyJdLFsicCIsImVuY29kZSIsImpwZyIsIi1xdWFsaXR5IDgwIl0sWyJwIiwidGh1bWIiLCI1OTB4NTkwXHUwMDNlIl1d?sha=3f4b866f8269f97c\" alt=\"\" \/><\/p>\n<p>Prezident \u0130lham \u018fliyevin m\u00fcvafiq s\u0259r\u0259ncamlar\u0131na \u0259sas\u0259n, F\u0259rid Quliyev \u00f6l\u00fcm\u00fcnd\u0259n sonra \u201cV\u0259t\u0259n u\u011frunda\u201d, \u201cD\u00f6y\u00fc\u015fd\u0259 f\u0259rql\u0259nm\u0259y\u0259 g\u00f6r\u0259\u201d v\u0259 \u201cXocav\u0259ndin azad olunmas\u0131na g\u00f6r\u0259\u201d medallar\u0131 il\u0259 t\u0259ltif olunub.<\/p>\n","protected":false},"excerpt":{"rendered":"<p>V\u0259t\u0259n m\u00fcharib\u0259si zaman\u0131 d\u00f6y\u00fc\u015f tap\u015f\u0131r\u0131qlar\u0131n\u0131 u\u011furla yerin\u0259 yetir\u0259r\u0259k torpaqlar\u0131m\u0131z\u0131n i\u015f\u011faldan azad olunmas\u0131nda \u0259v\u0259zsiz xidm\u0259t g\u00f6st\u0259r\u0259n alt\u0131 \u015f\u0259hidimizin bu g\u00fcn do\u011fum g\u00fcn\u00fcd\u00fcr. ARANTV.AZ V\u0259t\u0259n m\u00fcharib\u0259si \u015f\u0259hidl\u0259rinin \u0259ziz xatir\u0259sini d\u0259rin h\u00f6rm\u0259t v\u0259 ehtiramla yad edir. MAHHXHQ ba\u015f \u00e7avu\u015f H\u00fcseynov M\u0259h\u0259mm\u0259d Alik o\u011flu\u00a01993-c\u00fc ild\u0259 Beyl\u0259qan rayonu Bahar q\u0259s\u0259b\u0259sind\u0259 anadan olub. \u018fsl\u0259n C\u0259bray\u0131ldan olan \u015f\u0259hidimiz S\u0259rdar \u0130mr\u0259liyev ad\u0131na Bahar k\u0259nd tam orta m\u0259kt\u0259bini bitirdikd\u0259n sonra Daxili \u0130\u015fl\u0259r Nazirliyinin Daxili Qo\u015funlar\u0131n\u0131n X\u00fcsusi T\u0259yinatl\u0131 D\u0259st\u0259sind\u0259 (XTD) m\u00fcdd\u0259tli h\u0259qiqi h\u0259rbi xidm\u0259t ke\u00e7ib. Daha sonra XTD-d\u0259 m\u00fcdd\u0259td\u0259n art\u0131q h\u0259qiqi h\u0259rbi xidm\u0259t h\u0259rbi qulluq\u00e7u kimi xidm\u0259tini davam etdirib. M.H\u00fcseynov&hellip;<\/p>\n","protected":false},"author":2,"featured_media":395475,"comment_status":"closed","ping_status":"closed","sticky":false,"template":"","format":"standard","meta":{"om_disable_all_campaigns":false,"_monsterinsights_skip_tracking":false,"_monsterinsights_sitenote_active":false,"_monsterinsights_sitenote_note":"","_monsterinsights_sitenote_category":0},"categories":[26],"tags":[],"aioseo_notices":[],"gutentor_comment":0,"rttpg_featured_image_url":{"full":["https:\/\/arantv.az\/wp-content\/uploads\/2021\/10\/abdf6bdb161902672824024965710153527-4.jpg",975,540,false],"landscape":["https:\/\/arantv.az\/wp-content\/uploads\/2021\/10\/abdf6bdb161902672824024965710153527-4.jpg",975,540,false],"portraits":["https:\/\/arantv.az\/wp-content\/uploads\/2021\/10\/abdf6bdb161902672824024965710153527-4.jpg",975,540,false],"thumbnail":["https:\/\/arantv.az\/wp-content\/uploads\/2021\/10\/abdf6bdb161902672824024965710153527-4-500x280.jpg",500,280,true],"medium":["https:\/\/arantv.az\/wp-content\/uploads\/2021\/10\/abdf6bdb161902672824024965710153527-4-660x365.jpg",660,365,true],"large":["https:\/\/arantv.az\/wp-content\/uploads\/2021\/10\/abdf6bdb161902672824024965710153527-4-840x465.jpg",640,354,true],"1536x1536":["https:\/\/arantv.az\/wp-content\/uploads\/2021\/10\/abdf6bdb161902672824024965710153527-4.jpg",975,540,false],"2048x2048":["https:\/\/arantv.az\/wp-content\/uploads\/2021\/10\/abdf6bdb161902672824024965710153527-4.jpg",975,540,false],"post-thumbnail":["https:\/\/arantv.az\/wp-content\/uploads\/2021\/10\/abdf6bdb161902672824024965710153527-4-240x172.jpg",240,172,true],"advps-thumb-one":["https:\/\/arantv.az\/wp-content\/uploads\/2021\/10\/abdf6bdb161902672824024965710153527-4.jpg",975,540,false]},"rttpg_author":{"display_name":"V\u00fcsal Rafiqo\u011flu","author_link":"https:\/\/arantv.az\/?author=2"},"rttpg_comment":0,"rttpg_category":"<a href=\"https:\/\/arantv.az\/?cat=26\" rel=\"category\">Sosial<\/a>","rttpg_excerpt":"V\u0259t\u0259n m\u00fcharib\u0259si zaman\u0131 d\u00f6y\u00fc\u015f tap\u015f\u0131r\u0131qlar\u0131n\u0131 u\u011furla yerin\u0259 yetir\u0259r\u0259k torpaqlar\u0131m\u0131z\u0131n i\u015f\u011faldan azad olunmas\u0131nda \u0259v\u0259zsiz xidm\u0259t g\u00f6st\u0259r\u0259n alt\u0131 \u015f\u0259hidimizin bu g\u00fcn do\u011fum g\u00fcn\u00fcd\u00fcr. ARANTV.AZ V\u0259t\u0259n m\u00fcharib\u0259si \u015f\u0259hidl\u0259rinin \u0259ziz xatir\u0259sini d\u0259rin h\u00f6rm\u0259t v\u0259 ehtiramla yad edir. MAHHXHQ ba\u015f \u00e7avu\u015f H\u00fcseynov M\u0259h\u0259mm\u0259d Alik o\u011flu\u00a01993-c\u00fc ild\u0259 Beyl\u0259qan rayonu Bahar q\u0259s\u0259b\u0259sind\u0259 anadan olub. \u018fsl\u0259n C\u0259bray\u0131ldan olan \u015f\u0259hidimiz S\u0259rdar \u0130mr\u0259liyev ad\u0131na Bahar&hellip;","_links":{"self":[{"href":"https:\/\/arantv.az\/index.php?rest_route=\/wp\/v2\/posts\/396654"}],"collection":[{"href":"https:\/\/arantv.az\/index.php?rest_route=\/wp\/v2\/posts"}],"about":[{"href":"https:\/\/arantv.az\/index.php?rest_route=\/wp\/v2\/types\/post"}],"author":[{"embeddable":true,"href":"https:\/\/arantv.az\/index.php?rest_route=\/wp\/v2\/users\/2"}],"replies":[{"embeddable":true,"href":"https:\/\/arantv.az\/index.php?rest_route=%2Fwp%2Fv2%2Fcomments&post=396654"}],"version-history":[{"count":0,"href":"https:\/\/arantv.az\/index.php?rest_route=\/wp\/v2\/posts\/396654\/revisions"}],"wp:featuredmedia":[{"embeddable":true,"href":"https:\/\/arantv.az\/index.php?rest_route=\/wp\/v2\/media\/395475"}],"wp:attachment":[{"href":"https:\/\/arantv.az\/index.php?rest_route=%2Fwp%2Fv2%2Fmedia&parent=396654"}],"wp:term":[{"taxonomy":"category","embeddable":true,"href":"https:\/\/arantv.az\/index.php?rest_route=%2Fwp%2Fv2%2Fcategories&post=396654"},{"taxonomy":"post_tag","embeddable":true,"href":"https:\/\/arantv.az\/index.php?rest_route=%2Fwp%2Fv2%2Ftags&post=396654"}],"curies":[{"name":"wp","href":"https:\/\/api.w.org\/{rel}","templated":true}]}}