{"id":396659,"date":"2021-10-28T11:27:13","date_gmt":"2021-10-28T08:27:13","guid":{"rendered":"http:\/\/arantv.az\/?p=396659"},"modified":"2021-10-28T11:27:13","modified_gmt":"2021-10-28T08:27:13","slug":"turkiy%c9%99-erm%c9%99nistanla-munasib%c9%99tl%c9%99rin-normallasmasi-m%c9%99s%c9%99l%c9%99sind%c9%99-az%c9%99rbaycanla-birg%c9%99-h%c9%99r%c9%99k%c9%99t-edir","status":"publish","type":"post","link":"https:\/\/arantv.az\/?p=396659","title":{"rendered":"T\u00fcrkiy\u0259 Erm\u0259nistanla m\u00fcnasib\u0259tl\u0259rin normalla\u015fmas\u0131 m\u0259s\u0259l\u0259sind\u0259 Az\u0259rbaycanla birg\u0259 h\u0259r\u0259k\u0259t edir"},"content":{"rendered":"<p>T\u00fcrkiy\u0259 Prezidentinin Az\u0259rbaycana son s\u0259f\u0259ri zaman\u0131 Az\u0259rbaycan-Erm\u0259nistan m\u00fcnasib\u0259tl\u0259rinin normalla\u015fmas\u0131 m\u0259s\u0259l\u0259sini Az\u0259rbaycan\u0131n xarici i\u015fl\u0259r naziri Ceyhun Bayramovla m\u00fczakir\u0259 etdik.<\/p>\n<p><strong>ARANTV.AZ\u00a0 x\u0259b\u0259r verir ki,<\/strong>\u00a0\u00a0bu bar\u0259d\u0259 T\u00fcrkiy\u0259nin xarici i\u015fl\u0259r naziri M\u00f6vlud \u00c7avu\u015fo\u011flu CNN \u201cT\u00fcrk\u201d telekanal\u0131na m\u00fcsahib\u0259sind\u0259 bildirib.<\/p>\n<p>Onun s\u00f6zl\u0259rin\u0259 g\u00f6r\u0259, T\u00fcrkiy\u0259 Erm\u0259nistanla m\u00fcnasib\u0259tl\u0259rin normalla\u015fmas\u0131 m\u0259s\u0259l\u0259sind\u0259 Az\u0259rbaycanla birg\u0259 h\u0259r\u0259k\u0259t edir.<\/p>\n<p>Nazir xat\u0131rlad\u0131b ki, Erm\u0259nistan t\u0259r\u0259find\u0259n m\u00fc\u0259yy\u0259n m\u00fcsb\u0259t mesajlar verilib. X\u0130N r\u0259hb\u0259ri T\u00fcrkiy\u0259nin Erm\u0259nistan\u0131n m\u00fcsb\u0259t mesajlar\u0131na qar\u015f\u0131l\u0131q ver\u0259c\u0259yini diqq\u0259t\u0259 \u00e7atd\u0131r\u0131b.<\/p>\n<p>M. \u00c7avu\u015fo\u011flu vur\u011fulay\u0131b ki, Az\u0259rbaycan s\u00fclh sazi\u015finin imzalanmas\u0131 \u00fc\u00e7\u00fcn Erm\u0259nistana \u00e7a\u011f\u0131r\u0131\u015f ets\u0259 d\u0259, Erm\u0259nistan t\u0259r\u0259find\u0259n h\u0259l\u0259 d\u0259 buna cavab verilm\u0259yib.<\/p>\n","protected":false},"excerpt":{"rendered":"<p>T\u00fcrkiy\u0259 Prezidentinin Az\u0259rbaycana son s\u0259f\u0259ri zaman\u0131 Az\u0259rbaycan-Erm\u0259nistan m\u00fcnasib\u0259tl\u0259rinin normalla\u015fmas\u0131 m\u0259s\u0259l\u0259sini Az\u0259rbaycan\u0131n xarici i\u015fl\u0259r naziri Ceyhun Bayramovla m\u00fczakir\u0259 etdik. ARANTV.AZ\u00a0 x\u0259b\u0259r verir ki,\u00a0\u00a0bu bar\u0259d\u0259 T\u00fcrkiy\u0259nin xarici i\u015fl\u0259r naziri M\u00f6vlud \u00c7avu\u015fo\u011flu CNN \u201cT\u00fcrk\u201d telekanal\u0131na m\u00fcsahib\u0259sind\u0259 bildirib. Onun s\u00f6zl\u0259rin\u0259 g\u00f6r\u0259, T\u00fcrkiy\u0259 Erm\u0259nistanla m\u00fcnasib\u0259tl\u0259rin normalla\u015fmas\u0131 m\u0259s\u0259l\u0259sind\u0259 Az\u0259rbaycanla birg\u0259 h\u0259r\u0259k\u0259t edir. Nazir xat\u0131rlad\u0131b ki, Erm\u0259nistan t\u0259r\u0259find\u0259n m\u00fc\u0259yy\u0259n m\u00fcsb\u0259t mesajlar verilib. X\u0130N r\u0259hb\u0259ri T\u00fcrkiy\u0259nin Erm\u0259nistan\u0131n m\u00fcsb\u0259t mesajlar\u0131na qar\u015f\u0131l\u0131q ver\u0259c\u0259yini diqq\u0259t\u0259 \u00e7atd\u0131r\u0131b. M. \u00c7avu\u015fo\u011flu vur\u011fulay\u0131b ki, Az\u0259rbaycan s\u00fclh sazi\u015finin imzalanmas\u0131 \u00fc\u00e7\u00fcn Erm\u0259nistana \u00e7a\u011f\u0131r\u0131\u015f ets\u0259 d\u0259, Erm\u0259nistan t\u0259r\u0259find\u0259n h\u0259l\u0259 d\u0259 buna cavab verilm\u0259yib.<\/p>\n","protected":false},"author":2,"featured_media":396660,"comment_status":"closed","ping_status":"closed","sticky":false,"template":"","format":"standard","meta":{"om_disable_all_campaigns":false,"_monsterinsights_skip_tracking":false,"_monsterinsights_sitenote_active":false,"_monsterinsights_sitenote_note":"","_monsterinsights_sitenote_category":0},"categories":[4],"tags":[],"aioseo_notices":[],"gutentor_comment":0,"rttpg_featured_image_url":{"full":["https:\/\/arantv.az\/wp-content\/uploads\/2021\/10\/f22e4747160931647937605361510314020.jpg",975,540,false],"landscape":["https:\/\/arantv.az\/wp-content\/uploads\/2021\/10\/f22e4747160931647937605361510314020.jpg",975,540,false],"portraits":["https:\/\/arantv.az\/wp-content\/uploads\/2021\/10\/f22e4747160931647937605361510314020.jpg",975,540,false],"thumbnail":["https:\/\/arantv.az\/wp-content\/uploads\/2021\/10\/f22e4747160931647937605361510314020-500x280.jpg",500,280,true],"medium":["https:\/\/arantv.az\/wp-content\/uploads\/2021\/10\/f22e4747160931647937605361510314020-660x365.jpg",660,365,true],"large":["https:\/\/arantv.az\/wp-content\/uploads\/2021\/10\/f22e4747160931647937605361510314020-840x465.jpg",640,354,true],"1536x1536":["https:\/\/arantv.az\/wp-content\/uploads\/2021\/10\/f22e4747160931647937605361510314020.jpg",975,540,false],"2048x2048":["https:\/\/arantv.az\/wp-content\/uploads\/2021\/10\/f22e4747160931647937605361510314020.jpg",975,540,false],"post-thumbnail":["https:\/\/arantv.az\/wp-content\/uploads\/2021\/10\/f22e4747160931647937605361510314020-240x172.jpg",240,172,true],"advps-thumb-one":["https:\/\/arantv.az\/wp-content\/uploads\/2021\/10\/f22e4747160931647937605361510314020.jpg",975,540,false]},"rttpg_author":{"display_name":"V\u00fcsal Rafiqo\u011flu","author_link":"https:\/\/arantv.az\/?author=2"},"rttpg_comment":0,"rttpg_category":"<a href=\"https:\/\/arantv.az\/?cat=4\" rel=\"category\">Siyas\u0259t<\/a>","rttpg_excerpt":"T\u00fcrkiy\u0259 Prezidentinin Az\u0259rbaycana son s\u0259f\u0259ri zaman\u0131 Az\u0259rbaycan-Erm\u0259nistan m\u00fcnasib\u0259tl\u0259rinin normalla\u015fmas\u0131 m\u0259s\u0259l\u0259sini Az\u0259rbaycan\u0131n xarici i\u015fl\u0259r naziri Ceyhun Bayramovla m\u00fczakir\u0259 etdik. ARANTV.AZ\u00a0 x\u0259b\u0259r verir ki,\u00a0\u00a0bu bar\u0259d\u0259 T\u00fcrkiy\u0259nin xarici i\u015fl\u0259r naziri M\u00f6vlud \u00c7avu\u015fo\u011flu CNN \u201cT\u00fcrk\u201d telekanal\u0131na m\u00fcsahib\u0259sind\u0259 bildirib. Onun s\u00f6zl\u0259rin\u0259 g\u00f6r\u0259, T\u00fcrkiy\u0259 Erm\u0259nistanla m\u00fcnasib\u0259tl\u0259rin normalla\u015fmas\u0131 m\u0259s\u0259l\u0259sind\u0259 Az\u0259rbaycanla birg\u0259 h\u0259r\u0259k\u0259t edir. Nazir xat\u0131rlad\u0131b ki, Erm\u0259nistan t\u0259r\u0259find\u0259n m\u00fc\u0259yy\u0259n m\u00fcsb\u0259t mesajlar verilib.&hellip;","_links":{"self":[{"href":"https:\/\/arantv.az\/index.php?rest_route=\/wp\/v2\/posts\/396659"}],"collection":[{"href":"https:\/\/arantv.az\/index.php?rest_route=\/wp\/v2\/posts"}],"about":[{"href":"https:\/\/arantv.az\/index.php?rest_route=\/wp\/v2\/types\/post"}],"author":[{"embeddable":true,"href":"https:\/\/arantv.az\/index.php?rest_route=\/wp\/v2\/users\/2"}],"replies":[{"embeddable":true,"href":"https:\/\/arantv.az\/index.php?rest_route=%2Fwp%2Fv2%2Fcomments&post=396659"}],"version-history":[{"count":0,"href":"https:\/\/arantv.az\/index.php?rest_route=\/wp\/v2\/posts\/396659\/revisions"}],"wp:featuredmedia":[{"embeddable":true,"href":"https:\/\/arantv.az\/index.php?rest_route=\/wp\/v2\/media\/396660"}],"wp:attachment":[{"href":"https:\/\/arantv.az\/index.php?rest_route=%2Fwp%2Fv2%2Fmedia&parent=396659"}],"wp:term":[{"taxonomy":"category","embeddable":true,"href":"https:\/\/arantv.az\/index.php?rest_route=%2Fwp%2Fv2%2Fcategories&post=396659"},{"taxonomy":"post_tag","embeddable":true,"href":"https:\/\/arantv.az\/index.php?rest_route=%2Fwp%2Fv2%2Ftags&post=396659"}],"curies":[{"name":"wp","href":"https:\/\/api.w.org\/{rel}","templated":true}]}}