{"id":396718,"date":"2021-10-28T12:07:56","date_gmt":"2021-10-28T09:07:56","guid":{"rendered":"http:\/\/arantv.az\/?p=396718"},"modified":"2021-10-28T12:07:56","modified_gmt":"2021-10-28T09:07:56","slug":"z%c9%99ng%c9%99zur-d%c9%99hlizi-yalniz-siyasi-%c9%99h%c9%99miyy%c9%99t-k%c9%99sb-etmir-video","status":"publish","type":"post","link":"https:\/\/arantv.az\/?p=396718","title":{"rendered":"Z\u0259ng\u0259zur d\u0259hlizi yaln\u0131z siyasi \u0259h\u0259miyy\u0259t k\u0259sb etmir &#8211; V\u0130DEO"},"content":{"rendered":"<p>Oktyabr\u0131n 26-da Az\u0259rbaycan v\u0259 T\u00fcrkiy\u0259 prezidentl\u0259rinin i\u015ftirak\u0131 il\u0259 Z\u0259ng\u0259zur d\u0259hlizinin t\u0259m\u0259li qoyuldu.<\/p>\n<p>T\u00fcrk d\u00fcnyas\u0131n\u0131 birl\u0259\u015fdir\u0259c\u0259k d\u0259hlizin \u0259h\u0259miyy\u0259tind\u0259n dan\u0131\u015fan liderl\u0259r h\u0259m Az\u0259rbaycan, h\u0259m d\u0259 T\u00fcrkiy\u0259nin Z\u0259ng\u0259zur d\u0259hlizinin ger\u00e7\u0259kl\u0259\u015fm\u0259si \u00fc\u00e7\u00fcn \u0259m\u0259li add\u0131mlar atd\u0131\u011f\u0131n\u0131 vur\u011fulad\u0131lar. D\u0259hlizin a\u00e7\u0131lmas\u0131 onu g\u00f6st\u0259rir ki, h\u0259m T\u00fcrkiy\u0259, h\u0259m d\u0259 Az\u0259rbaycan bu m\u0259s\u0259l\u0259d\u0259 daha israrl\u0131d\u0131r v\u0259 bir m\u00f6vqed\u0259n \u00e7\u0131x\u0131\u015f edirl\u0259r. Bu da t\u0259bii ki, \u00f6lk\u0259l\u0259rimiz \u00fc\u00e7\u00fcn olduqca m\u00fch\u00fcm m\u0259s\u0259l\u0259l\u0259rd\u0259n biridir.<\/p>\n<p>Ayd\u0131n m\u0259s\u0259l\u0259dir ki, Z\u0259ng\u0259zur d\u0259hlizi Az\u0259rbaycan \u00fc\u00e7\u00fcn yaln\u0131z siyasi \u0259h\u0259miyy\u0259t k\u0259sb etmir, ortada h\u0259m d\u0259 iqtisadi maraqlar var. D\u0259hlizin iqtisadi \u0259h\u0259miyy\u0259ti is\u0259 ilk n\u00f6vb\u0259d\u0259 regional inki\u015fafla ba\u011fl\u0131d\u0131r. \u00c7\u00fcnki d\u00fcnyada v\u0259 b\u00f6lg\u0259d\u0259 formala\u015fan yeni iqtisadi reall\u0131qlar fonunda regional inteqrasiya olduqca b\u00f6y\u00fck \u00f6n\u0259m da\u015f\u0131y\u0131r.<\/p>\n<div id=\"AdviadNativeVideo0\" class=\"AdviadNativeVideo\"><\/div>\n<p>Bu bax\u0131mdan, Z\u0259ng\u0259zur d\u0259hlizi t\u0259dric\u0259n xarici iqtisadi siyas\u0259t n\u00f6qteyi-n\u0259z\u0259rind\u0259n d\u0259 b\u00f6lg\u0259 d\u00f6vl\u0259tl\u0259rinin prioritetin\u0259 \u00e7evrilm\u0259lidir. Bir s\u00f6zl\u0259, Z\u0259ng\u0259zur d\u0259hlizinin yarad\u0131lmas\u0131 il\u0259 region \u00f6lk\u0259l\u0259ri qar\u015f\u0131s\u0131nda yeni imkanlar a\u00e7\u0131lacaq. D\u0259hlizin istifad\u0259y\u0259 verilm\u0259si regional n\u0259qliyyat \u015f\u0259b\u0259k\u0259sinin geni\u015fl\u0259nm\u0259sin\u0259 s\u0259b\u0259b olacaq v\u0259 b\u00f6lg\u0259d\u0259ki d\u00f6vl\u0259tl\u0259r aras\u0131nda qar\u015f\u0131l\u0131ql\u0131 iqtisadi \u0259laq\u0259l\u0259ri stimulla\u015fd\u0131racaq.<\/p>\n<p>D\u0259hlizin i\u015f\u0259 d\u00fc\u015fm\u0259si t\u0259kc\u0259 iqtisadi m\u0259nf\u0259\u0259tin qazan\u0131lmas\u0131 il\u0259 n\u0259tic\u0259l\u0259nm\u0259y\u0259c\u0259k, regionun t\u0259hl\u00fck\u0259sizliyin\u0259 v\u0259 b\u00f6lg\u0259d\u0259 davaml\u0131 s\u00fclh\u00fcn b\u0259rq\u0259rar olmas\u0131na da t\u00f6hf\u0259 ver\u0259c\u0259k.<\/p>\n<div><iframe loading=\"lazy\" title=\"YouTube video player\" src=\"https:\/\/www.youtube.com\/embed\/ckm8PPRIo-4\" width=\"560\" height=\"315\" frameborder=\"0\" allowfullscreen=\"allowfullscreen\" data-mce-fragment=\"1\"><\/iframe><\/div>\n<p>&nbsp;<\/p>\n","protected":false},"excerpt":{"rendered":"<p>Oktyabr\u0131n 26-da Az\u0259rbaycan v\u0259 T\u00fcrkiy\u0259 prezidentl\u0259rinin i\u015ftirak\u0131 il\u0259 Z\u0259ng\u0259zur d\u0259hlizinin t\u0259m\u0259li qoyuldu. T\u00fcrk d\u00fcnyas\u0131n\u0131 birl\u0259\u015fdir\u0259c\u0259k d\u0259hlizin \u0259h\u0259miyy\u0259tind\u0259n dan\u0131\u015fan liderl\u0259r h\u0259m Az\u0259rbaycan, h\u0259m d\u0259 T\u00fcrkiy\u0259nin Z\u0259ng\u0259zur d\u0259hlizinin ger\u00e7\u0259kl\u0259\u015fm\u0259si \u00fc\u00e7\u00fcn \u0259m\u0259li add\u0131mlar atd\u0131\u011f\u0131n\u0131 vur\u011fulad\u0131lar. D\u0259hlizin a\u00e7\u0131lmas\u0131 onu g\u00f6st\u0259rir ki, h\u0259m T\u00fcrkiy\u0259, h\u0259m d\u0259 Az\u0259rbaycan bu m\u0259s\u0259l\u0259d\u0259 daha israrl\u0131d\u0131r v\u0259 bir m\u00f6vqed\u0259n \u00e7\u0131x\u0131\u015f edirl\u0259r. Bu da t\u0259bii ki, \u00f6lk\u0259l\u0259rimiz \u00fc\u00e7\u00fcn olduqca m\u00fch\u00fcm m\u0259s\u0259l\u0259l\u0259rd\u0259n biridir. Ayd\u0131n m\u0259s\u0259l\u0259dir ki, Z\u0259ng\u0259zur d\u0259hlizi Az\u0259rbaycan \u00fc\u00e7\u00fcn yaln\u0131z siyasi \u0259h\u0259miyy\u0259t k\u0259sb etmir, ortada h\u0259m d\u0259 iqtisadi maraqlar var. D\u0259hlizin iqtisadi \u0259h\u0259miyy\u0259ti is\u0259 ilk n\u00f6vb\u0259d\u0259 regional inki\u015fafla ba\u011fl\u0131d\u0131r. \u00c7\u00fcnki d\u00fcnyada&hellip;<\/p>\n","protected":false},"author":2,"featured_media":396719,"comment_status":"closed","ping_status":"closed","sticky":false,"template":"","format":"standard","meta":{"om_disable_all_campaigns":false,"_monsterinsights_skip_tracking":false,"_monsterinsights_sitenote_active":false,"_monsterinsights_sitenote_note":"","_monsterinsights_sitenote_category":0},"categories":[4],"tags":[],"aioseo_notices":[],"gutentor_comment":0,"rttpg_featured_image_url":{"full":["https:\/\/arantv.az\/wp-content\/uploads\/2021\/10\/zengezur.jpg",620,409,false],"landscape":["https:\/\/arantv.az\/wp-content\/uploads\/2021\/10\/zengezur.jpg",620,409,false],"portraits":["https:\/\/arantv.az\/wp-content\/uploads\/2021\/10\/zengezur.jpg",620,409,false],"thumbnail":["https:\/\/arantv.az\/wp-content\/uploads\/2021\/10\/zengezur-500x280.jpg",500,280,true],"medium":["https:\/\/arantv.az\/wp-content\/uploads\/2021\/10\/zengezur-553x365.jpg",553,365,true],"large":["https:\/\/arantv.az\/wp-content\/uploads\/2021\/10\/zengezur.jpg",620,409,false],"1536x1536":["https:\/\/arantv.az\/wp-content\/uploads\/2021\/10\/zengezur.jpg",620,409,false],"2048x2048":["https:\/\/arantv.az\/wp-content\/uploads\/2021\/10\/zengezur.jpg",620,409,false],"post-thumbnail":["https:\/\/arantv.az\/wp-content\/uploads\/2021\/10\/zengezur-240x172.jpg",240,172,true],"advps-thumb-one":["https:\/\/arantv.az\/wp-content\/uploads\/2021\/10\/zengezur.jpg",620,409,false]},"rttpg_author":{"display_name":"V\u00fcsal Rafiqo\u011flu","author_link":"https:\/\/arantv.az\/?author=2"},"rttpg_comment":0,"rttpg_category":"<a href=\"https:\/\/arantv.az\/?cat=4\" rel=\"category\">Siyas\u0259t<\/a>","rttpg_excerpt":"Oktyabr\u0131n 26-da Az\u0259rbaycan v\u0259 T\u00fcrkiy\u0259 prezidentl\u0259rinin i\u015ftirak\u0131 il\u0259 Z\u0259ng\u0259zur d\u0259hlizinin t\u0259m\u0259li qoyuldu. T\u00fcrk d\u00fcnyas\u0131n\u0131 birl\u0259\u015fdir\u0259c\u0259k d\u0259hlizin \u0259h\u0259miyy\u0259tind\u0259n dan\u0131\u015fan liderl\u0259r h\u0259m Az\u0259rbaycan, h\u0259m d\u0259 T\u00fcrkiy\u0259nin Z\u0259ng\u0259zur d\u0259hlizinin ger\u00e7\u0259kl\u0259\u015fm\u0259si \u00fc\u00e7\u00fcn \u0259m\u0259li add\u0131mlar atd\u0131\u011f\u0131n\u0131 vur\u011fulad\u0131lar. D\u0259hlizin a\u00e7\u0131lmas\u0131 onu g\u00f6st\u0259rir ki, h\u0259m T\u00fcrkiy\u0259, h\u0259m d\u0259 Az\u0259rbaycan bu m\u0259s\u0259l\u0259d\u0259 daha israrl\u0131d\u0131r v\u0259 bir m\u00f6vqed\u0259n \u00e7\u0131x\u0131\u015f edirl\u0259r. Bu da t\u0259bii ki,&hellip;","_links":{"self":[{"href":"https:\/\/arantv.az\/index.php?rest_route=\/wp\/v2\/posts\/396718"}],"collection":[{"href":"https:\/\/arantv.az\/index.php?rest_route=\/wp\/v2\/posts"}],"about":[{"href":"https:\/\/arantv.az\/index.php?rest_route=\/wp\/v2\/types\/post"}],"author":[{"embeddable":true,"href":"https:\/\/arantv.az\/index.php?rest_route=\/wp\/v2\/users\/2"}],"replies":[{"embeddable":true,"href":"https:\/\/arantv.az\/index.php?rest_route=%2Fwp%2Fv2%2Fcomments&post=396718"}],"version-history":[{"count":0,"href":"https:\/\/arantv.az\/index.php?rest_route=\/wp\/v2\/posts\/396718\/revisions"}],"wp:featuredmedia":[{"embeddable":true,"href":"https:\/\/arantv.az\/index.php?rest_route=\/wp\/v2\/media\/396719"}],"wp:attachment":[{"href":"https:\/\/arantv.az\/index.php?rest_route=%2Fwp%2Fv2%2Fmedia&parent=396718"}],"wp:term":[{"taxonomy":"category","embeddable":true,"href":"https:\/\/arantv.az\/index.php?rest_route=%2Fwp%2Fv2%2Fcategories&post=396718"},{"taxonomy":"post_tag","embeddable":true,"href":"https:\/\/arantv.az\/index.php?rest_route=%2Fwp%2Fv2%2Ftags&post=396718"}],"curies":[{"name":"wp","href":"https:\/\/api.w.org\/{rel}","templated":true}]}}