{"id":396723,"date":"2021-10-28T12:11:29","date_gmt":"2021-10-28T09:11:29","guid":{"rendered":"http:\/\/arantv.az\/?p=396723"},"modified":"2021-10-28T12:11:29","modified_gmt":"2021-10-28T09:11:29","slug":"i-qrupa-informatika-f%c9%99nni-2023-cu-ild%c9%99-%c9%99lav%c9%99-edil%c9%99c%c9%99k-dim-s%c9%99dri","status":"publish","type":"post","link":"https:\/\/arantv.az\/?p=396723","title":{"rendered":"I qrupa informatika f\u0259nni 2023-c\u00fc ild\u0259 \u0259lav\u0259 edil\u0259c\u0259k &#8211; D\u0130M s\u0259dri"},"content":{"rendered":"<p><strong>\u0130nformatika se\u00e7m\u0259 f\u0259nni 2023-2024-c\u00fc t\u0259dris ili \u00fczr\u0259 q\u0259bul imtahanlar\u0131na \u0259lav\u0259 edil\u0259c\u0259k.<\/strong><\/p>\n<p><strong>ARANTV.AZ\u00a0<\/strong> <a href=\"https:\/\/az.trend.az\/\" target=\"_blank\" rel=\"noopener\">Trend<\/a>-\u0259 istinad\u0259n bildirir ki,\u00a0bunu D\u00f6vl\u0259t \u0130mtahan M\u0259rk\u0259zinin s\u0259dri M\u0259leyk\u0259 Abbaszad\u0259 deyib.<\/p>\n<p>Onun s\u00f6zl\u0259rin\u0259 g\u00f6r\u0259, I qrupa \u0130nformatika f\u0259nninin \u0259lav\u0259 edilm\u0259si prosesi III qrupa co\u011frafiya f\u0259nninin \u0259lav\u0259 edilm\u0259si il\u0259 eyni olacaq:<\/p>\n<p>&#8220;\u0130nformatika y\u00f6n\u00fcml\u00fc ixtisaslara q\u0259bul olmaq ist\u0259y\u0259nl\u0259rin bu f\u0259nni se\u00e7m\u0259k imkan\u0131 olacaq. Haz\u0131rda bu istiqam\u0259td\u0259 proqram haz\u0131rlan\u0131r. G\u0259l\u0259n ilin \u0259vv\u0259ll\u0259rind\u0259 h\u0259min proqram t\u0259qdim olunacaq. Biz ekspertl\u0259ri v\u0259 informatika m\u00fc\u0259lliml\u0259rini bu sah\u0259d\u0259 biziml\u0259 \u0259m\u0259kda\u015fl\u0131\u011fa d\u0259v\u0259t edirik&#8221;.<\/p>\n","protected":false},"excerpt":{"rendered":"<p>\u0130nformatika se\u00e7m\u0259 f\u0259nni 2023-2024-c\u00fc t\u0259dris ili \u00fczr\u0259 q\u0259bul imtahanlar\u0131na \u0259lav\u0259 edil\u0259c\u0259k. ARANTV.AZ\u00a0 Trend-\u0259 istinad\u0259n bildirir ki,\u00a0bunu D\u00f6vl\u0259t \u0130mtahan M\u0259rk\u0259zinin s\u0259dri M\u0259leyk\u0259 Abbaszad\u0259 deyib. Onun s\u00f6zl\u0259rin\u0259 g\u00f6r\u0259, I qrupa \u0130nformatika f\u0259nninin \u0259lav\u0259 edilm\u0259si prosesi III qrupa co\u011frafiya f\u0259nninin \u0259lav\u0259 edilm\u0259si il\u0259 eyni olacaq: &#8220;\u0130nformatika y\u00f6n\u00fcml\u00fc ixtisaslara q\u0259bul olmaq ist\u0259y\u0259nl\u0259rin bu f\u0259nni se\u00e7m\u0259k imkan\u0131 olacaq. Haz\u0131rda bu istiqam\u0259td\u0259 proqram haz\u0131rlan\u0131r. G\u0259l\u0259n ilin \u0259vv\u0259ll\u0259rind\u0259 h\u0259min proqram t\u0259qdim olunacaq. Biz ekspertl\u0259ri v\u0259 informatika m\u00fc\u0259lliml\u0259rini bu sah\u0259d\u0259 biziml\u0259 \u0259m\u0259kda\u015fl\u0131\u011fa d\u0259v\u0259t edirik&#8221;.<\/p>\n","protected":false},"author":2,"featured_media":396724,"comment_status":"closed","ping_status":"closed","sticky":false,"template":"","format":"standard","meta":{"om_disable_all_campaigns":false,"_monsterinsights_skip_tracking":false,"_monsterinsights_sitenote_active":false,"_monsterinsights_sitenote_note":"","_monsterinsights_sitenote_category":0},"categories":[26],"tags":[],"aioseo_notices":[],"gutentor_comment":0,"rttpg_featured_image_url":{"full":["https:\/\/arantv.az\/wp-content\/uploads\/2021\/10\/991346.jpg",1280,853,false],"landscape":["https:\/\/arantv.az\/wp-content\/uploads\/2021\/10\/991346.jpg",1280,853,false],"portraits":["https:\/\/arantv.az\/wp-content\/uploads\/2021\/10\/991346.jpg",1280,853,false],"thumbnail":["https:\/\/arantv.az\/wp-content\/uploads\/2021\/10\/991346-500x280.jpg",500,280,true],"medium":["https:\/\/arantv.az\/wp-content\/uploads\/2021\/10\/991346-548x365.jpg",548,365,true],"large":["https:\/\/arantv.az\/wp-content\/uploads\/2021\/10\/991346-840x560.jpg",640,427,true],"1536x1536":["https:\/\/arantv.az\/wp-content\/uploads\/2021\/10\/991346.jpg",1280,853,false],"2048x2048":["https:\/\/arantv.az\/wp-content\/uploads\/2021\/10\/991346.jpg",1280,853,false],"post-thumbnail":["https:\/\/arantv.az\/wp-content\/uploads\/2021\/10\/991346-240x172.jpg",240,172,true],"advps-thumb-one":["https:\/\/arantv.az\/wp-content\/uploads\/2021\/10\/991346-1200x620.jpg",1200,620,true]},"rttpg_author":{"display_name":"V\u00fcsal Rafiqo\u011flu","author_link":"https:\/\/arantv.az\/?author=2"},"rttpg_comment":0,"rttpg_category":"<a href=\"https:\/\/arantv.az\/?cat=26\" rel=\"category\">Sosial<\/a>","rttpg_excerpt":"\u0130nformatika se\u00e7m\u0259 f\u0259nni 2023-2024-c\u00fc t\u0259dris ili \u00fczr\u0259 q\u0259bul imtahanlar\u0131na \u0259lav\u0259 edil\u0259c\u0259k. ARANTV.AZ\u00a0 Trend-\u0259 istinad\u0259n bildirir ki,\u00a0bunu D\u00f6vl\u0259t \u0130mtahan M\u0259rk\u0259zinin s\u0259dri M\u0259leyk\u0259 Abbaszad\u0259 deyib. Onun s\u00f6zl\u0259rin\u0259 g\u00f6r\u0259, I qrupa \u0130nformatika f\u0259nninin \u0259lav\u0259 edilm\u0259si prosesi III qrupa co\u011frafiya f\u0259nninin \u0259lav\u0259 edilm\u0259si il\u0259 eyni olacaq: &#8220;\u0130nformatika y\u00f6n\u00fcml\u00fc ixtisaslara q\u0259bul olmaq ist\u0259y\u0259nl\u0259rin bu f\u0259nni se\u00e7m\u0259k imkan\u0131 olacaq. Haz\u0131rda bu&hellip;","_links":{"self":[{"href":"https:\/\/arantv.az\/index.php?rest_route=\/wp\/v2\/posts\/396723"}],"collection":[{"href":"https:\/\/arantv.az\/index.php?rest_route=\/wp\/v2\/posts"}],"about":[{"href":"https:\/\/arantv.az\/index.php?rest_route=\/wp\/v2\/types\/post"}],"author":[{"embeddable":true,"href":"https:\/\/arantv.az\/index.php?rest_route=\/wp\/v2\/users\/2"}],"replies":[{"embeddable":true,"href":"https:\/\/arantv.az\/index.php?rest_route=%2Fwp%2Fv2%2Fcomments&post=396723"}],"version-history":[{"count":0,"href":"https:\/\/arantv.az\/index.php?rest_route=\/wp\/v2\/posts\/396723\/revisions"}],"wp:featuredmedia":[{"embeddable":true,"href":"https:\/\/arantv.az\/index.php?rest_route=\/wp\/v2\/media\/396724"}],"wp:attachment":[{"href":"https:\/\/arantv.az\/index.php?rest_route=%2Fwp%2Fv2%2Fmedia&parent=396723"}],"wp:term":[{"taxonomy":"category","embeddable":true,"href":"https:\/\/arantv.az\/index.php?rest_route=%2Fwp%2Fv2%2Fcategories&post=396723"},{"taxonomy":"post_tag","embeddable":true,"href":"https:\/\/arantv.az\/index.php?rest_route=%2Fwp%2Fv2%2Ftags&post=396723"}],"curies":[{"name":"wp","href":"https:\/\/api.w.org\/{rel}","templated":true}]}}