{"id":396732,"date":"2021-10-28T12:13:57","date_gmt":"2021-10-28T09:13:57","guid":{"rendered":"http:\/\/arantv.az\/?p=396732"},"modified":"2021-10-28T12:13:57","modified_gmt":"2021-10-28T09:13:57","slug":"asagi-bal-toplayanlarin-secim-imkani-artacaq-m%c9%99leyk%c9%99-abbaszad%c9%99","status":"publish","type":"post","link":"https:\/\/arantv.az\/?p=396732","title":{"rendered":"A\u015fa\u011f\u0131 bal toplayanlar\u0131n se\u00e7im imkan\u0131 artacaq &#8211; M\u0259leyk\u0259 Abbaszad\u0259"},"content":{"rendered":"<p><strong>300 baldan a\u015fa\u011f\u0131 n\u0259tic\u0259 g\u00f6st\u0259rib, ist\u0259dikl\u0259ri ixtisaslara d\u00fc\u015f\u0259 bilm\u0259y\u0259nl\u0259rin se\u00e7im imkanlar\u0131 artacaq.<\/strong><\/p>\n<p><strong>ARANTV.AZ<\/strong> <a href=\"https:\/\/az.trend.az\/\" target=\"_blank\" rel=\"noopener\">Trend<\/a>-\u0259 istinad\u0259n bildirir ki,\u00a0bunu D\u00f6vl\u0259t \u0130mtahan M\u0259rk\u0259zinin s\u0259dri M\u0259leyk\u0259 Abbaszad\u0259 deyib<\/p>\n<p>O bildirib ki, &#8220;Region\u015f\u00fcnasl\u0131q&#8221; v\u0259 &#8220;Beyn\u0259lxalq m\u00fcnasib\u0259tl\u0259r&#8221; ixtisaslar\u0131n\u0131n III qrupa ke\u00e7irilm\u0259si il\u0259 bu qrupa 1300 plan yeri \u0259lav\u0259 olunacaq, bu, III qrupda ixtisas se\u00e7imi il\u0259 ba\u011fl\u0131 g\u0259rginliyin a\u015fa\u011f\u0131 d\u00fc\u015fm\u0259sin\u0259 g\u0259tirib \u00e7\u0131xaracaq:<\/p>\n<p>&#8220;300 baldan a\u015fa\u011f\u0131 n\u0259tic\u0259 g\u00f6st\u0259rib, ist\u0259dikl\u0259ri ixtisaslara d\u00fc\u015f\u0259 bilm\u0259y\u0259nl\u0259rin se\u00e7im imkanlar\u0131 artacaq. H\u0259m\u00e7inin &#8220;Region\u015f\u00fcnasl\u0131q&#8221; v\u0259 &#8220;Beyn\u0259lxalq m\u00fcnasib\u0259tl\u0259r&#8221; ixtisaslar\u0131na q\u0259bul olmaq ist\u0259y\u0259n abituriyentl\u0259rin se\u00e7\u0259c\u0259yi co\u011frafiya f\u0259nninin \u00e7\u0259tinlik d\u0259r\u0259c\u0259si II qrupla eyni olacaq. Ballar\u0131n hesablanma alqoritmind\u0259 d\u0259 he\u00e7 bir d\u0259yi\u015fiklik olmayacaq. F\u0259nnl\u0259rin \u0259msallar\u0131 d\u0259yi\u015fm\u0259y\u0259c\u0259k. Sad\u0259c\u0259 co\u011frafiya f\u0259nninin \u0259msal\u0131 \u0259d\u0259biyyat f\u0259nnin\u0259 uy\u011fun olacaq&#8221;.<\/p>\n","protected":false},"excerpt":{"rendered":"<p>300 baldan a\u015fa\u011f\u0131 n\u0259tic\u0259 g\u00f6st\u0259rib, ist\u0259dikl\u0259ri ixtisaslara d\u00fc\u015f\u0259 bilm\u0259y\u0259nl\u0259rin se\u00e7im imkanlar\u0131 artacaq. ARANTV.AZ Trend-\u0259 istinad\u0259n bildirir ki,\u00a0bunu D\u00f6vl\u0259t \u0130mtahan M\u0259rk\u0259zinin s\u0259dri M\u0259leyk\u0259 Abbaszad\u0259 deyib O bildirib ki, &#8220;Region\u015f\u00fcnasl\u0131q&#8221; v\u0259 &#8220;Beyn\u0259lxalq m\u00fcnasib\u0259tl\u0259r&#8221; ixtisaslar\u0131n\u0131n III qrupa ke\u00e7irilm\u0259si il\u0259 bu qrupa 1300 plan yeri \u0259lav\u0259 olunacaq, bu, III qrupda ixtisas se\u00e7imi il\u0259 ba\u011fl\u0131 g\u0259rginliyin a\u015fa\u011f\u0131 d\u00fc\u015fm\u0259sin\u0259 g\u0259tirib \u00e7\u0131xaracaq: &#8220;300 baldan a\u015fa\u011f\u0131 n\u0259tic\u0259 g\u00f6st\u0259rib, ist\u0259dikl\u0259ri ixtisaslara d\u00fc\u015f\u0259 bilm\u0259y\u0259nl\u0259rin se\u00e7im imkanlar\u0131 artacaq. H\u0259m\u00e7inin &#8220;Region\u015f\u00fcnasl\u0131q&#8221; v\u0259 &#8220;Beyn\u0259lxalq m\u00fcnasib\u0259tl\u0259r&#8221; ixtisaslar\u0131na q\u0259bul olmaq ist\u0259y\u0259n abituriyentl\u0259rin se\u00e7\u0259c\u0259yi co\u011frafiya f\u0259nninin \u00e7\u0259tinlik d\u0259r\u0259c\u0259si II qrupla eyni olacaq. Ballar\u0131n hesablanma alqoritmind\u0259 d\u0259&hellip;<\/p>\n","protected":false},"author":2,"featured_media":396733,"comment_status":"closed","ping_status":"closed","sticky":false,"template":"","format":"standard","meta":{"om_disable_all_campaigns":false,"_monsterinsights_skip_tracking":false,"_monsterinsights_sitenote_active":false,"_monsterinsights_sitenote_note":"","_monsterinsights_sitenote_category":0},"categories":[26],"tags":[],"aioseo_notices":[],"gutentor_comment":0,"rttpg_featured_image_url":{"full":["https:\/\/arantv.az\/wp-content\/uploads\/2021\/10\/meleyke_abbaszade_0987.jpg",800,600,false],"landscape":["https:\/\/arantv.az\/wp-content\/uploads\/2021\/10\/meleyke_abbaszade_0987.jpg",800,600,false],"portraits":["https:\/\/arantv.az\/wp-content\/uploads\/2021\/10\/meleyke_abbaszade_0987.jpg",800,600,false],"thumbnail":["https:\/\/arantv.az\/wp-content\/uploads\/2021\/10\/meleyke_abbaszade_0987-500x280.jpg",500,280,true],"medium":["https:\/\/arantv.az\/wp-content\/uploads\/2021\/10\/meleyke_abbaszade_0987-487x365.jpg",487,365,true],"large":["https:\/\/arantv.az\/wp-content\/uploads\/2021\/10\/meleyke_abbaszade_0987.jpg",640,480,false],"1536x1536":["https:\/\/arantv.az\/wp-content\/uploads\/2021\/10\/meleyke_abbaszade_0987.jpg",800,600,false],"2048x2048":["https:\/\/arantv.az\/wp-content\/uploads\/2021\/10\/meleyke_abbaszade_0987.jpg",800,600,false],"post-thumbnail":["https:\/\/arantv.az\/wp-content\/uploads\/2021\/10\/meleyke_abbaszade_0987-240x172.jpg",240,172,true],"advps-thumb-one":["https:\/\/arantv.az\/wp-content\/uploads\/2021\/10\/meleyke_abbaszade_0987.jpg",800,600,false]},"rttpg_author":{"display_name":"V\u00fcsal Rafiqo\u011flu","author_link":"https:\/\/arantv.az\/?author=2"},"rttpg_comment":0,"rttpg_category":"<a href=\"https:\/\/arantv.az\/?cat=26\" rel=\"category\">Sosial<\/a>","rttpg_excerpt":"300 baldan a\u015fa\u011f\u0131 n\u0259tic\u0259 g\u00f6st\u0259rib, ist\u0259dikl\u0259ri ixtisaslara d\u00fc\u015f\u0259 bilm\u0259y\u0259nl\u0259rin se\u00e7im imkanlar\u0131 artacaq. ARANTV.AZ Trend-\u0259 istinad\u0259n bildirir ki,\u00a0bunu D\u00f6vl\u0259t \u0130mtahan M\u0259rk\u0259zinin s\u0259dri M\u0259leyk\u0259 Abbaszad\u0259 deyib O bildirib ki, &#8220;Region\u015f\u00fcnasl\u0131q&#8221; v\u0259 &#8220;Beyn\u0259lxalq m\u00fcnasib\u0259tl\u0259r&#8221; ixtisaslar\u0131n\u0131n III qrupa ke\u00e7irilm\u0259si il\u0259 bu qrupa 1300 plan yeri \u0259lav\u0259 olunacaq, bu, III qrupda ixtisas se\u00e7imi il\u0259 ba\u011fl\u0131 g\u0259rginliyin a\u015fa\u011f\u0131 d\u00fc\u015fm\u0259sin\u0259 g\u0259tirib \u00e7\u0131xaracaq:&hellip;","_links":{"self":[{"href":"https:\/\/arantv.az\/index.php?rest_route=\/wp\/v2\/posts\/396732"}],"collection":[{"href":"https:\/\/arantv.az\/index.php?rest_route=\/wp\/v2\/posts"}],"about":[{"href":"https:\/\/arantv.az\/index.php?rest_route=\/wp\/v2\/types\/post"}],"author":[{"embeddable":true,"href":"https:\/\/arantv.az\/index.php?rest_route=\/wp\/v2\/users\/2"}],"replies":[{"embeddable":true,"href":"https:\/\/arantv.az\/index.php?rest_route=%2Fwp%2Fv2%2Fcomments&post=396732"}],"version-history":[{"count":0,"href":"https:\/\/arantv.az\/index.php?rest_route=\/wp\/v2\/posts\/396732\/revisions"}],"wp:featuredmedia":[{"embeddable":true,"href":"https:\/\/arantv.az\/index.php?rest_route=\/wp\/v2\/media\/396733"}],"wp:attachment":[{"href":"https:\/\/arantv.az\/index.php?rest_route=%2Fwp%2Fv2%2Fmedia&parent=396732"}],"wp:term":[{"taxonomy":"category","embeddable":true,"href":"https:\/\/arantv.az\/index.php?rest_route=%2Fwp%2Fv2%2Fcategories&post=396732"},{"taxonomy":"post_tag","embeddable":true,"href":"https:\/\/arantv.az\/index.php?rest_route=%2Fwp%2Fv2%2Ftags&post=396732"}],"curies":[{"name":"wp","href":"https:\/\/api.w.org\/{rel}","templated":true}]}}