{"id":396735,"date":"2021-10-28T12:15:10","date_gmt":"2021-10-28T09:15:10","guid":{"rendered":"http:\/\/arantv.az\/?p=396735"},"modified":"2021-10-28T12:15:10","modified_gmt":"2021-10-28T09:15:10","slug":"v%c9%99t%c9%99n-sevdalisi-s%c9%99hid-elm%c9%99ddin-namazov-video","status":"publish","type":"post","link":"https:\/\/arantv.az\/?p=396735","title":{"rendered":"V\u0259t\u0259n sevdal\u0131s\u0131 \u015f\u0259hid Elm\u0259ddin Namazov &#8211; V\u0130DEO"},"content":{"rendered":"<div class=\"article_text\">\n<p>&#8220;Ana, torpaqlar\u0131 erm\u0259nil\u0259rd\u0259n azad ed\u0259k qay\u0131daq, s\u0259n\u0259 g\u00f6z\u0259l bir ev tik\u0259c\u0259m, s\u0259ni saraylarda ya\u015fadacam&#8221; demi\u015fdi 25 ya\u015fl\u0131 \u015f\u0259hidimiz Elm\u0259ddin N\u0259sib o\u011flu Namazov. 44 g\u00fcnl\u00fck V\u0259t\u0259n m\u00fcharib\u0259si ba\u015flayanda k\u00f6n\u00fcll\u00fc olaraq d\u00f6y\u00fc\u015fl\u0259r\u0259 qat\u0131lan Elm\u0259ddin, 1996-c\u0131 ilin may\u0131n 7-d\u0259 Samux rayonunun Qovlarsar\u0131 k\u0259ndind\u0259 anadan olub. 2014-2016-ci ill\u0259rd\u0259 Nax\u00e7\u0131van Muxtar Respublikas\u0131nda &#8220;n&#8221; sayl\u0131 h\u0259rbi hiss\u0259d\u0259 k\u0259\u015ffiyyat taborunda at\u0131c\u0131 kimi xidm\u0259t ke\u00e7\u0259n q\u0259hr\u0259man\u0131m\u0131z, f\u0259xri f\u0259rman alaraq ev\u0259 d\u00f6nd\u00fckd\u0259n sonra n\u00fcmun\u0259vi \u00f6vlad kimi valideynl\u0259rinin qullu\u011funda dayan\u0131b. Sentyabr\u0131n 20-d\u0259 ordu s\u0131ralar\u0131na t\u0259krar qulluq \u00fc\u00e7\u00fcn \u00e7a\u011f\u0131r\u0131\u015f g\u0259l\u0259nd\u0259 ba\u015fqa \u015f\u0259h\u0259rd\u0259 olsa da \u00f6z\u00fcn\u00fc h\u0259rbi komissarl\u0131\u011fa \u00e7atd\u0131r\u0131b.<\/p>\n<p><strong>ARANTV.AZ<\/strong>\u00a0 Real TV-y\u0259 istinad\u0259n x\u0259b\u0259r verir ki,d\u00f6y\u00fc\u015fl\u0259rd\u0259 oldu\u011fu d\u00f6vrd\u0259 Elm\u0259ddin ail\u0259sind\u0259n harada oldu\u011funu gizl\u0259dirdi. N\u0259 q\u0259d\u0259r anas\u0131 \u00f6yr\u0259nm\u0259y\u0259 \u00e7al\u0131\u015fsa da sad\u0259c\u0259 t\u0259liml\u0259rd\u0259 oldu\u011funu s\u00f6yl\u0259yirdi. O h\u0259tta yaral\u0131 oldu\u011fu zaman z\u0259ng ed\u0259nd\u0259 bel\u0259 h\u0259l\u0259 d\u0259 Seyf\u0259lid\u0259 t\u0259liml\u0259r ke\u00e7diyini deyirdi. Q\u0259hr\u0259man\u0131m\u0131z \u015f\u0259hid olmam\u0131\u015fdan bir g\u00fcn \u00f6nc\u0259 yen\u0259 d\u0259 ail\u0259sin\u0259 z\u0259ng etmi\u015fdi.<\/p>\n<p>\u00dcr\u0259yi v\u0259t\u0259n e\u015fqi il\u0259 d\u00f6y\u00fcn\u0259n Elm\u0259ddin Namazov, \u0259zizl\u0259rin\u0259 m\u00fcharib\u0259 d\u00f6vr\u00fcnd\u0259 he\u00e7 n\u0259 s\u00f6yl\u0259m\u0259s\u0259 d\u0259 onunla bir taborda olan \u0259sg\u0259r yolda\u015flar\u0131 \u015f\u0259hid haqq\u0131nda xatir\u0259l\u0259rini sonradan ail\u0259siyl\u0259 b\u00f6l\u00fc\u015f\u00fcbl\u0259r. M\u0259lum olub ki, Murovdan Qubadl\u0131ya q\u0259d\u0259r ke\u00e7\u0259n d\u00f6y\u00fc\u015f yolunda Elm\u0259ddin bir ne\u00e7\u0259 d\u0259f\u0259 yaralan\u0131b, lakin geri d\u00f6nm\u0259yib, \u00f6z d\u00f6y\u00fc\u015f yolda\u015flar\u0131n\u0131 t\u0259k buraxmay\u0131b.<\/p>\n<p>H\u0259l\u0259 u\u015faql\u0131qdan q\u0259lbi m\u0259rh\u0259m\u0259t hissi il\u0259 dolu olan \u015f\u0259hid Elm\u0259ddin Namazov, m\u00fcharib\u0259y\u0259 yollanmam\u0131\u015fdan \u00f6nc\u0259 h\u0259r k\u0259s\u0259 yax\u015f\u0131l\u0131q etm\u0259k, ham\u0131n\u0131n xatirind\u0259 xeyirxah \u0259m\u0259ll\u0259rl\u0259 qalma\u011fa \u00e7al\u0131\u015f\u0131rd\u0131.Ya\u015fad\u0131\u011f\u0131 k\u00fc\u00e7\u0259d\u0259 insanlar\u0131n i\u00e7m\u0259li sudan \u0259ziyy\u0259t \u00e7\u0259kdiyini g\u00f6r\u0259n \u015f\u0259hidimiz atas\u0131 il\u0259 birlikd\u0259 su x\u0259ttinin \u00e7\u0259kilm\u0259sin\u0259 nail olur.<\/p>\n<p>&#8220;\u015e\u0259hidl\u0259r \u00f6lm\u0259z, V\u0259t\u0259n b\u00f6l\u00fcnm\u0259z&#8221;. \u0130ki bac\u0131n\u0131n bir qarda\u015f\u0131n\u0131 torpaqlar\u0131n azadl\u0131\u011f\u0131 u\u011fr\u00fcnda qurban ver\u0259n ata v\u0259 ana q\u00fcrurludur. Ona g\u00f6r\u0259 ki, \u00f6vladlar\u0131 v\u0259t\u0259n u\u011frunda \u015f\u0259hid oldu. B\u00fct\u00fcn \u015f\u0259hid valideynl\u0259ri kimi onlar\u0131n da bir s\u00f6z\u00fc var. V\u0259t\u0259n sa\u011f olsun. Can\u0131n\u0131 v\u0259t\u0259n u\u011frunda f\u0259da ed\u0259n, G\u0259nc\u0259 \u015e\u0259hidl\u0259r xiyaban\u0131nda uyuyan \u015f\u0259hid Elm\u0259ddin Namazov, \u00f6l\u00fcm\u00fcnd\u0259n sonra &#8220;F\u00fczulinin azad olunmas\u0131na g\u00f6r\u0259&#8221;, &#8220;V\u0259t\u0259n u\u011frunda &#8221; v\u0259 &#8220;D\u00f6y\u00fc\u015fd\u0259 f\u0259rql\u0259nm\u0259y\u0259 g\u00f6r\u0259&#8221; medallar\u0131 il\u0259 t\u0259ltif olunub.<\/p>\n<div>\n<div id=\"AdviadNativeVideo0\" class=\"AdviadNativeVideo\"><\/div>\n<\/div>\n<p>&nbsp;<\/p>\n<p><iframe loading=\"lazy\" src=\"https:\/\/daytube.az\/az\/embed\/117436\" width=\"670\" height=\"400\" frameborder=\"0\" allowfullscreen=\"allowfullscreen\" data-mce-fragment=\"1\"><\/iframe><\/div>\n<p>&nbsp;<\/p>\n","protected":false},"excerpt":{"rendered":"<p>&#8220;Ana, torpaqlar\u0131 erm\u0259nil\u0259rd\u0259n azad ed\u0259k qay\u0131daq, s\u0259n\u0259 g\u00f6z\u0259l bir ev tik\u0259c\u0259m, s\u0259ni saraylarda ya\u015fadacam&#8221; demi\u015fdi 25 ya\u015fl\u0131 \u015f\u0259hidimiz Elm\u0259ddin N\u0259sib o\u011flu Namazov. 44 g\u00fcnl\u00fck V\u0259t\u0259n m\u00fcharib\u0259si ba\u015flayanda k\u00f6n\u00fcll\u00fc olaraq d\u00f6y\u00fc\u015fl\u0259r\u0259 qat\u0131lan Elm\u0259ddin, 1996-c\u0131 ilin may\u0131n 7-d\u0259 Samux rayonunun Qovlarsar\u0131 k\u0259ndind\u0259 anadan olub. 2014-2016-ci ill\u0259rd\u0259 Nax\u00e7\u0131van Muxtar Respublikas\u0131nda &#8220;n&#8221; sayl\u0131 h\u0259rbi hiss\u0259d\u0259 k\u0259\u015ffiyyat taborunda at\u0131c\u0131 kimi xidm\u0259t ke\u00e7\u0259n q\u0259hr\u0259man\u0131m\u0131z, f\u0259xri f\u0259rman alaraq ev\u0259 d\u00f6nd\u00fckd\u0259n sonra n\u00fcmun\u0259vi \u00f6vlad kimi valideynl\u0259rinin qullu\u011funda dayan\u0131b. Sentyabr\u0131n 20-d\u0259 ordu s\u0131ralar\u0131na t\u0259krar qulluq \u00fc\u00e7\u00fcn \u00e7a\u011f\u0131r\u0131\u015f g\u0259l\u0259nd\u0259 ba\u015fqa \u015f\u0259h\u0259rd\u0259 olsa da \u00f6z\u00fcn\u00fc h\u0259rbi komissarl\u0131\u011fa \u00e7atd\u0131r\u0131b. ARANTV.AZ\u00a0 Real TV-y\u0259&hellip;<\/p>\n","protected":false},"author":2,"featured_media":396736,"comment_status":"closed","ping_status":"closed","sticky":false,"template":"","format":"standard","meta":{"om_disable_all_campaigns":false,"_monsterinsights_skip_tracking":false,"_monsterinsights_sitenote_active":false,"_monsterinsights_sitenote_note":"","_monsterinsights_sitenote_category":0},"categories":[26],"tags":[],"aioseo_notices":[],"gutentor_comment":0,"rttpg_featured_image_url":{"full":["https:\/\/arantv.az\/wp-content\/uploads\/2021\/10\/991248.jpg",800,600,false],"landscape":["https:\/\/arantv.az\/wp-content\/uploads\/2021\/10\/991248.jpg",800,600,false],"portraits":["https:\/\/arantv.az\/wp-content\/uploads\/2021\/10\/991248.jpg",800,600,false],"thumbnail":["https:\/\/arantv.az\/wp-content\/uploads\/2021\/10\/991248-500x280.jpg",500,280,true],"medium":["https:\/\/arantv.az\/wp-content\/uploads\/2021\/10\/991248-487x365.jpg",487,365,true],"large":["https:\/\/arantv.az\/wp-content\/uploads\/2021\/10\/991248.jpg",640,480,false],"1536x1536":["https:\/\/arantv.az\/wp-content\/uploads\/2021\/10\/991248.jpg",800,600,false],"2048x2048":["https:\/\/arantv.az\/wp-content\/uploads\/2021\/10\/991248.jpg",800,600,false],"post-thumbnail":["https:\/\/arantv.az\/wp-content\/uploads\/2021\/10\/991248-240x172.jpg",240,172,true],"advps-thumb-one":["https:\/\/arantv.az\/wp-content\/uploads\/2021\/10\/991248.jpg",800,600,false]},"rttpg_author":{"display_name":"V\u00fcsal Rafiqo\u011flu","author_link":"https:\/\/arantv.az\/?author=2"},"rttpg_comment":0,"rttpg_category":"<a href=\"https:\/\/arantv.az\/?cat=26\" rel=\"category\">Sosial<\/a>","rttpg_excerpt":"&#8220;Ana, torpaqlar\u0131 erm\u0259nil\u0259rd\u0259n azad ed\u0259k qay\u0131daq, s\u0259n\u0259 g\u00f6z\u0259l bir ev tik\u0259c\u0259m, s\u0259ni saraylarda ya\u015fadacam&#8221; demi\u015fdi 25 ya\u015fl\u0131 \u015f\u0259hidimiz Elm\u0259ddin N\u0259sib o\u011flu Namazov. 44 g\u00fcnl\u00fck V\u0259t\u0259n m\u00fcharib\u0259si ba\u015flayanda k\u00f6n\u00fcll\u00fc olaraq d\u00f6y\u00fc\u015fl\u0259r\u0259 qat\u0131lan Elm\u0259ddin, 1996-c\u0131 ilin may\u0131n 7-d\u0259 Samux rayonunun Qovlarsar\u0131 k\u0259ndind\u0259 anadan olub. 2014-2016-ci ill\u0259rd\u0259 Nax\u00e7\u0131van Muxtar Respublikas\u0131nda &#8220;n&#8221; sayl\u0131 h\u0259rbi hiss\u0259d\u0259 k\u0259\u015ffiyyat taborunda at\u0131c\u0131 kimi&hellip;","_links":{"self":[{"href":"https:\/\/arantv.az\/index.php?rest_route=\/wp\/v2\/posts\/396735"}],"collection":[{"href":"https:\/\/arantv.az\/index.php?rest_route=\/wp\/v2\/posts"}],"about":[{"href":"https:\/\/arantv.az\/index.php?rest_route=\/wp\/v2\/types\/post"}],"author":[{"embeddable":true,"href":"https:\/\/arantv.az\/index.php?rest_route=\/wp\/v2\/users\/2"}],"replies":[{"embeddable":true,"href":"https:\/\/arantv.az\/index.php?rest_route=%2Fwp%2Fv2%2Fcomments&post=396735"}],"version-history":[{"count":0,"href":"https:\/\/arantv.az\/index.php?rest_route=\/wp\/v2\/posts\/396735\/revisions"}],"wp:featuredmedia":[{"embeddable":true,"href":"https:\/\/arantv.az\/index.php?rest_route=\/wp\/v2\/media\/396736"}],"wp:attachment":[{"href":"https:\/\/arantv.az\/index.php?rest_route=%2Fwp%2Fv2%2Fmedia&parent=396735"}],"wp:term":[{"taxonomy":"category","embeddable":true,"href":"https:\/\/arantv.az\/index.php?rest_route=%2Fwp%2Fv2%2Fcategories&post=396735"},{"taxonomy":"post_tag","embeddable":true,"href":"https:\/\/arantv.az\/index.php?rest_route=%2Fwp%2Fv2%2Ftags&post=396735"}],"curies":[{"name":"wp","href":"https:\/\/api.w.org\/{rel}","templated":true}]}}