{"id":396738,"date":"2021-10-28T12:16:40","date_gmt":"2021-10-28T09:16:40","guid":{"rendered":"http:\/\/arantv.az\/?p=396738"},"modified":"2021-10-28T12:16:40","modified_gmt":"2021-10-28T09:16:40","slug":"b%c9%99rd%c9%99d%c9%99-koronavirus-x%c9%99st%c9%99l%c9%99ri-saxlanilib","status":"publish","type":"post","link":"https:\/\/arantv.az\/?p=396738","title":{"rendered":"B\u0259rd\u0259d\u0259 koronavirus x\u0259st\u0259l\u0259ri saxlan\u0131l\u0131b"},"content":{"rendered":"<p>B\u0259rd\u0259 Rayon Polis \u015e\u00f6b\u0259sinin \u0259m\u0259kda\u015flar\u0131 koronavirus pandemiyas\u0131n\u0131n geni\u015f yay\u0131lmas\u0131n\u0131n qar\u015f\u0131s\u0131n\u0131n al\u0131nmas\u0131 m\u0259qs\u0259dil\u0259 h\u0259yata ke\u00e7irdikl\u0259ri n\u0259zar\u0259t-profilaktik t\u0259dbirl\u0259r zaman\u0131 ictimai yerl\u0259rd\u0259 aktiv koronavirus x\u0259st\u0259l\u0259rini a\u015fkarlay\u0131blar.<\/p>\n<p>Daxili \u0130\u015fl\u0259r Nazirliyinin m\u0259tbuat xidm\u0259tinin B\u0259rd\u0259 regional qrupundan\u00a0 <strong>ARANTV.AZ-<\/strong>a bildiribl\u0259r ki, F.Abbasovan\u0131n v\u0259 H.Neciyevin koronavirus testl\u0259rinin n\u0259tic\u0259l\u0259ri pozitiv oldu\u011fu \u00fc\u00e7\u00fcn onlara ev \u015f\u0259raitind\u0259 m\u00fcalic\u0259 t\u0259yin olunsa da, h\u0259min \u015f\u0259xsl\u0259rin karantin rejiminin qaydalar\u0131n\u0131 pozaraq ya\u015fad\u0131qlar\u0131 \u00fcnvanlar\u0131 t\u0259rk etdikl\u0259ri m\u00fc\u0259yy\u0259nl\u0259\u015fdirilib.<\/p>\n<p>Polis \u0259m\u0259kda\u015flar\u0131n\u0131n ke\u00e7irdikl\u0259ri t\u0259dbirl\u0259rl\u0259 onlar\u0131n h\u0259r ikisi rayon \u0259razisind\u0259 saxlan\u0131l\u0131b v\u0259 tibbi prosedurlar g\u00f6zl\u0259nilm\u0259kl\u0259 ya\u015fad\u0131qlar\u0131 \u00fcnvanlara qaytar\u0131l\u0131blar.<\/p>\n<p>Faktla ba\u011fl\u0131 B\u0259rd\u0259 Rayon Polis \u015e\u00f6b\u0259sind\u0259 ara\u015fd\u0131rmalar apar\u0131l\u0131r.<\/p>\n","protected":false},"excerpt":{"rendered":"<p>B\u0259rd\u0259 Rayon Polis \u015e\u00f6b\u0259sinin \u0259m\u0259kda\u015flar\u0131 koronavirus pandemiyas\u0131n\u0131n geni\u015f yay\u0131lmas\u0131n\u0131n qar\u015f\u0131s\u0131n\u0131n al\u0131nmas\u0131 m\u0259qs\u0259dil\u0259 h\u0259yata ke\u00e7irdikl\u0259ri n\u0259zar\u0259t-profilaktik t\u0259dbirl\u0259r zaman\u0131 ictimai yerl\u0259rd\u0259 aktiv koronavirus x\u0259st\u0259l\u0259rini a\u015fkarlay\u0131blar. Daxili \u0130\u015fl\u0259r Nazirliyinin m\u0259tbuat xidm\u0259tinin B\u0259rd\u0259 regional qrupundan\u00a0 ARANTV.AZ-a bildiribl\u0259r ki, F.Abbasovan\u0131n v\u0259 H.Neciyevin koronavirus testl\u0259rinin n\u0259tic\u0259l\u0259ri pozitiv oldu\u011fu \u00fc\u00e7\u00fcn onlara ev \u015f\u0259raitind\u0259 m\u00fcalic\u0259 t\u0259yin olunsa da, h\u0259min \u015f\u0259xsl\u0259rin karantin rejiminin qaydalar\u0131n\u0131 pozaraq ya\u015fad\u0131qlar\u0131 \u00fcnvanlar\u0131 t\u0259rk etdikl\u0259ri m\u00fc\u0259yy\u0259nl\u0259\u015fdirilib. Polis \u0259m\u0259kda\u015flar\u0131n\u0131n ke\u00e7irdikl\u0259ri t\u0259dbirl\u0259rl\u0259 onlar\u0131n h\u0259r ikisi rayon \u0259razisind\u0259 saxlan\u0131l\u0131b v\u0259 tibbi prosedurlar g\u00f6zl\u0259nilm\u0259kl\u0259 ya\u015fad\u0131qlar\u0131 \u00fcnvanlara qaytar\u0131l\u0131blar. Faktla ba\u011fl\u0131 B\u0259rd\u0259 Rayon Polis \u015e\u00f6b\u0259sind\u0259 ara\u015fd\u0131rmalar apar\u0131l\u0131r.<\/p>\n","protected":false},"author":2,"featured_media":396739,"comment_status":"closed","ping_status":"closed","sticky":false,"template":"","format":"standard","meta":{"om_disable_all_campaigns":false,"_monsterinsights_skip_tracking":false,"_monsterinsights_sitenote_active":false,"_monsterinsights_sitenote_note":"","_monsterinsights_sitenote_category":0},"categories":[26],"tags":[],"aioseo_notices":[],"gutentor_comment":0,"rttpg_featured_image_url":{"full":["https:\/\/arantv.az\/wp-content\/uploads\/2021\/10\/16354114982791133176_1000x669.jpg",1000,623,false],"landscape":["https:\/\/arantv.az\/wp-content\/uploads\/2021\/10\/16354114982791133176_1000x669.jpg",1000,623,false],"portraits":["https:\/\/arantv.az\/wp-content\/uploads\/2021\/10\/16354114982791133176_1000x669.jpg",1000,623,false],"thumbnail":["https:\/\/arantv.az\/wp-content\/uploads\/2021\/10\/16354114982791133176_1000x669-500x280.jpg",500,280,true],"medium":["https:\/\/arantv.az\/wp-content\/uploads\/2021\/10\/16354114982791133176_1000x669-586x365.jpg",586,365,true],"large":["https:\/\/arantv.az\/wp-content\/uploads\/2021\/10\/16354114982791133176_1000x669-840x523.jpg",640,398,true],"1536x1536":["https:\/\/arantv.az\/wp-content\/uploads\/2021\/10\/16354114982791133176_1000x669.jpg",1000,623,false],"2048x2048":["https:\/\/arantv.az\/wp-content\/uploads\/2021\/10\/16354114982791133176_1000x669.jpg",1000,623,false],"post-thumbnail":["https:\/\/arantv.az\/wp-content\/uploads\/2021\/10\/16354114982791133176_1000x669-240x172.jpg",240,172,true],"advps-thumb-one":["https:\/\/arantv.az\/wp-content\/uploads\/2021\/10\/16354114982791133176_1000x669-1000x620.jpg",1000,620,true]},"rttpg_author":{"display_name":"V\u00fcsal Rafiqo\u011flu","author_link":"https:\/\/arantv.az\/?author=2"},"rttpg_comment":0,"rttpg_category":"<a href=\"https:\/\/arantv.az\/?cat=26\" rel=\"category\">Sosial<\/a>","rttpg_excerpt":"B\u0259rd\u0259 Rayon Polis \u015e\u00f6b\u0259sinin \u0259m\u0259kda\u015flar\u0131 koronavirus pandemiyas\u0131n\u0131n geni\u015f yay\u0131lmas\u0131n\u0131n qar\u015f\u0131s\u0131n\u0131n al\u0131nmas\u0131 m\u0259qs\u0259dil\u0259 h\u0259yata ke\u00e7irdikl\u0259ri n\u0259zar\u0259t-profilaktik t\u0259dbirl\u0259r zaman\u0131 ictimai yerl\u0259rd\u0259 aktiv koronavirus x\u0259st\u0259l\u0259rini a\u015fkarlay\u0131blar. Daxili \u0130\u015fl\u0259r Nazirliyinin m\u0259tbuat xidm\u0259tinin B\u0259rd\u0259 regional qrupundan\u00a0 ARANTV.AZ-a bildiribl\u0259r ki, F.Abbasovan\u0131n v\u0259 H.Neciyevin koronavirus testl\u0259rinin n\u0259tic\u0259l\u0259ri pozitiv oldu\u011fu \u00fc\u00e7\u00fcn onlara ev \u015f\u0259raitind\u0259 m\u00fcalic\u0259 t\u0259yin olunsa da, h\u0259min \u015f\u0259xsl\u0259rin karantin rejiminin qaydalar\u0131n\u0131&hellip;","_links":{"self":[{"href":"https:\/\/arantv.az\/index.php?rest_route=\/wp\/v2\/posts\/396738"}],"collection":[{"href":"https:\/\/arantv.az\/index.php?rest_route=\/wp\/v2\/posts"}],"about":[{"href":"https:\/\/arantv.az\/index.php?rest_route=\/wp\/v2\/types\/post"}],"author":[{"embeddable":true,"href":"https:\/\/arantv.az\/index.php?rest_route=\/wp\/v2\/users\/2"}],"replies":[{"embeddable":true,"href":"https:\/\/arantv.az\/index.php?rest_route=%2Fwp%2Fv2%2Fcomments&post=396738"}],"version-history":[{"count":0,"href":"https:\/\/arantv.az\/index.php?rest_route=\/wp\/v2\/posts\/396738\/revisions"}],"wp:featuredmedia":[{"embeddable":true,"href":"https:\/\/arantv.az\/index.php?rest_route=\/wp\/v2\/media\/396739"}],"wp:attachment":[{"href":"https:\/\/arantv.az\/index.php?rest_route=%2Fwp%2Fv2%2Fmedia&parent=396738"}],"wp:term":[{"taxonomy":"category","embeddable":true,"href":"https:\/\/arantv.az\/index.php?rest_route=%2Fwp%2Fv2%2Fcategories&post=396738"},{"taxonomy":"post_tag","embeddable":true,"href":"https:\/\/arantv.az\/index.php?rest_route=%2Fwp%2Fv2%2Ftags&post=396738"}],"curies":[{"name":"wp","href":"https:\/\/api.w.org\/{rel}","templated":true}]}}