{"id":396741,"date":"2021-10-28T12:17:33","date_gmt":"2021-10-28T09:17:33","guid":{"rendered":"http:\/\/arantv.az\/?p=396741"},"modified":"2021-10-28T12:17:33","modified_gmt":"2021-10-28T09:17:33","slug":"ilham-%c9%99liyevd%c9%99n-%c9%99rdogana-t%c9%99brik-m%c9%99ktubu-3","status":"publish","type":"post","link":"https:\/\/arantv.az\/?p=396741","title":{"rendered":"\u0130lham \u018fliyevd\u0259n \u018frdo\u011fana t\u0259brik m\u0259ktubu"},"content":{"rendered":"<p>Az\u0259rbaycan Prezidenti \u0130lham \u018fliyev T\u00fcrkiy\u0259 Prezidenti R\u0259c\u0259b Tayyib \u018frdo\u011fana t\u0259brik m\u0259ktubu \u00fcnvanlay\u0131b.<\/p>\n<p><a href=\"https:\/\/azertag.az\/xeber\/Turkiye_Respublikasinin_Prezidenti_Zati_alileri_cenab_Receb_Tayyib_Ardogana-1911084\" target=\"_blank\" rel=\"noopener\">AZ\u018fRTAC<\/a>\u00a0x\u0259b\u0259r verir ki, m\u0259ktubda deyilir:<\/p>\n<p>\u201cT\u00fcrkiy\u0259 Respublikas\u0131n\u0131n milli bayram\u0131 \u2013 Respublika G\u00fcn\u00fc m\u00fcnasib\u0259til\u0259 Siz\u0259 v\u0259 Sizin siman\u0131zda b\u00fct\u00fcn xalq\u0131n\u0131za \u015f\u0259xs\u0259n \u00f6z ad\u0131mdan v\u0259 Az\u0259rbaycan xalq\u0131 ad\u0131ndan \u0259n s\u0259mimi t\u0259brikl\u0259rimi v\u0259 xo\u015f arzular\u0131m\u0131 yetirm\u0259kd\u0259n m\u0259mnunluq duyuram.<\/p>\n<div id=\"AdviadNativeVideo0\" class=\"AdviadNativeVideo\"><\/div>\n<p>Siyasi, iqtisadi, h\u0259rbi c\u0259h\u0259td\u0259n q\u00fcdr\u0259tli v\u0259 sabit T\u00fcrkiy\u0259 Respublikas\u0131 bu g\u00fcn beyn\u0259lxalq arenada olduqca \u0259h\u0259miyy\u0259tli yer\u0259 malikdir. Sizin r\u0259hb\u0259rliyiniz alt\u0131nda icra olunan irimiqyasl\u0131 proqramlar, layih\u0259l\u0259r qarda\u015f \u00f6lk\u0259nizin h\u0259rt\u0259r\u0259fli t\u0259r\u0259qqisin\u0259 v\u0259 y\u00fcks\u0259li\u015fin\u0259 xidm\u0259t edir. \u015e\u00fcbh\u0259siz, xalq\u0131n Siz\u0259 olan b\u00f6y\u00fck inam v\u0259 etimad\u0131 h\u0259yata ke\u00e7irdiyiniz strateji inki\u015faf x\u0259ttinin u\u011furunu t\u0259min ed\u0259n \u0259n m\u00fch\u00fcm amildir.<\/p>\n<p>Xalqlar\u0131m\u0131z\u0131n ortaq tarixi v\u0259 milli-m\u0259n\u0259vi d\u0259y\u0259rl\u0259ri kimi m\u00f6hk\u0259m t\u0259m\u0259ll\u0259r \u00fcz\u0259rind\u0259 dayanan Az\u0259rbaycan-T\u00fcrkiy\u0259 dostluq v\u0259 qarda\u015fl\u0131q \u0259laq\u0259l\u0259ri birliyimizin v\u0259 h\u0259mr\u0259yliyimizin bariz ifad\u0259sidir. Haz\u0131rda bu \u0259laq\u0259l\u0259rin tarixi d\u00f6vr\u00fcn\u0259 \u015fahidlik edirik. \u015eu\u015fa B\u0259yannam\u0259sind\u0259 m\u00fc\u0259yy\u0259nl\u0259\u015fdirdiyimiz h\u0259d\u0259fl\u0259r\u0259 v\u0259 istiqam\u0259tl\u0259r\u0259 uy\u011fun olaraq m\u00fctt\u0259fiqlik m\u00fcnasib\u0259tl\u0259rimiz g\u00fcnd\u0259n-g\u00fcn\u0259 geni\u015fl\u0259nm\u0259kd\u0259 v\u0259 yeni m\u0259zmunla z\u0259nginl\u0259\u015fm\u0259kd\u0259dir.<\/p>\n<p>Az\u0259rbaycan\u0131n \u00f6z torpaqlar\u0131n\u0131n i\u015f\u011faldan azad olunmas\u0131 u\u011frunda apard\u0131\u011f\u0131 m\u00fcbariz\u0259d\u0259 \u015f\u0259xs\u0259n Sizin, qarda\u015f T\u00fcrkiy\u0259 d\u00f6vl\u0259ti v\u0259 xalq\u0131n\u0131n q\u0259ti, birm\u0259nal\u0131 siyasi v\u0259 m\u0259n\u0259vi d\u0259st\u0259yi b\u00f6y\u00fck rol oynam\u0131\u015fd\u0131r. Az\u0259rbaycan-T\u00fcrkiy\u0259 h\u0259mr\u0259yliyini bir daha b\u00fct\u00fcn d\u00fcnyaya n\u00fcmayi\u015f etdirmi\u015f bu d\u0259st\u0259yi xalq\u0131m\u0131z he\u00e7 zaman unutmayacaq.<\/p>\n<p>\u018fmin\u0259m ki, \u201cBir mill\u0259t iki d\u00f6vl\u0259t\u201d \u015f\u00fcar\u0131na uy\u011fun olaraq birliyimizin, b\u00fct\u00fcn sah\u0259l\u0259rd\u0259 s\u0259m\u0259r\u0259li v\u0259 f\u0259al \u0259m\u0259kda\u015fl\u0131\u011f\u0131m\u0131z\u0131n daha da m\u00f6hk\u0259ml\u0259ndirilm\u0259si v\u0259 inki\u015faf\u0131 \u00fc\u00e7\u00fcn birg\u0259 s\u0259yl\u0259rimizi davam etdir\u0259c\u0259yik.<\/p>\n<p>Bu \u0259lam\u0259tdar g\u00fcnd\u0259 Siz\u0259 m\u00f6hk\u0259m cansa\u011fl\u0131\u011f\u0131, i\u015fl\u0259rinizd\u0259 u\u011furlar, qarda\u015f T\u00fcrkiy\u0259 xalq\u0131na daim \u0259min-amanl\u0131q v\u0259 firavanl\u0131q arzulay\u0131ram\u201d.<\/p>\n","protected":false},"excerpt":{"rendered":"<p>Az\u0259rbaycan Prezidenti \u0130lham \u018fliyev T\u00fcrkiy\u0259 Prezidenti R\u0259c\u0259b Tayyib \u018frdo\u011fana t\u0259brik m\u0259ktubu \u00fcnvanlay\u0131b. AZ\u018fRTAC\u00a0x\u0259b\u0259r verir ki, m\u0259ktubda deyilir: \u201cT\u00fcrkiy\u0259 Respublikas\u0131n\u0131n milli bayram\u0131 \u2013 Respublika G\u00fcn\u00fc m\u00fcnasib\u0259til\u0259 Siz\u0259 v\u0259 Sizin siman\u0131zda b\u00fct\u00fcn xalq\u0131n\u0131za \u015f\u0259xs\u0259n \u00f6z ad\u0131mdan v\u0259 Az\u0259rbaycan xalq\u0131 ad\u0131ndan \u0259n s\u0259mimi t\u0259brikl\u0259rimi v\u0259 xo\u015f arzular\u0131m\u0131 yetirm\u0259kd\u0259n m\u0259mnunluq duyuram. Siyasi, iqtisadi, h\u0259rbi c\u0259h\u0259td\u0259n q\u00fcdr\u0259tli v\u0259 sabit T\u00fcrkiy\u0259 Respublikas\u0131 bu g\u00fcn beyn\u0259lxalq arenada olduqca \u0259h\u0259miyy\u0259tli yer\u0259 malikdir. Sizin r\u0259hb\u0259rliyiniz alt\u0131nda icra olunan irimiqyasl\u0131 proqramlar, layih\u0259l\u0259r qarda\u015f \u00f6lk\u0259nizin h\u0259rt\u0259r\u0259fli t\u0259r\u0259qqisin\u0259 v\u0259 y\u00fcks\u0259li\u015fin\u0259 xidm\u0259t edir. \u015e\u00fcbh\u0259siz, xalq\u0131n Siz\u0259 olan b\u00f6y\u00fck inam v\u0259 etimad\u0131 h\u0259yata ke\u00e7irdiyiniz&hellip;<\/p>\n","protected":false},"author":2,"featured_media":396742,"comment_status":"closed","ping_status":"closed","sticky":false,"template":"","format":"standard","meta":{"om_disable_all_campaigns":false,"_monsterinsights_skip_tracking":false,"_monsterinsights_sitenote_active":false,"_monsterinsights_sitenote_note":"","_monsterinsights_sitenote_category":0},"categories":[4],"tags":[],"aioseo_notices":[],"gutentor_comment":0,"rttpg_featured_image_url":{"full":["https:\/\/arantv.az\/wp-content\/uploads\/2021\/10\/163524445733248831_1000x669-1.jpg",576,465,false],"landscape":["https:\/\/arantv.az\/wp-content\/uploads\/2021\/10\/163524445733248831_1000x669-1.jpg",576,465,false],"portraits":["https:\/\/arantv.az\/wp-content\/uploads\/2021\/10\/163524445733248831_1000x669-1.jpg",576,465,false],"thumbnail":["https:\/\/arantv.az\/wp-content\/uploads\/2021\/10\/163524445733248831_1000x669-1-500x280.jpg",500,280,true],"medium":["https:\/\/arantv.az\/wp-content\/uploads\/2021\/10\/163524445733248831_1000x669-1-452x365.jpg",452,365,true],"large":["https:\/\/arantv.az\/wp-content\/uploads\/2021\/10\/163524445733248831_1000x669-1.jpg",576,465,false],"1536x1536":["https:\/\/arantv.az\/wp-content\/uploads\/2021\/10\/163524445733248831_1000x669-1.jpg",576,465,false],"2048x2048":["https:\/\/arantv.az\/wp-content\/uploads\/2021\/10\/163524445733248831_1000x669-1.jpg",576,465,false],"post-thumbnail":["https:\/\/arantv.az\/wp-content\/uploads\/2021\/10\/163524445733248831_1000x669-1-240x172.jpg",240,172,true],"advps-thumb-one":["https:\/\/arantv.az\/wp-content\/uploads\/2021\/10\/163524445733248831_1000x669-1.jpg",576,465,false]},"rttpg_author":{"display_name":"V\u00fcsal Rafiqo\u011flu","author_link":"https:\/\/arantv.az\/?author=2"},"rttpg_comment":0,"rttpg_category":"<a href=\"https:\/\/arantv.az\/?cat=4\" rel=\"category\">Siyas\u0259t<\/a>","rttpg_excerpt":"Az\u0259rbaycan Prezidenti \u0130lham \u018fliyev T\u00fcrkiy\u0259 Prezidenti R\u0259c\u0259b Tayyib \u018frdo\u011fana t\u0259brik m\u0259ktubu \u00fcnvanlay\u0131b. AZ\u018fRTAC\u00a0x\u0259b\u0259r verir ki, m\u0259ktubda deyilir: \u201cT\u00fcrkiy\u0259 Respublikas\u0131n\u0131n milli bayram\u0131 \u2013 Respublika G\u00fcn\u00fc m\u00fcnasib\u0259til\u0259 Siz\u0259 v\u0259 Sizin siman\u0131zda b\u00fct\u00fcn xalq\u0131n\u0131za \u015f\u0259xs\u0259n \u00f6z ad\u0131mdan v\u0259 Az\u0259rbaycan xalq\u0131 ad\u0131ndan \u0259n s\u0259mimi t\u0259brikl\u0259rimi v\u0259 xo\u015f arzular\u0131m\u0131 yetirm\u0259kd\u0259n m\u0259mnunluq duyuram. Siyasi, iqtisadi, h\u0259rbi c\u0259h\u0259td\u0259n q\u00fcdr\u0259tli v\u0259 sabit T\u00fcrkiy\u0259&hellip;","_links":{"self":[{"href":"https:\/\/arantv.az\/index.php?rest_route=\/wp\/v2\/posts\/396741"}],"collection":[{"href":"https:\/\/arantv.az\/index.php?rest_route=\/wp\/v2\/posts"}],"about":[{"href":"https:\/\/arantv.az\/index.php?rest_route=\/wp\/v2\/types\/post"}],"author":[{"embeddable":true,"href":"https:\/\/arantv.az\/index.php?rest_route=\/wp\/v2\/users\/2"}],"replies":[{"embeddable":true,"href":"https:\/\/arantv.az\/index.php?rest_route=%2Fwp%2Fv2%2Fcomments&post=396741"}],"version-history":[{"count":0,"href":"https:\/\/arantv.az\/index.php?rest_route=\/wp\/v2\/posts\/396741\/revisions"}],"wp:featuredmedia":[{"embeddable":true,"href":"https:\/\/arantv.az\/index.php?rest_route=\/wp\/v2\/media\/396742"}],"wp:attachment":[{"href":"https:\/\/arantv.az\/index.php?rest_route=%2Fwp%2Fv2%2Fmedia&parent=396741"}],"wp:term":[{"taxonomy":"category","embeddable":true,"href":"https:\/\/arantv.az\/index.php?rest_route=%2Fwp%2Fv2%2Fcategories&post=396741"},{"taxonomy":"post_tag","embeddable":true,"href":"https:\/\/arantv.az\/index.php?rest_route=%2Fwp%2Fv2%2Ftags&post=396741"}],"curies":[{"name":"wp","href":"https:\/\/api.w.org\/{rel}","templated":true}]}}