{"id":396757,"date":"2021-10-28T12:42:15","date_gmt":"2021-10-28T09:42:15","guid":{"rendered":"http:\/\/arantv.az\/?p=396757"},"modified":"2021-10-28T12:42:15","modified_gmt":"2021-10-28T09:42:15","slug":"prezident-ruminiyali-s%c9%99firl%c9%99-gorusdu-yenil%c9%99nib-foto","status":"publish","type":"post","link":"https:\/\/arantv.az\/?p=396757","title":{"rendered":"Prezident rum\u0131niyal\u0131 s\u0259firl\u0259 g\u00f6r\u00fc\u015fd\u00fc &#8211; YEN\u0130L\u018fN\u0130B + FOTO"},"content":{"rendered":"<p>Az\u0259rbaycan Respublikas\u0131n\u0131n Prezidenti \u0130lham \u018fliyev oktyabr\u0131n 28-d\u0259 Rum\u0131niyan\u0131n \u00f6lk\u0259mizd\u0259 yeni t\u0259yin olunmu\u015f f\u00f6vq\u0259lad\u0259 v\u0259 s\u0259lahiyy\u0259tli s\u0259firi Vasile Soarenin etimadnam\u0259sini q\u0259bul edib.<\/p>\n<p>AZ\u018fRTAC x\u0259b\u0259r verir ki, d\u00f6vl\u0259timizin ba\u015f\u00e7\u0131s\u0131n\u0131 salamlayan s\u0259fir\u00a0<strong>Vasile Soare<\/strong>\u00a0deyib:<\/p>\n<p>\u201cH\u00f6rm\u0259tli c\u0259nab Prezident, icaz\u0259 verin, m\u0259nim Rum\u0131niyan\u0131n Az\u0259rbaycan Respublikas\u0131nda f\u00f6vq\u0259lad\u0259 v\u0259 s\u0259lahiyy\u0259tli s\u0259firi t\u0259yin edilm\u0259yim haqq\u0131nda Rum\u0131niya Prezidenti c\u0259nab Klaus Yohannis t\u0259r\u0259find\u0259n imzalanm\u0131\u015f etimadnam\u0259mi Siz\u0259 t\u0259qdim edim\u201d.<\/p>\n<div id=\"AdviadNativeVideo0\" class=\"AdviadNativeVideo\"><\/div>\n<p>S\u0259fir Vasile Soare etimadnam\u0259sini Az\u0259rbaycan Respublikas\u0131n\u0131n Prezidenti \u0130lham \u018fliyev\u0259 t\u0259qdim edib.<\/p>\n<p><strong>Prezident \u0130lham \u018fliyev:<\/strong>\u00a0\u201cSizi salamlay\u0131ram, Az\u0259rbaycana xo\u015f g\u0259lmisiniz. \u00d6lk\u0259mizd\u0259 vaxt\u0131n\u0131z\u0131n yax\u015f\u0131 ke\u00e7m\u0259sini v\u0259 f\u0259al i\u015fl\u0259m\u0259yinizi arzu edir\u0259m. D\u00fc\u015f\u00fcn\u00fcr\u0259m ki, siz art\u0131q yax\u015f\u0131 tarix\u0259 malik olan qar\u015f\u0131l\u0131ql\u0131 m\u00fcnasib\u0259tl\u0259rimizin inki\u015faf\u0131 \u00fc\u00e7\u00fcn f\u0259al s\u0259y g\u00f6st\u0259r\u0259c\u0259ksiniz. \u00dcmid edirik ki, h\u0259m ikit\u0259r\u0259fli m\u00fcnasib\u0259tl\u0259r, h\u0259m d\u0259 Az\u0259rbaycan-Avropa \u0130ttifaq\u0131 \u0259m\u0259kda\u015fl\u0131\u011f\u0131 \u00e7\u0259r\u00e7iv\u0259sind\u0259 perspektivl\u0259r bu c\u00fcr yax\u015f\u0131 olacaq. M\u00fczakir\u0259 edil\u0259si m\u00f6vzular \u00e7oxdur. \u018flb\u0259tt\u0259, Az\u0259rbaycan-NATO \u0259m\u0259kda\u015fl\u0131\u011f\u0131 plan\u0131nda Rum\u0131niya \u00e7ox m\u00fch\u00fcm rol oynay\u0131r. Uzun ill\u0259r boyu Rum\u0131niya bu \u0259m\u0259kda\u015fl\u0131\u011f\u0131n m\u00f6hk\u0259ml\u0259nm\u0259si \u00fc\u00e7\u00fcn \u0259n f\u0259al rollardan birini oynay\u0131b. Bel\u0259likl\u0259, bizim m\u00fcnasib\u0259tl\u0259rimiz h\u0259m ikit\u0259r\u0259fli format\u0131, h\u0259m d\u0259 beyn\u0259lxalq t\u0259\u015fkilatlar \u00e7\u0259r\u00e7iv\u0259sind\u0259 \u0259m\u0259kda\u015fl\u0131q format\u0131n\u0131 \u0259hat\u0259 edir. Buna g\u00f6r\u0259 d\u0259 burada perspektivl\u0259r \u00e7oxdur. Fikrimc\u0259, iqtisadi-ticari sah\u0259d\u0259 v\u0259 energetika sferas\u0131nda \u0259m\u0259kda\u015fl\u0131q sah\u0259sind\u0259, h\u0259m d\u0259 n\u0259qliyyat sah\u0259sind\u0259 imkanlar \u00e7oxdur. Ona g\u00f6r\u0259 ki, bildiyiniz kimi, Az\u0259rbaycan \u00f6lk\u0259nin Avrasiyan\u0131n n\u0259qliyyat-logistika m\u0259rk\u0259zin\u0259 \u00e7evrilm\u0259si \u00fc\u00e7\u00fcn b\u00f6y\u00fck s\u0259y g\u00f6st\u0259rir v\u0259 bu istiqam\u0259td\u0259 b\u00f6y\u00fck i\u015fl\u0259r g\u00f6r\u00fcl\u00fcb. Lakin \u00e7ox \u015fey ikit\u0259r\u0259fli \u0259laq\u0259l\u0259rd\u0259n as\u0131l\u0131d\u0131r. Odur ki, bizim m\u00f6vcud olan v\u0259 yarad\u0131lmas\u0131n\u0131 planla\u015fd\u0131rd\u0131\u011f\u0131m\u0131z infrastruktur y\u00fckg\u00f6nd\u0259r\u0259nl\u0259r \u00fc\u00e7\u00fcn alternativ imkanlar yaradacaq. Bel\u0259likl\u0259, bu sah\u0259d\u0259 d\u0259 \u0259m\u0259kda\u015fl\u0131\u011fa \u00fcmid edirik. Lakin b\u00fct\u00fcn ba\u015fqa istiqam\u0259tl\u0259r \u00fczr\u0259 d\u0259 biz sizin \u00f6lk\u0259nizl\u0259 \u0259m\u0259kda\u015fl\u0131q \u00fc\u00e7\u00fcn h\u0259mi\u015f\u0259 a\u00e7\u0131q olmu\u015fuq. Z\u0259nnimc\u0259, biz bunu qar\u015f\u0131l\u0131ql\u0131 maraqlar \u0259sas\u0131nda davam etdir\u0259c\u0259yik. Siz\u0259 Az\u0259rbaycanda vaxt\u0131n\u0131z\u0131n yax\u015f\u0131 ke\u00e7m\u0259sini v\u0259 f\u0259al i\u015fl\u0259m\u0259yinizi arzu edir\u0259m\u201d.<\/p>\n<p><strong>S\u0259fir Vasile Soare:<\/strong>\u00a0\u201cT\u0259\u015f\u0259kk\u00fcr edir\u0259m, c\u0259nab Prezident. H\u0259qiq\u0259t\u0259n, Rum\u0131niyan\u0131n Az\u0259rbaycanda s\u0259firi t\u0259yin edilm\u0259yim m\u0259nim \u00fc\u00e7\u00fcn b\u00f6y\u00fck \u015f\u0259r\u0259fdir. M\u0259n bu istiqam\u0259td\u0259 uzun ill\u0259r boyu i\u015fl\u0259mi\u015f\u0259m. Bundan \u0259vv\u0259l Qazax\u0131standa v\u0259 Rusiya Federasiyas\u0131nda s\u0259fir olmu\u015fam. Uzun ill\u0259r boyu Az\u0259rbaycan il\u0259 m\u00fcnasib\u0259tl\u0259r\u0259 kuratorluq etmi\u015f\u0259m, b\u00fct\u00fcn t\u0259dbirl\u0259rimizi \u0259n y\u00fcks\u0259k s\u0259viyy\u0259d\u0259 t\u0259\u015fkil etmi\u015f\u0259m. Bir fakt\u0131 gizl\u0259tmir\u0259m ki, 2009-cu ild\u0259 \u00f6lk\u0259l\u0259rimiz aras\u0131nda strateji t\u0259r\u0259fda\u015fl\u0131q haqq\u0131nda B\u0259yannam\u0259nin, h\u0259m\u00e7inin F\u0259aliyy\u0259t Plan\u0131n\u0131n v\u0259 bu m\u00fch\u00fcm s\u0259n\u0259d\u0259 daxil edilmi\u015f layih\u0259l\u0259rin haz\u0131rlanmas\u0131nda bilavasit\u0259 i\u015ftirak etmi\u015f\u0259m\u201d.<\/p>\n<p><strong>11:42<\/strong><\/p>\n<p>Az\u0259rbaycan Respublikas\u0131n\u0131n Prezidenti \u0130lham \u018fliyev oktyabr\u0131n 28-d\u0259 Rum\u0131niyan\u0131n \u00f6lk\u0259mizd\u0259 yeni t\u0259yin olunmu\u015f f\u00f6vq\u0259lad\u0259 v\u0259 s\u0259lahiyy\u0259tli s\u0259firi Vasile Soarenin etimadnam\u0259sini q\u0259bul edib.<\/p>\n<p>Bununla ba\u011fl\u0131\u00a0<a href=\"https:\/\/azertag.az\/xeber\/Prezident_Ilham_Aliyev_Ruminiyanin_Azerbaycanda_yeni_teyin_olunmus_sefirinin_etimadnamesini_qebul_edib_YENILANACAK-1910880\" target=\"_blank\" rel=\"noopener\">AZ\u018fRTAC<\/a>\u00a0m\u0259lumat yay\u0131b.<\/p>\n<p>&nbsp;<\/p>\n<div class=\"gallery\">\n<div class=\"gallery-i\"><img src=\"https:\/\/cdn.oxu.az\/uploads\/W1siZiIsIjIwMjEvMTAvMjgvMTEvNDEvMDUvMTliNjkwOWYtN2E5OS00NjhhLTg4M2EtNzAwNTcwMGY3M2YzLzE2MzU0MDY0NDg2MTU1NDQ2MDQ5LmpwZyJdLFsicCIsImVuY29kZSIsImpwZyIsIi1xdWFsaXR5IDgwIl0sWyJwIiwidGh1bWIiLCI1OTB4NTkwXHUwMDNlIl1d?sha=354d919bedc05da5\" alt=\"\" \/><\/p>\n<div class=\"gallery-i-caption\"><\/div>\n<\/div>\n<div class=\"gallery-i\"><img src=\"https:\/\/cdn.oxu.az\/uploads\/W1siZiIsIjIwMjEvMTAvMjgvMTEvNDEvMDUvNjBkYjg1OTMtN2VhYy00MTQzLWE1ODItNzEyZWMxZmU2OTM3LzE2MzU0MDY0NDg0MTk1MTEwMTkyLmpwZyJdLFsicCIsImVuY29kZSIsImpwZyIsIi1xdWFsaXR5IDgwIl0sWyJwIiwidGh1bWIiLCI1OTB4NTkwXHUwMDNlIl1d?sha=ede1adec84aeec27\" alt=\"\" \/><\/p>\n<div class=\"gallery-i-caption\"><\/div>\n<\/div>\n<div class=\"gallery-i\"><img src=\"https:\/\/cdn.oxu.az\/uploads\/W1siZiIsIjIwMjEvMTAvMjgvMTEvNDEvNTcvNzZlNmU4NmQtMjE0Yi00OTA0LWI4NjEtODE4NjQzMDRlZmQ3LzE2MzU0MDY0NDg0NDg2NjM3NDA4LmpwZyJdLFsicCIsImVuY29kZSIsImpwZyIsIi1xdWFsaXR5IDgwIl0sWyJwIiwidGh1bWIiLCI1OTB4NTkwXHUwMDNlIl1d?sha=20de5bf465ad0257\" alt=\"\" \/><\/p>\n<div class=\"gallery-i-caption\"><\/div>\n<\/div>\n<div class=\"gallery-i\"><img src=\"https:\/\/cdn.oxu.az\/uploads\/W1siZiIsIjIwMjEvMTAvMjgvMTEvNDEvNTcvMjg1NjcxNWYtZDFjYi00MGEzLThhMGMtYmY3YWI0MDcyYzk1LzE2MzU0MDY0NDkzNzc2NTMyMDQuanBnIl0sWyJwIiwiZW5jb2RlIiwianBnIiwiLXF1YWxpdHkgODAiXSxbInAiLCJ0aHVtYiIsIjU5MHg1OTBcdTAwM2UiXV0?sha=9e85702ca61638e4\" alt=\"\" \/><\/div>\n<\/div>\n","protected":false},"excerpt":{"rendered":"<p>Az\u0259rbaycan Respublikas\u0131n\u0131n Prezidenti \u0130lham \u018fliyev oktyabr\u0131n 28-d\u0259 Rum\u0131niyan\u0131n \u00f6lk\u0259mizd\u0259 yeni t\u0259yin olunmu\u015f f\u00f6vq\u0259lad\u0259 v\u0259 s\u0259lahiyy\u0259tli s\u0259firi Vasile Soarenin etimadnam\u0259sini q\u0259bul edib. AZ\u018fRTAC x\u0259b\u0259r verir ki, d\u00f6vl\u0259timizin ba\u015f\u00e7\u0131s\u0131n\u0131 salamlayan s\u0259fir\u00a0Vasile Soare\u00a0deyib: \u201cH\u00f6rm\u0259tli c\u0259nab Prezident, icaz\u0259 verin, m\u0259nim Rum\u0131niyan\u0131n Az\u0259rbaycan Respublikas\u0131nda f\u00f6vq\u0259lad\u0259 v\u0259 s\u0259lahiyy\u0259tli s\u0259firi t\u0259yin edilm\u0259yim haqq\u0131nda Rum\u0131niya Prezidenti c\u0259nab Klaus Yohannis t\u0259r\u0259find\u0259n imzalanm\u0131\u015f etimadnam\u0259mi Siz\u0259 t\u0259qdim edim\u201d. S\u0259fir Vasile Soare etimadnam\u0259sini Az\u0259rbaycan Respublikas\u0131n\u0131n Prezidenti \u0130lham \u018fliyev\u0259 t\u0259qdim edib. Prezident \u0130lham \u018fliyev:\u00a0\u201cSizi salamlay\u0131ram, Az\u0259rbaycana xo\u015f g\u0259lmisiniz. \u00d6lk\u0259mizd\u0259 vaxt\u0131n\u0131z\u0131n yax\u015f\u0131 ke\u00e7m\u0259sini v\u0259 f\u0259al i\u015fl\u0259m\u0259yinizi arzu edir\u0259m. D\u00fc\u015f\u00fcn\u00fcr\u0259m ki, siz art\u0131q yax\u015f\u0131 tarix\u0259&hellip;<\/p>\n","protected":false},"author":2,"featured_media":396758,"comment_status":"closed","ping_status":"closed","sticky":false,"template":"","format":"standard","meta":{"om_disable_all_campaigns":false,"_monsterinsights_skip_tracking":false,"_monsterinsights_sitenote_active":false,"_monsterinsights_sitenote_note":"","_monsterinsights_sitenote_category":0},"categories":[4],"tags":[],"aioseo_notices":[],"gutentor_comment":0,"rttpg_featured_image_url":{"full":["https:\/\/arantv.az\/wp-content\/uploads\/2021\/10\/16354064494515447164-1.jpg",620,394,false],"landscape":["https:\/\/arantv.az\/wp-content\/uploads\/2021\/10\/16354064494515447164-1.jpg",620,394,false],"portraits":["https:\/\/arantv.az\/wp-content\/uploads\/2021\/10\/16354064494515447164-1.jpg",620,394,false],"thumbnail":["https:\/\/arantv.az\/wp-content\/uploads\/2021\/10\/16354064494515447164-1-500x280.jpg",500,280,true],"medium":["https:\/\/arantv.az\/wp-content\/uploads\/2021\/10\/16354064494515447164-1-574x365.jpg",574,365,true],"large":["https:\/\/arantv.az\/wp-content\/uploads\/2021\/10\/16354064494515447164-1.jpg",620,394,false],"1536x1536":["https:\/\/arantv.az\/wp-content\/uploads\/2021\/10\/16354064494515447164-1.jpg",620,394,false],"2048x2048":["https:\/\/arantv.az\/wp-content\/uploads\/2021\/10\/16354064494515447164-1.jpg",620,394,false],"post-thumbnail":["https:\/\/arantv.az\/wp-content\/uploads\/2021\/10\/16354064494515447164-1-240x172.jpg",240,172,true],"advps-thumb-one":["https:\/\/arantv.az\/wp-content\/uploads\/2021\/10\/16354064494515447164-1.jpg",620,394,false]},"rttpg_author":{"display_name":"V\u00fcsal Rafiqo\u011flu","author_link":"https:\/\/arantv.az\/?author=2"},"rttpg_comment":0,"rttpg_category":"<a href=\"https:\/\/arantv.az\/?cat=4\" rel=\"category\">Siyas\u0259t<\/a>","rttpg_excerpt":"Az\u0259rbaycan Respublikas\u0131n\u0131n Prezidenti \u0130lham \u018fliyev oktyabr\u0131n 28-d\u0259 Rum\u0131niyan\u0131n \u00f6lk\u0259mizd\u0259 yeni t\u0259yin olunmu\u015f f\u00f6vq\u0259lad\u0259 v\u0259 s\u0259lahiyy\u0259tli s\u0259firi Vasile Soarenin etimadnam\u0259sini q\u0259bul edib. AZ\u018fRTAC x\u0259b\u0259r verir ki, d\u00f6vl\u0259timizin ba\u015f\u00e7\u0131s\u0131n\u0131 salamlayan s\u0259fir\u00a0Vasile Soare\u00a0deyib: \u201cH\u00f6rm\u0259tli c\u0259nab Prezident, icaz\u0259 verin, m\u0259nim Rum\u0131niyan\u0131n Az\u0259rbaycan Respublikas\u0131nda f\u00f6vq\u0259lad\u0259 v\u0259 s\u0259lahiyy\u0259tli s\u0259firi t\u0259yin edilm\u0259yim haqq\u0131nda Rum\u0131niya Prezidenti c\u0259nab Klaus Yohannis t\u0259r\u0259find\u0259n imzalanm\u0131\u015f etimadnam\u0259mi Siz\u0259&hellip;","_links":{"self":[{"href":"https:\/\/arantv.az\/index.php?rest_route=\/wp\/v2\/posts\/396757"}],"collection":[{"href":"https:\/\/arantv.az\/index.php?rest_route=\/wp\/v2\/posts"}],"about":[{"href":"https:\/\/arantv.az\/index.php?rest_route=\/wp\/v2\/types\/post"}],"author":[{"embeddable":true,"href":"https:\/\/arantv.az\/index.php?rest_route=\/wp\/v2\/users\/2"}],"replies":[{"embeddable":true,"href":"https:\/\/arantv.az\/index.php?rest_route=%2Fwp%2Fv2%2Fcomments&post=396757"}],"version-history":[{"count":0,"href":"https:\/\/arantv.az\/index.php?rest_route=\/wp\/v2\/posts\/396757\/revisions"}],"wp:featuredmedia":[{"embeddable":true,"href":"https:\/\/arantv.az\/index.php?rest_route=\/wp\/v2\/media\/396758"}],"wp:attachment":[{"href":"https:\/\/arantv.az\/index.php?rest_route=%2Fwp%2Fv2%2Fmedia&parent=396757"}],"wp:term":[{"taxonomy":"category","embeddable":true,"href":"https:\/\/arantv.az\/index.php?rest_route=%2Fwp%2Fv2%2Fcategories&post=396757"},{"taxonomy":"post_tag","embeddable":true,"href":"https:\/\/arantv.az\/index.php?rest_route=%2Fwp%2Fv2%2Ftags&post=396757"}],"curies":[{"name":"wp","href":"https:\/\/api.w.org\/{rel}","templated":true}]}}