{"id":396760,"date":"2021-10-28T12:44:58","date_gmt":"2021-10-28T09:44:58","guid":{"rendered":"http:\/\/arantv.az\/?p=396760"},"modified":"2021-10-28T12:44:58","modified_gmt":"2021-10-28T09:44:58","slug":"elnurun-10-illik-ovlad-h%c9%99sr%c9%99ti-bitir","status":"publish","type":"post","link":"https:\/\/arantv.az\/?p=396760","title":{"rendered":"Elnurun 10 illik \u00f6vlad h\u0259sr\u0259ti bitir"},"content":{"rendered":"<p>M\u00fc\u011f\u0259nni Elnur M\u0259mm\u0259dov ata olacaq.<\/p>\n<p><strong>ARANTV.AZ<\/strong>\u00a0 axsam.az-a istinad\u0259n x\u0259b\u0259r verir ki, s\u0259n\u0259t\u00e7inin yax\u0131n g\u00fcnl\u0259rd\u0259 \u00f6vlad\u0131 d\u00fcnyaya g\u0259l\u0259c\u0259k. Bu haqda o, &#8220;Tam vaxt\u0131d\u0131r&#8221; verili\u015find\u0259 deyib.<\/p>\n<p>Proqram\u0131n apar\u0131c\u0131s\u0131, m\u00fc\u011f\u0259nni Roza Z\u0259rg\u0259rli ona h\u0259diyy\u0259 ver\u0259r\u0259k &#8220;G\u00fcn olsun s\u0259nin balan olsun, bunu yaxas\u0131na taxasan. S\u0259ni t\u0259brik edir\u0259m&#8221; s\u00f6zl\u0259rini deyib.Elnur is\u0259 &#8220;Haz\u0131rla\u015f&#8221; cavab\u0131n\u0131 verib.Roza is\u0259 &#8220;Bilir\u0259m, onu x\u0259st\u0259xanadan \u00e7\u0131xaran da \u00f6z\u00fcm d\u0259 g\u0259l\u0259c\u0259m&#8221; reaksiyas\u0131n\u0131 verib.Qeyd ed\u0259k ki, m\u00fc\u011f\u0259nni 2011-ci ild\u0259 evl\u0259nib.<\/p>\n","protected":false},"excerpt":{"rendered":"<p>M\u00fc\u011f\u0259nni Elnur M\u0259mm\u0259dov ata olacaq. ARANTV.AZ\u00a0 axsam.az-a istinad\u0259n x\u0259b\u0259r verir ki, s\u0259n\u0259t\u00e7inin yax\u0131n g\u00fcnl\u0259rd\u0259 \u00f6vlad\u0131 d\u00fcnyaya g\u0259l\u0259c\u0259k. Bu haqda o, &#8220;Tam vaxt\u0131d\u0131r&#8221; verili\u015find\u0259 deyib. Proqram\u0131n apar\u0131c\u0131s\u0131, m\u00fc\u011f\u0259nni Roza Z\u0259rg\u0259rli ona h\u0259diyy\u0259 ver\u0259r\u0259k &#8220;G\u00fcn olsun s\u0259nin balan olsun, bunu yaxas\u0131na taxasan. S\u0259ni t\u0259brik edir\u0259m&#8221; s\u00f6zl\u0259rini deyib.Elnur is\u0259 &#8220;Haz\u0131rla\u015f&#8221; cavab\u0131n\u0131 verib.Roza is\u0259 &#8220;Bilir\u0259m, onu x\u0259st\u0259xanadan \u00e7\u0131xaran da \u00f6z\u00fcm d\u0259 g\u0259l\u0259c\u0259m&#8221; reaksiyas\u0131n\u0131 verib.Qeyd ed\u0259k ki, m\u00fc\u011f\u0259nni 2011-ci ild\u0259 evl\u0259nib.<\/p>\n","protected":false},"author":2,"featured_media":396761,"comment_status":"closed","ping_status":"closed","sticky":false,"template":"","format":"standard","meta":{"om_disable_all_campaigns":false,"_monsterinsights_skip_tracking":false,"_monsterinsights_sitenote_active":false,"_monsterinsights_sitenote_note":"","_monsterinsights_sitenote_category":0},"categories":[20],"tags":[],"aioseo_notices":[],"gutentor_comment":0,"rttpg_featured_image_url":{"full":["https:\/\/arantv.az\/wp-content\/uploads\/2021\/10\/991240.jpg",800,600,false],"landscape":["https:\/\/arantv.az\/wp-content\/uploads\/2021\/10\/991240.jpg",800,600,false],"portraits":["https:\/\/arantv.az\/wp-content\/uploads\/2021\/10\/991240.jpg",800,600,false],"thumbnail":["https:\/\/arantv.az\/wp-content\/uploads\/2021\/10\/991240-500x280.jpg",500,280,true],"medium":["https:\/\/arantv.az\/wp-content\/uploads\/2021\/10\/991240-487x365.jpg",487,365,true],"large":["https:\/\/arantv.az\/wp-content\/uploads\/2021\/10\/991240.jpg",640,480,false],"1536x1536":["https:\/\/arantv.az\/wp-content\/uploads\/2021\/10\/991240.jpg",800,600,false],"2048x2048":["https:\/\/arantv.az\/wp-content\/uploads\/2021\/10\/991240.jpg",800,600,false],"post-thumbnail":["https:\/\/arantv.az\/wp-content\/uploads\/2021\/10\/991240-240x172.jpg",240,172,true],"advps-thumb-one":["https:\/\/arantv.az\/wp-content\/uploads\/2021\/10\/991240.jpg",800,600,false]},"rttpg_author":{"display_name":"V\u00fcsal Rafiqo\u011flu","author_link":"https:\/\/arantv.az\/?author=2"},"rttpg_comment":0,"rttpg_category":"<a href=\"https:\/\/arantv.az\/?cat=20\" rel=\"category\">\u015eou biznes<\/a>","rttpg_excerpt":"M\u00fc\u011f\u0259nni Elnur M\u0259mm\u0259dov ata olacaq. ARANTV.AZ\u00a0 axsam.az-a istinad\u0259n x\u0259b\u0259r verir ki, s\u0259n\u0259t\u00e7inin yax\u0131n g\u00fcnl\u0259rd\u0259 \u00f6vlad\u0131 d\u00fcnyaya g\u0259l\u0259c\u0259k. Bu haqda o, &#8220;Tam vaxt\u0131d\u0131r&#8221; verili\u015find\u0259 deyib. Proqram\u0131n apar\u0131c\u0131s\u0131, m\u00fc\u011f\u0259nni Roza Z\u0259rg\u0259rli ona h\u0259diyy\u0259 ver\u0259r\u0259k &#8220;G\u00fcn olsun s\u0259nin balan olsun, bunu yaxas\u0131na taxasan. S\u0259ni t\u0259brik edir\u0259m&#8221; s\u00f6zl\u0259rini deyib.Elnur is\u0259 &#8220;Haz\u0131rla\u015f&#8221; cavab\u0131n\u0131 verib.Roza is\u0259 &#8220;Bilir\u0259m, onu x\u0259st\u0259xanadan \u00e7\u0131xaran da&hellip;","_links":{"self":[{"href":"https:\/\/arantv.az\/index.php?rest_route=\/wp\/v2\/posts\/396760"}],"collection":[{"href":"https:\/\/arantv.az\/index.php?rest_route=\/wp\/v2\/posts"}],"about":[{"href":"https:\/\/arantv.az\/index.php?rest_route=\/wp\/v2\/types\/post"}],"author":[{"embeddable":true,"href":"https:\/\/arantv.az\/index.php?rest_route=\/wp\/v2\/users\/2"}],"replies":[{"embeddable":true,"href":"https:\/\/arantv.az\/index.php?rest_route=%2Fwp%2Fv2%2Fcomments&post=396760"}],"version-history":[{"count":0,"href":"https:\/\/arantv.az\/index.php?rest_route=\/wp\/v2\/posts\/396760\/revisions"}],"wp:featuredmedia":[{"embeddable":true,"href":"https:\/\/arantv.az\/index.php?rest_route=\/wp\/v2\/media\/396761"}],"wp:attachment":[{"href":"https:\/\/arantv.az\/index.php?rest_route=%2Fwp%2Fv2%2Fmedia&parent=396760"}],"wp:term":[{"taxonomy":"category","embeddable":true,"href":"https:\/\/arantv.az\/index.php?rest_route=%2Fwp%2Fv2%2Fcategories&post=396760"},{"taxonomy":"post_tag","embeddable":true,"href":"https:\/\/arantv.az\/index.php?rest_route=%2Fwp%2Fv2%2Ftags&post=396760"}],"curies":[{"name":"wp","href":"https:\/\/api.w.org\/{rel}","templated":true}]}}