{"id":396766,"date":"2021-10-28T12:51:27","date_gmt":"2021-10-28T09:51:27","guid":{"rendered":"http:\/\/arantv.az\/?p=396766"},"modified":"2021-10-28T12:51:27","modified_gmt":"2021-10-28T09:51:27","slug":"i-v%c9%99-iii-qruplardaki-d%c9%99yisiklik-q%c9%99bul-prosesin%c9%99-nec%c9%99-t%c9%99sir-ed%c9%99c%c9%99k","status":"publish","type":"post","link":"https:\/\/arantv.az\/?p=396766","title":{"rendered":"I v\u0259 III qruplardak\u0131 d\u0259yi\u015fiklik q\u0259bul prosesin\u0259 nec\u0259 t\u0259sir ed\u0259c\u0259k?"},"content":{"rendered":"<p><strong>Ali m\u0259kt\u0259bl\u0259r\u0259 q\u0259bul imtahan\u0131nda III ixtisas qrupunda d\u0259yi\u015fiklik edil\u0259c\u0259yi g\u00f6zl\u0259nilirdi.<\/strong><\/p>\n<p>Bunu\u00a0<a href=\"http:\/\/trend.az\/\" target=\"_blank\" rel=\"noopener\">Trend<\/a>-\u0259 a\u00e7\u0131qlamas\u0131nda t\u0259hsil eksperti Kamran \u018fs\u0259dov deyib.<\/p>\n<p>K.\u018f\u0259s\u0259dov bildirib ki, bu d\u0259yi\u015fiklik III ixtisas qrupuna co\u011frafiya f\u0259nninin \u0259lav\u0259 edilm\u0259si yox, eyni zamanda co\u011frafiya f\u0259nnind\u0259n imtahan verm\u0259y\u0259 imkan yaradacaq.<\/p>\n<p>&#8220;T\u0259bii ki, III qrupda d\u0259yi\u015fiklik edil\u0259c\u0259yi g\u00f6zl\u0259nilirdi. \u00c7\u00fcnki 2020-ci ild\u0259 Nazirl\u0259r Kabinetinin q\u0259rar\u0131 il\u0259 &#8220;Beyn\u0259lxalq M\u00fcnasib\u0259tl\u0259r&#8221; v\u0259 &#8220;Region\u015f\u00fcnasl\u0131q&#8221; ixtisaslar\u0131 III qrupa ke\u00e7irilmi\u015fdi. Amma bura co\u011frafiya f\u0259nninin \u0259lav\u0259 edilm\u0259si m\u00fczakir\u0259 predmeti idi. Bir \u015feyi qeyd edim ki, bu d\u0259yi\u015fiklik III ixtisas qrupuna co\u011frafiya f\u0259nninin \u0259lav\u0259 edilm\u0259si yox, eyni zamanda co\u011frafiya f\u0259nnind\u0259n imtahan verm\u0259y\u0259 imkan yaradacaq. Bu da sad\u0259c\u0259 ad\u0131\u00e7\u0259kil\u0259n iki ixtisas\u0131 se\u00e7\u0259nl\u0259r \u00fc\u00e7\u00fcnd\u00fcr. T\u0259bii ki, bu d\u0259yi\u015fiklik III qrup \u00fc\u00e7\u00fcn m\u00fcsb\u0259t hald\u0131r. \u00c7\u00fcnki bu iki ixtisas\u0131n \u0259lav\u0259 edilm\u0259si plan yerl\u0259rinin say\u0131n\u0131 art\u0131racaq. H\u0259r il III qrupda b\u00f6y\u00fck sayda abituriyent ali m\u0259kt\u0259bl\u0259r\u0259 q\u0259bul ola bilmirdi. H\u0259tta y\u00fcks\u0259k balla k\u0259sil\u0259nl\u0259r d\u0259 olurdu. Amma m\u00f6vcud d\u0259yi\u015fiklik bu qrupda abituriyentl\u0259rin \u015fans\u0131n\u0131 art\u0131racaq&#8221;.<\/p>\n<p>Ekspert bildirib ki, I qrupda is\u0259 v\u0259ziyy\u0259t bir az f\u0259rqlidir. \u00c7\u00fcnki bu f\u0259nn \u00fczr\u0259 laz\u0131mi s\u0259viyy\u0259d\u0259 haz\u0131rl\u0131q material\u0131 yoxdur:<\/p>\n<p>&#8220;Bu qrup \u00fczr\u0259 imtahan ver\u0259c\u0259k abituriyentl\u0259r \u00e7\u0259tin f\u0259nn oldu\u011fu \u00fc\u00e7\u00fcn VI-VII sinifd\u0259n kimya \u00fczr\u0259 haz\u0131rla\u015f\u0131rd\u0131lar. Biz uzun ill\u0259r kimya \u00fczr\u0259 haz\u0131rla\u015f\u0131b g\u0259l\u0259c\u0259kd\u0259 informasiya texnologiyalar\u0131, informasiya t\u0259hl\u00fck\u0259sizliyi, komp\u00fcter elml\u0259ri, komp\u00fcter m\u00fch\u0259ndisliyi, proqramla\u015fd\u0131rma, eyni zamanda dig\u0259r logistika ixtisaslar\u0131na daxil olmaq ist\u0259y\u0259nl\u0259rin arzular\u0131n\u0131n \u00fcz\u0259rind\u0259n x\u0259tt \u00e7\u0259k\u0259 bil\u0259rik. Bu, t\u0259hl\u00fck\u0259li ola bil\u0259r. \u018fslind\u0259 bu ixtisaslara q\u0259bul \u00fc\u00e7\u00fcn informatika f\u0259nnind\u0259n \u0259lav\u0259 imtahan verilm\u0259sinin t\u0259klif edilm\u0259si do\u011fru yana\u015fmad\u0131r. Amma bura q\u0259d\u0259r bir problem var. Haz\u0131rda \u00f6lk\u0259 \u00fczr\u0259 \u0259n ciddi m\u00fc\u0259llim \u00e7at\u0131\u015fmazl\u0131\u011f\u0131 informatika f\u0259nnind\u0259ndir. Baxmayaraq ki, bu f\u0259nn Az\u0259rbaycanda yegan\u0259 f\u0259nnl\u0259rd\u0259ndir ki, Az\u0259rbaycan dili, riyaziyyat, xarici dill\u0259 yana\u015f\u0131 I sinifd\u0259n XI sinf\u0259 q\u0259d\u0259r t\u0259dris olunur. Amma informatika f\u0259nni \u00fczr\u0259 yet\u0259rli q\u0259d\u0259r test bazas\u0131 yoxdur. Dig\u0259r t\u0259r\u0259fd\u0259n informatika praktiki f\u0259ndir. Birincisi m\u00f6vcud d\u0259rslikl\u0259rimiz test tap\u015f\u0131r\u0131\u011f\u0131 haz\u0131rlama\u011fa uy\u011fun deyil, ikincisi informatika f\u0259nni q\u0259bul imtahan\u0131nda istifad\u0259 edil\u0259 bil\u0259c\u0259k q\u0259d\u0259r keyfiyy\u0259tli t\u0259dris edilmir. Hesab edir\u0259m ki, bu d\u0259yi\u015fikliy\u0259 yax\u0131n 2 il \u0259rzind\u0259 getm\u0259m\u0259liyik&#8221;.<\/p>\n<p>Qeyd ed\u0259k ki, Nazirl\u0259r Kabinetinin 2021-ci il 9 sentyabr tarixli 252 n\u00f6mr\u0259li Q\u0259rar\u0131na \u0259sas\u0259n, &#8220;Beyn\u0259lxalq m\u00fcnasib\u0259tl\u0259r&#8221; v\u0259 &#8220;Region\u015f\u00fcnasl\u0131q (regionlar \u00fczr\u0259)&#8221; ixtisaslar\u0131 II ixtisas qrupundan \u00e7\u0131xar\u0131laraq III ixtisas qrupuna daxil edilibl\u0259r.<\/p>\n<p>2022\/2023-c\u00fc t\u0259dris ilind\u0259n ba\u015flayaraq beyn\u0259lxalq m\u00fcnasib\u0259tl\u0259r v\u0259 region\u015f\u00fcnasl\u0131q ixtisaslar\u0131 \u00fczr\u0259 imtahan ver\u0259n t\u0259l\u0259b\u0259l\u0259r co\u011frafiya f\u0259nnind\u0259n imtahan ver\u0259c\u0259kl\u0259r.<\/p>\n<p>Bundan ba\u015fqa 2023\/2024-c\u00fc t\u0259dris ilind\u0259n I qrupda informatika ixtisas\u0131n\u0131 se\u00e7\u0259n t\u0259l\u0259b\u0259l\u0259r\u0259 kimya \u0259v\u0259zin\u0259 informatikadan imtahan verm\u0259y\u0259 icaz\u0259 veril\u0259c\u0259k.<\/p>\n","protected":false},"excerpt":{"rendered":"<p>Ali m\u0259kt\u0259bl\u0259r\u0259 q\u0259bul imtahan\u0131nda III ixtisas qrupunda d\u0259yi\u015fiklik edil\u0259c\u0259yi g\u00f6zl\u0259nilirdi. Bunu\u00a0Trend-\u0259 a\u00e7\u0131qlamas\u0131nda t\u0259hsil eksperti Kamran \u018fs\u0259dov deyib. K.\u018f\u0259s\u0259dov bildirib ki, bu d\u0259yi\u015fiklik III ixtisas qrupuna co\u011frafiya f\u0259nninin \u0259lav\u0259 edilm\u0259si yox, eyni zamanda co\u011frafiya f\u0259nnind\u0259n imtahan verm\u0259y\u0259 imkan yaradacaq. &#8220;T\u0259bii ki, III qrupda d\u0259yi\u015fiklik edil\u0259c\u0259yi g\u00f6zl\u0259nilirdi. \u00c7\u00fcnki 2020-ci ild\u0259 Nazirl\u0259r Kabinetinin q\u0259rar\u0131 il\u0259 &#8220;Beyn\u0259lxalq M\u00fcnasib\u0259tl\u0259r&#8221; v\u0259 &#8220;Region\u015f\u00fcnasl\u0131q&#8221; ixtisaslar\u0131 III qrupa ke\u00e7irilmi\u015fdi. Amma bura co\u011frafiya f\u0259nninin \u0259lav\u0259 edilm\u0259si m\u00fczakir\u0259 predmeti idi. Bir \u015feyi qeyd edim ki, bu d\u0259yi\u015fiklik III ixtisas qrupuna co\u011frafiya f\u0259nninin \u0259lav\u0259 edilm\u0259si yox, eyni zamanda co\u011frafiya f\u0259nnind\u0259n imtahan verm\u0259y\u0259&hellip;<\/p>\n","protected":false},"author":2,"featured_media":396767,"comment_status":"closed","ping_status":"closed","sticky":false,"template":"","format":"standard","meta":{"om_disable_all_campaigns":false,"_monsterinsights_skip_tracking":false,"_monsterinsights_sitenote_active":false,"_monsterinsights_sitenote_note":"","_monsterinsights_sitenote_category":0},"categories":[26],"tags":[],"aioseo_notices":[],"gutentor_comment":0,"rttpg_featured_image_url":{"full":["https:\/\/arantv.az\/wp-content\/uploads\/2021\/10\/991355.jpg",800,600,false],"landscape":["https:\/\/arantv.az\/wp-content\/uploads\/2021\/10\/991355.jpg",800,600,false],"portraits":["https:\/\/arantv.az\/wp-content\/uploads\/2021\/10\/991355.jpg",800,600,false],"thumbnail":["https:\/\/arantv.az\/wp-content\/uploads\/2021\/10\/991355-500x280.jpg",500,280,true],"medium":["https:\/\/arantv.az\/wp-content\/uploads\/2021\/10\/991355-487x365.jpg",487,365,true],"large":["https:\/\/arantv.az\/wp-content\/uploads\/2021\/10\/991355.jpg",640,480,false],"1536x1536":["https:\/\/arantv.az\/wp-content\/uploads\/2021\/10\/991355.jpg",800,600,false],"2048x2048":["https:\/\/arantv.az\/wp-content\/uploads\/2021\/10\/991355.jpg",800,600,false],"post-thumbnail":["https:\/\/arantv.az\/wp-content\/uploads\/2021\/10\/991355-240x172.jpg",240,172,true],"advps-thumb-one":["https:\/\/arantv.az\/wp-content\/uploads\/2021\/10\/991355.jpg",800,600,false]},"rttpg_author":{"display_name":"V\u00fcsal Rafiqo\u011flu","author_link":"https:\/\/arantv.az\/?author=2"},"rttpg_comment":0,"rttpg_category":"<a href=\"https:\/\/arantv.az\/?cat=26\" rel=\"category\">Sosial<\/a>","rttpg_excerpt":"Ali m\u0259kt\u0259bl\u0259r\u0259 q\u0259bul imtahan\u0131nda III ixtisas qrupunda d\u0259yi\u015fiklik edil\u0259c\u0259yi g\u00f6zl\u0259nilirdi. Bunu\u00a0Trend-\u0259 a\u00e7\u0131qlamas\u0131nda t\u0259hsil eksperti Kamran \u018fs\u0259dov deyib. K.\u018f\u0259s\u0259dov bildirib ki, bu d\u0259yi\u015fiklik III ixtisas qrupuna co\u011frafiya f\u0259nninin \u0259lav\u0259 edilm\u0259si yox, eyni zamanda co\u011frafiya f\u0259nnind\u0259n imtahan verm\u0259y\u0259 imkan yaradacaq. &#8220;T\u0259bii ki, III qrupda d\u0259yi\u015fiklik edil\u0259c\u0259yi g\u00f6zl\u0259nilirdi. \u00c7\u00fcnki 2020-ci ild\u0259 Nazirl\u0259r Kabinetinin q\u0259rar\u0131 il\u0259 &#8220;Beyn\u0259lxalq M\u00fcnasib\u0259tl\u0259r&#8221; v\u0259&hellip;","_links":{"self":[{"href":"https:\/\/arantv.az\/index.php?rest_route=\/wp\/v2\/posts\/396766"}],"collection":[{"href":"https:\/\/arantv.az\/index.php?rest_route=\/wp\/v2\/posts"}],"about":[{"href":"https:\/\/arantv.az\/index.php?rest_route=\/wp\/v2\/types\/post"}],"author":[{"embeddable":true,"href":"https:\/\/arantv.az\/index.php?rest_route=\/wp\/v2\/users\/2"}],"replies":[{"embeddable":true,"href":"https:\/\/arantv.az\/index.php?rest_route=%2Fwp%2Fv2%2Fcomments&post=396766"}],"version-history":[{"count":0,"href":"https:\/\/arantv.az\/index.php?rest_route=\/wp\/v2\/posts\/396766\/revisions"}],"wp:featuredmedia":[{"embeddable":true,"href":"https:\/\/arantv.az\/index.php?rest_route=\/wp\/v2\/media\/396767"}],"wp:attachment":[{"href":"https:\/\/arantv.az\/index.php?rest_route=%2Fwp%2Fv2%2Fmedia&parent=396766"}],"wp:term":[{"taxonomy":"category","embeddable":true,"href":"https:\/\/arantv.az\/index.php?rest_route=%2Fwp%2Fv2%2Fcategories&post=396766"},{"taxonomy":"post_tag","embeddable":true,"href":"https:\/\/arantv.az\/index.php?rest_route=%2Fwp%2Fv2%2Ftags&post=396766"}],"curies":[{"name":"wp","href":"https:\/\/api.w.org\/{rel}","templated":true}]}}