{"id":396769,"date":"2021-10-28T12:52:15","date_gmt":"2021-10-28T09:52:15","guid":{"rendered":"http:\/\/arantv.az\/?p=396769"},"modified":"2021-10-28T12:52:15","modified_gmt":"2021-10-28T09:52:15","slug":"hazirda-bu-%c9%99laq%c9%99l%c9%99rin-tarixi-dovrun%c9%99-sahidlik-edirik","status":"publish","type":"post","link":"https:\/\/arantv.az\/?p=396769","title":{"rendered":"Haz\u0131rda bu \u0259laq\u0259l\u0259rin tarixi d\u00f6vr\u00fcn\u0259 \u015fahidlik edirik"},"content":{"rendered":"<p><em>&#8220;Xalqlar\u0131m\u0131z\u0131n ortaq tarixi v\u0259 milli-m\u0259n\u0259vi d\u0259y\u0259rl\u0259ri kimi m\u00f6hk\u0259m t\u0259m\u0259ll\u0259r \u00fcz\u0259rind\u0259 dayanan Az\u0259rbaycan-T\u00fcrkiy\u0259 dostluq v\u0259 qarda\u015fl\u0131q \u0259laq\u0259l\u0259ri birliyimizin v\u0259 h\u0259mr\u0259yliyimizin bariz ifad\u0259sidir&#8221;.<\/em><\/p>\n<p><strong>ARANTV.AZ\u00a0 x\u0259b\u0259r verir ki,<\/strong>\u00a0bu fikirl\u0259r Az\u0259rbaycan Prezidenti\u00a0<strong>\u0130lham \u018fliyevin<\/strong>\u00a0T\u00fcrkiy\u0259 Respublikas\u0131n\u0131n Prezidenti\u00a0<strong>R\u0259c\u0259b Tayyib \u018frdo\u011fana<\/strong>\u00a0g\u00f6nd\u0259rdiyi t\u0259brik m\u0259ktubunda yer al\u0131b.<\/p>\n<p><em>&#8220;Haz\u0131rda bu \u0259laq\u0259l\u0259rin tarixi d\u00f6vr\u00fcn\u0259 \u015fahidlik edirik. \u015eu\u015fa B\u0259yannam\u0259sind\u0259 m\u00fc\u0259yy\u0259nl\u0259\u015fdirdiyimiz h\u0259d\u0259fl\u0259r\u0259 v\u0259 istiqam\u0259tl\u0259r\u0259 uy\u011fun olaraq m\u00fctt\u0259fiqlik m\u00fcnasib\u0259tl\u0259rimiz g\u00fcnd\u0259n-g\u00fcn\u0259 geni\u015fl\u0259nm\u0259kd\u0259 v\u0259 yeni m\u0259zmunla z\u0259nginl\u0259\u015fm\u0259kd\u0259dir&#8221;,<\/em>\u00a0&#8211; d\u00f6vl\u0259t ba\u015f\u00e7\u0131s\u0131 bildirib.<\/p>\n","protected":false},"excerpt":{"rendered":"<p>&#8220;Xalqlar\u0131m\u0131z\u0131n ortaq tarixi v\u0259 milli-m\u0259n\u0259vi d\u0259y\u0259rl\u0259ri kimi m\u00f6hk\u0259m t\u0259m\u0259ll\u0259r \u00fcz\u0259rind\u0259 dayanan Az\u0259rbaycan-T\u00fcrkiy\u0259 dostluq v\u0259 qarda\u015fl\u0131q \u0259laq\u0259l\u0259ri birliyimizin v\u0259 h\u0259mr\u0259yliyimizin bariz ifad\u0259sidir&#8221;. ARANTV.AZ\u00a0 x\u0259b\u0259r verir ki,\u00a0bu fikirl\u0259r Az\u0259rbaycan Prezidenti\u00a0\u0130lham \u018fliyevin\u00a0T\u00fcrkiy\u0259 Respublikas\u0131n\u0131n Prezidenti\u00a0R\u0259c\u0259b Tayyib \u018frdo\u011fana\u00a0g\u00f6nd\u0259rdiyi t\u0259brik m\u0259ktubunda yer al\u0131b. &#8220;Haz\u0131rda bu \u0259laq\u0259l\u0259rin tarixi d\u00f6vr\u00fcn\u0259 \u015fahidlik edirik. \u015eu\u015fa B\u0259yannam\u0259sind\u0259 m\u00fc\u0259yy\u0259nl\u0259\u015fdirdiyimiz h\u0259d\u0259fl\u0259r\u0259 v\u0259 istiqam\u0259tl\u0259r\u0259 uy\u011fun olaraq m\u00fctt\u0259fiqlik m\u00fcnasib\u0259tl\u0259rimiz g\u00fcnd\u0259n-g\u00fcn\u0259 geni\u015fl\u0259nm\u0259kd\u0259 v\u0259 yeni m\u0259zmunla z\u0259nginl\u0259\u015fm\u0259kd\u0259dir&#8221;,\u00a0&#8211; d\u00f6vl\u0259t ba\u015f\u00e7\u0131s\u0131 bildirib.<\/p>\n","protected":false},"author":2,"featured_media":396770,"comment_status":"closed","ping_status":"closed","sticky":false,"template":"","format":"standard","meta":{"om_disable_all_campaigns":false,"_monsterinsights_skip_tracking":false,"_monsterinsights_sitenote_active":false,"_monsterinsights_sitenote_note":"","_monsterinsights_sitenote_category":0},"categories":[4],"tags":[],"aioseo_notices":[],"gutentor_comment":0,"rttpg_featured_image_url":{"full":["https:\/\/arantv.az\/wp-content\/uploads\/2021\/10\/0baf163c163541293775499281710253732.jpg",975,540,false],"landscape":["https:\/\/arantv.az\/wp-content\/uploads\/2021\/10\/0baf163c163541293775499281710253732.jpg",975,540,false],"portraits":["https:\/\/arantv.az\/wp-content\/uploads\/2021\/10\/0baf163c163541293775499281710253732.jpg",975,540,false],"thumbnail":["https:\/\/arantv.az\/wp-content\/uploads\/2021\/10\/0baf163c163541293775499281710253732-500x280.jpg",500,280,true],"medium":["https:\/\/arantv.az\/wp-content\/uploads\/2021\/10\/0baf163c163541293775499281710253732-660x365.jpg",660,365,true],"large":["https:\/\/arantv.az\/wp-content\/uploads\/2021\/10\/0baf163c163541293775499281710253732-840x465.jpg",640,354,true],"1536x1536":["https:\/\/arantv.az\/wp-content\/uploads\/2021\/10\/0baf163c163541293775499281710253732.jpg",975,540,false],"2048x2048":["https:\/\/arantv.az\/wp-content\/uploads\/2021\/10\/0baf163c163541293775499281710253732.jpg",975,540,false],"post-thumbnail":["https:\/\/arantv.az\/wp-content\/uploads\/2021\/10\/0baf163c163541293775499281710253732-240x172.jpg",240,172,true],"advps-thumb-one":["https:\/\/arantv.az\/wp-content\/uploads\/2021\/10\/0baf163c163541293775499281710253732.jpg",975,540,false]},"rttpg_author":{"display_name":"V\u00fcsal Rafiqo\u011flu","author_link":"https:\/\/arantv.az\/?author=2"},"rttpg_comment":0,"rttpg_category":"<a href=\"https:\/\/arantv.az\/?cat=4\" rel=\"category\">Siyas\u0259t<\/a>","rttpg_excerpt":"&#8220;Xalqlar\u0131m\u0131z\u0131n ortaq tarixi v\u0259 milli-m\u0259n\u0259vi d\u0259y\u0259rl\u0259ri kimi m\u00f6hk\u0259m t\u0259m\u0259ll\u0259r \u00fcz\u0259rind\u0259 dayanan Az\u0259rbaycan-T\u00fcrkiy\u0259 dostluq v\u0259 qarda\u015fl\u0131q \u0259laq\u0259l\u0259ri birliyimizin v\u0259 h\u0259mr\u0259yliyimizin bariz ifad\u0259sidir&#8221;. ARANTV.AZ\u00a0 x\u0259b\u0259r verir ki,\u00a0bu fikirl\u0259r Az\u0259rbaycan Prezidenti\u00a0\u0130lham \u018fliyevin\u00a0T\u00fcrkiy\u0259 Respublikas\u0131n\u0131n Prezidenti\u00a0R\u0259c\u0259b Tayyib \u018frdo\u011fana\u00a0g\u00f6nd\u0259rdiyi t\u0259brik m\u0259ktubunda yer al\u0131b. &#8220;Haz\u0131rda bu \u0259laq\u0259l\u0259rin tarixi d\u00f6vr\u00fcn\u0259 \u015fahidlik edirik. \u015eu\u015fa B\u0259yannam\u0259sind\u0259 m\u00fc\u0259yy\u0259nl\u0259\u015fdirdiyimiz h\u0259d\u0259fl\u0259r\u0259 v\u0259 istiqam\u0259tl\u0259r\u0259 uy\u011fun olaraq m\u00fctt\u0259fiqlik m\u00fcnasib\u0259tl\u0259rimiz g\u00fcnd\u0259n-g\u00fcn\u0259&hellip;","_links":{"self":[{"href":"https:\/\/arantv.az\/index.php?rest_route=\/wp\/v2\/posts\/396769"}],"collection":[{"href":"https:\/\/arantv.az\/index.php?rest_route=\/wp\/v2\/posts"}],"about":[{"href":"https:\/\/arantv.az\/index.php?rest_route=\/wp\/v2\/types\/post"}],"author":[{"embeddable":true,"href":"https:\/\/arantv.az\/index.php?rest_route=\/wp\/v2\/users\/2"}],"replies":[{"embeddable":true,"href":"https:\/\/arantv.az\/index.php?rest_route=%2Fwp%2Fv2%2Fcomments&post=396769"}],"version-history":[{"count":0,"href":"https:\/\/arantv.az\/index.php?rest_route=\/wp\/v2\/posts\/396769\/revisions"}],"wp:featuredmedia":[{"embeddable":true,"href":"https:\/\/arantv.az\/index.php?rest_route=\/wp\/v2\/media\/396770"}],"wp:attachment":[{"href":"https:\/\/arantv.az\/index.php?rest_route=%2Fwp%2Fv2%2Fmedia&parent=396769"}],"wp:term":[{"taxonomy":"category","embeddable":true,"href":"https:\/\/arantv.az\/index.php?rest_route=%2Fwp%2Fv2%2Fcategories&post=396769"},{"taxonomy":"post_tag","embeddable":true,"href":"https:\/\/arantv.az\/index.php?rest_route=%2Fwp%2Fv2%2Ftags&post=396769"}],"curies":[{"name":"wp","href":"https:\/\/api.w.org\/{rel}","templated":true}]}}