{"id":396816,"date":"2021-10-28T14:05:19","date_gmt":"2021-10-28T11:05:19","guid":{"rendered":"http:\/\/arantv.az\/?p=396816"},"modified":"2021-10-28T14:05:19","modified_gmt":"2021-10-28T11:05:19","slug":"baki-metrosundaki-faci%c9%99d%c9%99n-26-il-otur","status":"publish","type":"post","link":"https:\/\/arantv.az\/?p=396816","title":{"rendered":"Bak\u0131 metrosundak\u0131 faci\u0259d\u0259n 26 il \u00f6t\u00fcr"},"content":{"rendered":"<p>1995-ci il oktyabr\u0131n 28-d\u0259 Bak\u0131 metrosunda ba\u015f vermi\u015f q\u0259zadan 26 il \u00f6t\u00fcr.<\/p>\n<p>R\u0259smi m\u0259lumatlarda qeyd edilir ki, \u201cUlduz\u201d v\u0259 \u201cN\u0259rimanov\u201d stansiyalar\u0131 aras\u0131ndak\u0131 tuneld\u0259 qatar\u0131n al\u0131\u015fmas\u0131 n\u0259tic\u0259sind\u0259 289 n\u0259f\u0259r h\u0259yat\u0131n\u0131 itirib.<\/p>\n<p>\u00d6l\u0259nl\u0259rd\u0259n 28-i u\u015faq, \u00fc\u00e7\u00fc xilasedici olub. Bundan ba\u015fqa, q\u0259za n\u0259tic\u0259sind\u0259 270 n\u0259f\u0259r m\u00fcxt\u0259lif d\u0259r\u0259c\u0259li b\u0259d\u0259n x\u0259sar\u0259tl\u0259ri al\u0131b.<\/p>\n<div id=\"AdviadNativeVideo0\" class=\"AdviadNativeVideo\"><\/div>\n<p>T\u0259l\u0259fat\u0131n b\u00f6y\u00fck olmas\u0131 qatar\u0131n tuneld\u0259 al\u0131\u015fmas\u0131 v\u0259 xilasetm\u0259 \u0259m\u0259liyyat\u0131n\u0131n yet\u0259rsizliyi il\u0259 ba\u011fl\u0131 idi. El\u0259 q\u0259zan\u0131n \u0259sas s\u0259b\u0259bi kimi d\u0259 k\u00f6hn\u0259 avadanl\u0131qlarla t\u0259chiz olunmu\u015f qatar\u0131n nasazl\u0131\u011f\u0131, habel\u0259 ma\u015finistin s\u0259hv q\u0259rar verm\u0259si g\u00f6st\u0259rilir.<\/p>\n<p>Hadis\u0259d\u0259 terror \u0259m\u0259li a\u015fkarlanmay\u0131b v\u0259 o, texniki q\u0259za kimi qiym\u0259tl\u0259ndirilib. Bel\u0259 ki, uzun m\u00fcdd\u0259t m\u0259s\u0259l\u0259ni ara\u015fd\u0131ran istintaq qrupu q\u0259zan\u0131n ba\u015f verm\u0259sinin terror akt\u0131 oldu\u011funu istisna edib.<\/p>\n<p>Q\u0259zan\u0131n s\u0131rf s\u0259hl\u0259nkarl\u0131qdan ba\u015f verdiyi a\u00e7\u0131qlan\u0131b. Ma\u015finist qatar\u0131 tuneld\u0259 saxlay\u0131b, insanlar is\u0259 t\u0259\u015fvi\u015f i\u00e7ind\u0259 vaqonlardan \u00e7\u0131x\u0131b qa\u00e7ma\u011fa ba\u015flay\u0131blar. Hava\u00e7\u0259km\u0259 sistemi pis oldu\u011fundan tuneld\u0259kil\u0259r hava \u00e7at\u0131\u015fmazl\u0131\u011f\u0131ndan v\u0259 ayaq alt\u0131nda qalaraq \u00f6l\u00fcbl\u0259r.<\/p>\n<p>Apar\u0131lan ara\u015fd\u0131rma n\u0259tic\u0259sind\u0259 ma\u015finistin qatar\u0131 tuneld\u0259 saxlamaq q\u0259rar\u0131 s\u0259hv say\u0131lm\u0131\u015fd\u0131. T\u0259hl\u00fck\u0259sizlik qaydalar\u0131na riay\u0259t edilm\u0259m\u0259kd\u0259 g\u00fcnahland\u0131r\u0131lan qatar\u0131n ma\u015finisti v\u0259 dispet\u00e7eri 10 il m\u00fcdd\u0259tin\u0259 azadl\u0131qdan m\u0259hrum edilib.<\/p>\n<p>Qatar\u0131 t\u0259rk ed\u0259nl\u0259rin \u00e7oxu sa\u011f qalsa da, yan\u011f\u0131n tarixin \u0259n \u00f6l\u00fcmc\u00fcl qatar f\u0259lak\u0259ti hesab olunur.<\/p>\n<p>Hadis\u0259d\u0259n sonra Az\u0259rbaycanda 3 g\u00fcnl\u00fck mat\u0259m elan olunub.<\/p>\n","protected":false},"excerpt":{"rendered":"<p>1995-ci il oktyabr\u0131n 28-d\u0259 Bak\u0131 metrosunda ba\u015f vermi\u015f q\u0259zadan 26 il \u00f6t\u00fcr. R\u0259smi m\u0259lumatlarda qeyd edilir ki, \u201cUlduz\u201d v\u0259 \u201cN\u0259rimanov\u201d stansiyalar\u0131 aras\u0131ndak\u0131 tuneld\u0259 qatar\u0131n al\u0131\u015fmas\u0131 n\u0259tic\u0259sind\u0259 289 n\u0259f\u0259r h\u0259yat\u0131n\u0131 itirib. \u00d6l\u0259nl\u0259rd\u0259n 28-i u\u015faq, \u00fc\u00e7\u00fc xilasedici olub. Bundan ba\u015fqa, q\u0259za n\u0259tic\u0259sind\u0259 270 n\u0259f\u0259r m\u00fcxt\u0259lif d\u0259r\u0259c\u0259li b\u0259d\u0259n x\u0259sar\u0259tl\u0259ri al\u0131b. T\u0259l\u0259fat\u0131n b\u00f6y\u00fck olmas\u0131 qatar\u0131n tuneld\u0259 al\u0131\u015fmas\u0131 v\u0259 xilasetm\u0259 \u0259m\u0259liyyat\u0131n\u0131n yet\u0259rsizliyi il\u0259 ba\u011fl\u0131 idi. El\u0259 q\u0259zan\u0131n \u0259sas s\u0259b\u0259bi kimi d\u0259 k\u00f6hn\u0259 avadanl\u0131qlarla t\u0259chiz olunmu\u015f qatar\u0131n nasazl\u0131\u011f\u0131, habel\u0259 ma\u015finistin s\u0259hv q\u0259rar verm\u0259si g\u00f6st\u0259rilir. Hadis\u0259d\u0259 terror \u0259m\u0259li a\u015fkarlanmay\u0131b v\u0259 o, texniki q\u0259za kimi qiym\u0259tl\u0259ndirilib. Bel\u0259 ki,&hellip;<\/p>\n","protected":false},"author":2,"featured_media":396817,"comment_status":"closed","ping_status":"closed","sticky":false,"template":"","format":"standard","meta":{"om_disable_all_campaigns":false,"_monsterinsights_skip_tracking":false,"_monsterinsights_sitenote_active":false,"_monsterinsights_sitenote_note":"","_monsterinsights_sitenote_category":0},"categories":[19],"tags":[],"aioseo_notices":[],"gutentor_comment":0,"rttpg_featured_image_url":{"full":["https:\/\/arantv.az\/wp-content\/uploads\/2021\/10\/641dac96-be01-4719-9433-3aec13d754b1.jpg",620,413,false],"landscape":["https:\/\/arantv.az\/wp-content\/uploads\/2021\/10\/641dac96-be01-4719-9433-3aec13d754b1.jpg",620,413,false],"portraits":["https:\/\/arantv.az\/wp-content\/uploads\/2021\/10\/641dac96-be01-4719-9433-3aec13d754b1.jpg",620,413,false],"thumbnail":["https:\/\/arantv.az\/wp-content\/uploads\/2021\/10\/641dac96-be01-4719-9433-3aec13d754b1-500x280.jpg",500,280,true],"medium":["https:\/\/arantv.az\/wp-content\/uploads\/2021\/10\/641dac96-be01-4719-9433-3aec13d754b1-548x365.jpg",548,365,true],"large":["https:\/\/arantv.az\/wp-content\/uploads\/2021\/10\/641dac96-be01-4719-9433-3aec13d754b1.jpg",620,413,false],"1536x1536":["https:\/\/arantv.az\/wp-content\/uploads\/2021\/10\/641dac96-be01-4719-9433-3aec13d754b1.jpg",620,413,false],"2048x2048":["https:\/\/arantv.az\/wp-content\/uploads\/2021\/10\/641dac96-be01-4719-9433-3aec13d754b1.jpg",620,413,false],"post-thumbnail":["https:\/\/arantv.az\/wp-content\/uploads\/2021\/10\/641dac96-be01-4719-9433-3aec13d754b1-240x172.jpg",240,172,true],"advps-thumb-one":["https:\/\/arantv.az\/wp-content\/uploads\/2021\/10\/641dac96-be01-4719-9433-3aec13d754b1.jpg",620,413,false]},"rttpg_author":{"display_name":"V\u00fcsal Rafiqo\u011flu","author_link":"https:\/\/arantv.az\/?author=2"},"rttpg_comment":0,"rttpg_category":"<a href=\"https:\/\/arantv.az\/?cat=19\" rel=\"category\">G\u00fcnd\u0259m<\/a>","rttpg_excerpt":"1995-ci il oktyabr\u0131n 28-d\u0259 Bak\u0131 metrosunda ba\u015f vermi\u015f q\u0259zadan 26 il \u00f6t\u00fcr. R\u0259smi m\u0259lumatlarda qeyd edilir ki, \u201cUlduz\u201d v\u0259 \u201cN\u0259rimanov\u201d stansiyalar\u0131 aras\u0131ndak\u0131 tuneld\u0259 qatar\u0131n al\u0131\u015fmas\u0131 n\u0259tic\u0259sind\u0259 289 n\u0259f\u0259r h\u0259yat\u0131n\u0131 itirib. \u00d6l\u0259nl\u0259rd\u0259n 28-i u\u015faq, \u00fc\u00e7\u00fc xilasedici olub. Bundan ba\u015fqa, q\u0259za n\u0259tic\u0259sind\u0259 270 n\u0259f\u0259r m\u00fcxt\u0259lif d\u0259r\u0259c\u0259li b\u0259d\u0259n x\u0259sar\u0259tl\u0259ri al\u0131b. T\u0259l\u0259fat\u0131n b\u00f6y\u00fck olmas\u0131 qatar\u0131n tuneld\u0259 al\u0131\u015fmas\u0131 v\u0259 xilasetm\u0259&hellip;","_links":{"self":[{"href":"https:\/\/arantv.az\/index.php?rest_route=\/wp\/v2\/posts\/396816"}],"collection":[{"href":"https:\/\/arantv.az\/index.php?rest_route=\/wp\/v2\/posts"}],"about":[{"href":"https:\/\/arantv.az\/index.php?rest_route=\/wp\/v2\/types\/post"}],"author":[{"embeddable":true,"href":"https:\/\/arantv.az\/index.php?rest_route=\/wp\/v2\/users\/2"}],"replies":[{"embeddable":true,"href":"https:\/\/arantv.az\/index.php?rest_route=%2Fwp%2Fv2%2Fcomments&post=396816"}],"version-history":[{"count":0,"href":"https:\/\/arantv.az\/index.php?rest_route=\/wp\/v2\/posts\/396816\/revisions"}],"wp:featuredmedia":[{"embeddable":true,"href":"https:\/\/arantv.az\/index.php?rest_route=\/wp\/v2\/media\/396817"}],"wp:attachment":[{"href":"https:\/\/arantv.az\/index.php?rest_route=%2Fwp%2Fv2%2Fmedia&parent=396816"}],"wp:term":[{"taxonomy":"category","embeddable":true,"href":"https:\/\/arantv.az\/index.php?rest_route=%2Fwp%2Fv2%2Fcategories&post=396816"},{"taxonomy":"post_tag","embeddable":true,"href":"https:\/\/arantv.az\/index.php?rest_route=%2Fwp%2Fv2%2Ftags&post=396816"}],"curies":[{"name":"wp","href":"https:\/\/api.w.org\/{rel}","templated":true}]}}