{"id":396822,"date":"2021-10-28T14:24:51","date_gmt":"2021-10-28T11:24:51","guid":{"rendered":"http:\/\/arantv.az\/?p=396822"},"modified":"2021-10-28T14:24:51","modified_gmt":"2021-10-28T11:24:51","slug":"bakida-zorlamaya-gor%c9%99-3-il-h%c9%99bsd%c9%99-yatan-s%c9%99xs-gunahsiz-cixdi","status":"publish","type":"post","link":"https:\/\/arantv.az\/?p=396822","title":{"rendered":"Bak\u0131da zorlamaya g\u00f6r\u0259 3 il h\u0259bsd\u0259 yatan \u015f\u0259xs g\u00fcnahs\u0131z \u00e7\u0131xd\u0131"},"content":{"rendered":"<p>Bak\u0131da zorlamada ittiham olunaraq h\u0259bs olunan \u015f\u0259xs\u0259 Bak\u0131 Apellyasiya M\u0259hk\u0259m\u0259sinin h\u00f6km\u00fc il\u0259 b\u0259ra\u0259t verilib.<\/p>\n<p><strong>ARANTV.AZ \u00a0<\/strong><a title=\"xeberler son xeberler 2021\" href=\"https:\/\/big.az\/\" target=\"_blank\" rel=\"noopener\">x\u0259b\u0259r<\/a>\u00a0verir ki, &#8220;oxu.az&#8221; h\u0259min cinay\u0259t i\u015fi il\u0259 ba\u011fl\u0131 istintaq v\u0259 m\u0259hk\u0259m\u0259 s\u0259n\u0259dl\u0259rin\u0259 \u0259sas\u0259n m\u0259qal\u0259 haz\u0131rlay\u0131b.<\/p>\n<div id=\"AdviadNativeVideo0\" class=\"AdviadNativeVideo\"><\/div>\n<p>\u0130lqar (ad \u015f\u0259rtidir) qabaqcadan \u0259lbir olan bir qrup \u015f\u0259xs hal\u0131nda kiray\u0259 ya\u015fad\u0131\u011f\u0131 m\u0259nzild\u0259 q\u0131za qar\u015f\u0131 zorlamada t\u0259qsirl\u0259ndirilib.<\/p>\n<p>\u0130stintaq materiallar\u0131nda bildirilib ki, \u0130lqar ya\u015fad\u0131\u011f\u0131 m\u0259nzild\u0259 tan\u0131\u015f oldu\u011fu q\u0131zla yeyib-i\u00e7dikd\u0259n sonra ona t\u0259cav\u00fcz edib.<\/p>\n<p>\u0130btidai istintaq zaman\u0131 iddia olunub ki, \u0130lqar\u0131n qabaqcadan \u0259lbir oldu\u011fu dostu v\u0259 xalas\u0131 o\u011flu Vahid d\u0259 (ad \u015f\u0259rtidir) q\u0131za t\u0259cav\u00fcz edib.<\/p>\n<p>Z\u0259r\u0259r\u00e7\u0259kmi\u015f \u015f\u0259xs (q\u0131z) ibtidai istintaq\u0131n ilkin m\u0259rh\u0259l\u0259sind\u0259 g\u00f6st\u0259rib ki, \u0130lqar onunla cinsi \u0259laq\u0259d\u0259 olduqdan sonra Vahid ota\u011fa daxil olub.<\/p>\n<p>Q\u0131z bildirib ki, Vahid d\u0259 onunla cinsi \u0259laq\u0259d\u0259 olmaq ist\u0259yib, lakin seksual xarakterli h\u0259r\u0259k\u0259tl\u0259r etm\u0259kl\u0259 kifay\u0259tl\u0259nib.<\/p>\n<p>Lakin h\u0259min q\u0131z m\u0259hk\u0259m\u0259 bax\u0131\u015f\u0131 zaman\u0131 ba\u015fqa ifad\u0259 verib. O, ilkin ifad\u0259sind\u0259 yalan dan\u0131\u015fd\u0131\u011f\u0131n\u0131 bildirib. Q\u0131z qeyd edib ki, \u0130lqar\u0131n ona qar\u015f\u0131 etdiyi zorak\u0131 h\u0259r\u0259k\u0259tl\u0259r n\u0259tic\u0259sind\u0259 psixi sars\u0131nt\u0131 ke\u00e7irib, yorulub \u0259ld\u0259n d\u00fc\u015f\u00fcb v\u0259 n\u0259tic\u0259d\u0259 \u00fcz\u00fc \u00fcst\u0259 uzan\u0131ql\u0131 v\u0259ziyy\u0259td\u0259 qal\u0131b.<\/p>\n<p>Buna g\u00f6r\u0259 d\u0259, Vahidin onunla hans\u0131 h\u0259r\u0259k\u0259tl\u0259r etdiyini anlaya bilm\u0259yib. Bununla bel\u0259 Vahidin onu zorlama\u011fa c\u0259hd etm\u0259sini v\u0259 seksual xarakterli zorak\u0131l\u0131q h\u0259r\u0259k\u0259tl\u0259ri etm\u0259sini istisna etm\u0259yib.<\/p>\n<p>Ancaq istintaq zaman\u0131 Vahidin q\u0131z\u0131 zorlamas\u0131 s\u00fcbut edilm\u0259yib.<\/p>\n<p>Bak\u0131 Apellyasiya M\u0259hk\u0259m\u0259sinin Kollegiyas\u0131 hesab edib ki, a\u015fa\u011f\u0131 instansiya m\u0259hk\u0259m\u0259l\u0259ri qanunvericiliyin t\u0259l\u0259bl\u0259rini pozaraq, i\u015f \u00fczr\u0259 toplanm\u0131\u015f s\u00fcbutlar\u0131 v\u0259 i\u015fd\u0259 olan istintaq materiallar\u0131n\u0131 tam, h\u0259rt\u0259r\u0259fli v\u0259 obyektiv yoxlay\u0131b s\u00fcbutlar\u0131n t\u0259hlilini aparmay\u0131b.<\/p>\n<p>\u00dcst\u0259g\u0259l, bir-biri il\u0259 m\u00fcqayis\u0259l\u0259ndirm\u0259kl\u0259 ziddiyy\u0259tli hallar\u0131 ara\u015fd\u0131rmay\u0131b. Bununla da, toplanm\u0131\u015f s\u00fcbutlar\u0131n m\u0259nsubiyy\u0259ti, m\u00fcmk\u00fcnl\u00fcy\u00fc, m\u00f6t\u0259b\u0259rliliyi qiym\u0259tl\u0259ndirilm\u0259d\u0259n Vahidi m\u0259hkum edib.<\/p>\n<p>Qeyd ed\u0259k ki, Vahid Bak\u0131 A\u011f\u0131r Cinay\u0259tl\u0259r M\u0259hk\u0259m\u0259sinin onun haqq\u0131nda \u00e7\u0131xard\u0131\u011f\u0131 h\u00f6kmd\u0259n apellyasiya \u015fikay\u0259ti verib.<\/p>\n<p>O, Bak\u0131 A\u011f\u0131r Cinay\u0259tl\u0259r M\u0259hk\u0259m\u0259sinin h\u00f6km\u00fc il\u0259 Cinay\u0259t M\u0259c\u0259ll\u0259sinin 149.2.1 v\u0259 150.2.1-ci madd\u0259l\u0259ri il\u0259 t\u0259qsirli bilin\u0259r\u0259k 6 il 11 ay azadl\u0131qdan m\u0259hrum etm\u0259 c\u0259zas\u0131na m\u0259hkum edilmi\u015fdi.<\/p>\n<p>\u0130lqara g\u0259linc\u0259, o ifad\u0259sind\u0259 bildirib:<\/p>\n<p>&#8220;M\u0259n Vahidl\u0259 q\u0131z\u0131 evd\u0259 qoyub, piv\u0259 alma\u011fa getdim. G\u0259ldikd\u0259n sonra Vahid m\u0259n\u0259 araq i\u00e7m\u0259k ist\u0259diyini dedi. Gedib araq da ald\u0131m v\u0259 biz \u00fc\u00e7l\u00fckd\u0259 yeyib-i\u00e7dik. Q\u0131z piv\u0259 il\u0259 ara\u011f\u0131 qar\u0131\u015fd\u0131rd\u0131, ba\u015f\u0131n\u0131n h\u0259rl\u0259ndiyini dedi. Onu yataq ota\u011f\u0131na ke\u00e7irdim.<\/p>\n<p>Bir-birimizl\u0259 sevi\u015fdik. Cinsi \u0259laq\u0259d\u0259 olmaq ist\u0259y\u0259rk\u0259n o, m\u0259n\u0259 bakir\u0259 oldu\u011funu dedi v\u0259 m\u0259n \u0259s\u0259bil\u0259\u015fdim. Bunu m\u0259n\u0259 niy\u0259 \u0259vv\u0259ll\u0259r dem\u0259diyini bildirdim.<\/p>\n<p>Bizim m\u00fcbahis\u0259miz d\u00fc\u015fd\u00fc, amma ona qar\u015f\u0131 he\u00e7 bir kobudluq etm\u0259dim. S\u0259s-k\u00fcy\u0259 Vahid g\u0259ldi, aran\u0131 sakitl\u0259\u015fdirdi. Daha sonra q\u0131z\u0131 apar\u0131b \u00fcz-g\u00f6z\u00fcn\u0259 su vurdu ki, ay\u0131ls\u0131n. Q\u0131z \u00f6z\u00fcn\u0259 g\u0259ldikd\u0259n sonra \u00e7\u0131x\u0131b getdi&#8221;.<\/p>\n<p>Q\u0131z apellyasiya icraat\u0131 zaman\u0131 ifad\u0259sind\u0259 g\u00f6st\u0259rib ki, o, \u0130lqar\u0131 \u0259vv\u0259ll\u0259r tan\u0131y\u0131b v\u0259 onunla dost olub. Z\u0259r\u0259r\u00e7\u0259kmi\u015f ifad\u0259sind\u0259 \u0130lqar\u0131n onu zorlad\u0131\u011f\u0131n\u0131 deyib, Vahidin is\u0259 ona n\u0259s\u0259 etdiyini xat\u0131rlamad\u0131\u011f\u0131n\u0131 qeyd edib. Lakin Vahidin onunla cinsi \u0259laq\u0259d\u0259 olmad\u0131\u011f\u0131n\u0131 d\u0259qiq bildiyini vur\u011fulay\u0131b.<\/p>\n<p>Q\u0131z\u0131n \u0259vv\u0259ll\u0259r Vahid\u0259 qar\u015f\u0131 m\u00fcxt\u0259lif ifad\u0259l\u0259r verm\u0259sinin s\u0259b\u0259bin\u0259 g\u0259linc\u0259, o bildirib ki, h\u0259min v\u0259ziyy\u0259td\u0259 \u00f6z\u00fcnd\u0259 olmay\u0131b.<\/p>\n<p>Vahidin onlar\u0131n ota\u011f\u0131na daxil olmas\u0131ndan \u015f\u00fcbh\u0259l\u0259ndiyind\u0259n, hals\u0131z v\u0259ziyy\u0259td\u0259 oldu\u011fundan v\u0259 Vahidin onunla cinsi \u0259laq\u0259d\u0259 olmas\u0131n\u0131 d\u00fc\u015f\u00fcnd\u00fcy\u00fcnd\u0259n ilkin ifad\u0259l\u0259rind\u0259 Vahidin d\u0259 onu zorlad\u0131\u011f\u0131n\u0131 deyib.<\/p>\n<p>Bak\u0131 Apellyasiya M\u0259hk\u0259m\u0259si Vahid\u0259 b\u0259ra\u0259t verib. O, t\u0259xmin\u0259n 3 il h\u0259bsd\u0259 qald\u0131qdan sonra m\u0259hk\u0259m\u0259 iclas\u0131 zal\u0131ndan azadl\u0131\u011fa burax\u0131l\u0131b.<\/p>\n<p>Bak\u0131 A\u011f\u0131r Cinay\u0259tl\u0259r M\u0259hk\u0259m\u0259sinin h\u00f6km\u00fc il\u0259 \u0130lqar s\u0259kkiz il m\u00fcdd\u0259tin\u0259 azadl\u0131qdan m\u0259hrum edilib. Onun apellyasiya \u015fikay\u0259ti t\u0259min edilm\u0259yib.<\/p>\n","protected":false},"excerpt":{"rendered":"<p>Bak\u0131da zorlamada ittiham olunaraq h\u0259bs olunan \u015f\u0259xs\u0259 Bak\u0131 Apellyasiya M\u0259hk\u0259m\u0259sinin h\u00f6km\u00fc il\u0259 b\u0259ra\u0259t verilib. ARANTV.AZ \u00a0x\u0259b\u0259r\u00a0verir ki, &#8220;oxu.az&#8221; h\u0259min cinay\u0259t i\u015fi il\u0259 ba\u011fl\u0131 istintaq v\u0259 m\u0259hk\u0259m\u0259 s\u0259n\u0259dl\u0259rin\u0259 \u0259sas\u0259n m\u0259qal\u0259 haz\u0131rlay\u0131b. \u0130lqar (ad \u015f\u0259rtidir) qabaqcadan \u0259lbir olan bir qrup \u015f\u0259xs hal\u0131nda kiray\u0259 ya\u015fad\u0131\u011f\u0131 m\u0259nzild\u0259 q\u0131za qar\u015f\u0131 zorlamada t\u0259qsirl\u0259ndirilib. \u0130stintaq materiallar\u0131nda bildirilib ki, \u0130lqar ya\u015fad\u0131\u011f\u0131 m\u0259nzild\u0259 tan\u0131\u015f oldu\u011fu q\u0131zla yeyib-i\u00e7dikd\u0259n sonra ona t\u0259cav\u00fcz edib. \u0130btidai istintaq zaman\u0131 iddia olunub ki, \u0130lqar\u0131n qabaqcadan \u0259lbir oldu\u011fu dostu v\u0259 xalas\u0131 o\u011flu Vahid d\u0259 (ad \u015f\u0259rtidir) q\u0131za t\u0259cav\u00fcz edib. Z\u0259r\u0259r\u00e7\u0259kmi\u015f \u015f\u0259xs (q\u0131z) ibtidai istintaq\u0131n ilkin m\u0259rh\u0259l\u0259sind\u0259&hellip;<\/p>\n","protected":false},"author":2,"featured_media":396823,"comment_status":"closed","ping_status":"closed","sticky":false,"template":"","format":"standard","meta":{"om_disable_all_campaigns":false,"_monsterinsights_skip_tracking":false,"_monsterinsights_sitenote_active":false,"_monsterinsights_sitenote_note":"","_monsterinsights_sitenote_category":0},"categories":[5],"tags":[],"aioseo_notices":[],"gutentor_comment":0,"rttpg_featured_image_url":{"full":["https:\/\/arantv.az\/wp-content\/uploads\/2021\/10\/qiz_31635419920.jpg",649,499,false],"landscape":["https:\/\/arantv.az\/wp-content\/uploads\/2021\/10\/qiz_31635419920.jpg",649,499,false],"portraits":["https:\/\/arantv.az\/wp-content\/uploads\/2021\/10\/qiz_31635419920.jpg",649,499,false],"thumbnail":["https:\/\/arantv.az\/wp-content\/uploads\/2021\/10\/qiz_31635419920-500x280.jpg",500,280,true],"medium":["https:\/\/arantv.az\/wp-content\/uploads\/2021\/10\/qiz_31635419920-475x365.jpg",475,365,true],"large":["https:\/\/arantv.az\/wp-content\/uploads\/2021\/10\/qiz_31635419920.jpg",640,492,false],"1536x1536":["https:\/\/arantv.az\/wp-content\/uploads\/2021\/10\/qiz_31635419920.jpg",649,499,false],"2048x2048":["https:\/\/arantv.az\/wp-content\/uploads\/2021\/10\/qiz_31635419920.jpg",649,499,false],"post-thumbnail":["https:\/\/arantv.az\/wp-content\/uploads\/2021\/10\/qiz_31635419920-240x172.jpg",240,172,true],"advps-thumb-one":["https:\/\/arantv.az\/wp-content\/uploads\/2021\/10\/qiz_31635419920.jpg",649,499,false]},"rttpg_author":{"display_name":"V\u00fcsal Rafiqo\u011flu","author_link":"https:\/\/arantv.az\/?author=2"},"rttpg_comment":0,"rttpg_category":"<a href=\"https:\/\/arantv.az\/?cat=5\" rel=\"category\">Hadis\u0259<\/a>","rttpg_excerpt":"Bak\u0131da zorlamada ittiham olunaraq h\u0259bs olunan \u015f\u0259xs\u0259 Bak\u0131 Apellyasiya M\u0259hk\u0259m\u0259sinin h\u00f6km\u00fc il\u0259 b\u0259ra\u0259t verilib. ARANTV.AZ \u00a0x\u0259b\u0259r\u00a0verir ki, &#8220;oxu.az&#8221; h\u0259min cinay\u0259t i\u015fi il\u0259 ba\u011fl\u0131 istintaq v\u0259 m\u0259hk\u0259m\u0259 s\u0259n\u0259dl\u0259rin\u0259 \u0259sas\u0259n m\u0259qal\u0259 haz\u0131rlay\u0131b. \u0130lqar (ad \u015f\u0259rtidir) qabaqcadan \u0259lbir olan bir qrup \u015f\u0259xs hal\u0131nda kiray\u0259 ya\u015fad\u0131\u011f\u0131 m\u0259nzild\u0259 q\u0131za qar\u015f\u0131 zorlamada t\u0259qsirl\u0259ndirilib. \u0130stintaq materiallar\u0131nda bildirilib ki, \u0130lqar ya\u015fad\u0131\u011f\u0131 m\u0259nzild\u0259 tan\u0131\u015f&hellip;","_links":{"self":[{"href":"https:\/\/arantv.az\/index.php?rest_route=\/wp\/v2\/posts\/396822"}],"collection":[{"href":"https:\/\/arantv.az\/index.php?rest_route=\/wp\/v2\/posts"}],"about":[{"href":"https:\/\/arantv.az\/index.php?rest_route=\/wp\/v2\/types\/post"}],"author":[{"embeddable":true,"href":"https:\/\/arantv.az\/index.php?rest_route=\/wp\/v2\/users\/2"}],"replies":[{"embeddable":true,"href":"https:\/\/arantv.az\/index.php?rest_route=%2Fwp%2Fv2%2Fcomments&post=396822"}],"version-history":[{"count":0,"href":"https:\/\/arantv.az\/index.php?rest_route=\/wp\/v2\/posts\/396822\/revisions"}],"wp:featuredmedia":[{"embeddable":true,"href":"https:\/\/arantv.az\/index.php?rest_route=\/wp\/v2\/media\/396823"}],"wp:attachment":[{"href":"https:\/\/arantv.az\/index.php?rest_route=%2Fwp%2Fv2%2Fmedia&parent=396822"}],"wp:term":[{"taxonomy":"category","embeddable":true,"href":"https:\/\/arantv.az\/index.php?rest_route=%2Fwp%2Fv2%2Fcategories&post=396822"},{"taxonomy":"post_tag","embeddable":true,"href":"https:\/\/arantv.az\/index.php?rest_route=%2Fwp%2Fv2%2Ftags&post=396822"}],"curies":[{"name":"wp","href":"https:\/\/api.w.org\/{rel}","templated":true}]}}