{"id":39684,"date":"2019-02-19T11:09:20","date_gmt":"2019-02-19T08:09:20","guid":{"rendered":"http:\/\/arantv.az\/?p=39684"},"modified":"2019-02-19T11:09:20","modified_gmt":"2019-02-19T08:09:20","slug":"prezident-ilham-%c9%99liyev-avropa-komissiyasinin-numay%c9%99nd%c9%99-hey%c9%99tini-q%c9%99bul-edib","status":"publish","type":"post","link":"https:\/\/arantv.az\/?p=39684","title":{"rendered":"Prezident \u0130lham \u018fliyev Avropa Komissiyas\u0131n\u0131n n\u00fcmay\u0259nd\u0259 hey\u0259tini q\u0259bul edib"},"content":{"rendered":"<p><strong>Az\u0259rbaycan Respublikas\u0131n\u0131n Prezidenti \u0130lham \u018fliyev fevral\u0131n 19-da Avropa Komissiyas\u0131n\u0131n H\u0259r\u0259k\u0259tlilik v\u0259 N\u0259qliyyat \u00fczr\u0259 (MOVE) Ba\u015f Direktorlu\u011funun r\u0259hb\u0259ri Henrik Hololeyin ba\u015f\u00e7\u0131l\u0131q etdiyi n\u00fcmay\u0259nd\u0259 hey\u0259tini q\u0259bul edib.<\/strong><\/p>\n<p><strong>ARANTV.AZ<\/strong> az\u0259rtac-a istinad\u0259n bildirir ki, Henrik Hololey d\u00f6vl\u0259timizin ba\u015f\u00e7\u0131s\u0131n\u0131 \u00f6t\u0259n prezident se\u00e7kil\u0259rind\u0259 q\u0259l\u0259b\u0259si m\u00fcnasib\u0259til\u0259 t\u0259brik etdi, bunu xalq\u0131n \u00f6lk\u0259d\u0259 sabitliy\u0259 v\u0259 inki\u015fafa g\u00f6st\u0259rdiyi etimad kimi d\u0259y\u0259rl\u0259ndirdi. Avropa Komissiyas\u0131n\u0131n H\u0259r\u0259k\u0259tlilik v\u0259 N\u0259qliyyat \u00fczr\u0259 Ba\u015f Direktorlu\u011funun r\u0259hb\u0259ri Henrik Hololey bu s\u0259f\u0259ri zaman\u0131 Az\u0259rbaycan\u0131n b\u00f6lg\u0259l\u0259rind\u0259 oldu\u011funu v\u0259 g\u00f6rd\u00fcy\u00fc inki\u015faf prosesl\u0259rinin onda d\u0259rin t\u0259\u0259ss\u00fcrat yaratd\u0131\u011f\u0131n\u0131 qeyd etdi, \u00f6lk\u0259mizin turizm v\u0259 dig\u0259r sah\u0259l\u0259rd\u0259 b\u00f6y\u00fck potensiala malik oldu\u011funu vur\u011fulad\u0131. Qonaq, eyni zamanda, Bak\u0131da s\u0259m\u0259r\u0259li g\u00f6r\u00fc\u015fl\u0259r ke\u00e7irdikl\u0259rini bildir\u0259r\u0259k, Heyd\u0259r \u018fliyev beyn\u0259lxalq aeroportunun v\u0259 Az\u0259rbaycanda m\u00fclki aviasiya sisteminin texniki t\u0259chizat\u0131n\u0131n y\u00fcks\u0259k s\u0259viyy\u0259d\u0259 oldu\u011funu qeyd etdi.<\/p>\n<p>Prezident \u0130lham \u018fliyev Az\u0259rbaycanda infrastrukturun yarad\u0131lmas\u0131 istiqam\u0259tind\u0259 \u00e7ox b\u00f6y\u00fck layih\u0259l\u0259rin realla\u015fd\u0131\u011f\u0131n\u0131 vur\u011fulayaraq, alt\u0131 beyn\u0259lxalq hava liman\u0131n\u0131n, beyn\u0259lxalq standartlara cavab ver\u0259n avtomagistral yollar\u0131n\u0131n, \u018fl\u0259td\u0259 Bak\u0131 Beyn\u0259lxalq D\u0259niz Ticar\u0259t Liman\u0131n\u0131n in\u015fas\u0131 v\u0259 dig\u0259r i\u015fl\u0259rin h\u0259yata ke\u00e7irilm\u0259si n\u0259tic\u0259sind\u0259 \u00f6lk\u0259mizin m\u00fch\u00fcm beyn\u0259lxalq n\u0259qliyyat qov\u015fa\u011f\u0131na \u00e7evrildiyini bildirdi. D\u00f6vl\u0259timizin ba\u015f\u00e7\u0131s\u0131 Az\u0259rbaycan\u0131n \u015eimal-C\u0259nub, \u015e\u0259rq-Q\u0259rb, \u015eimal-Q\u0259rb istiqam\u0259tl\u0259rind\u0259 n\u0259qliyyat da\u015f\u0131malar\u0131 sah\u0259sind\u0259 m\u00fch\u00fcm rol oynayaca\u011f\u0131n\u0131 qeyd ed\u0259r\u0259k, perspektivl\u0259r n\u0259z\u0259r\u0259 al\u0131nmaqla bu sah\u0259d\u0259 art\u0131q konkret i\u015fl\u0259rin g\u00f6r\u00fcld\u00fcy\u00fcn\u00fc dedi.<\/p>\n<p>G\u00f6r\u00fc\u015fd\u0259 Az\u0259rbaycan il\u0259 Avropa \u0130ttifaq\u0131 aras\u0131nda m\u00fcnasib\u0259tl\u0259rin u\u011furla inki\u015faf etdiyi vur\u011fuland\u0131, \u00f6lk\u0259mizd\u0259 m\u00fcasir n\u0259qliyyat infrastrukturunun yarad\u0131lmas\u0131n\u0131n \u00f6n\u0259mi qeyd olundu, n\u0259qliyyat sah\u0259sind\u0259 \u0259m\u0259kda\u015fl\u0131\u011f\u0131n perspektivl\u0259ri il\u0259 ba\u011fl\u0131 m\u0259s\u0259l\u0259l\u0259r \u0259traf\u0131nda fikir m\u00fcbadil\u0259si apar\u0131ld\u0131.<\/p>\n","protected":false},"excerpt":{"rendered":"<p>Az\u0259rbaycan Respublikas\u0131n\u0131n Prezidenti \u0130lham \u018fliyev fevral\u0131n 19-da Avropa Komissiyas\u0131n\u0131n H\u0259r\u0259k\u0259tlilik v\u0259 N\u0259qliyyat \u00fczr\u0259 (MOVE) Ba\u015f Direktorlu\u011funun r\u0259hb\u0259ri Henrik Hololeyin ba\u015f\u00e7\u0131l\u0131q etdiyi n\u00fcmay\u0259nd\u0259 hey\u0259tini q\u0259bul edib. ARANTV.AZ az\u0259rtac-a istinad\u0259n bildirir ki, Henrik Hololey d\u00f6vl\u0259timizin ba\u015f\u00e7\u0131s\u0131n\u0131 \u00f6t\u0259n prezident se\u00e7kil\u0259rind\u0259 q\u0259l\u0259b\u0259si m\u00fcnasib\u0259til\u0259 t\u0259brik etdi, bunu xalq\u0131n \u00f6lk\u0259d\u0259 sabitliy\u0259 v\u0259 inki\u015fafa g\u00f6st\u0259rdiyi etimad kimi d\u0259y\u0259rl\u0259ndirdi. Avropa Komissiyas\u0131n\u0131n H\u0259r\u0259k\u0259tlilik v\u0259 N\u0259qliyyat \u00fczr\u0259 Ba\u015f Direktorlu\u011funun r\u0259hb\u0259ri Henrik Hololey bu s\u0259f\u0259ri zaman\u0131 Az\u0259rbaycan\u0131n b\u00f6lg\u0259l\u0259rind\u0259 oldu\u011funu v\u0259 g\u00f6rd\u00fcy\u00fc inki\u015faf prosesl\u0259rinin onda d\u0259rin t\u0259\u0259ss\u00fcrat yaratd\u0131\u011f\u0131n\u0131 qeyd etdi, \u00f6lk\u0259mizin turizm v\u0259 dig\u0259r sah\u0259l\u0259rd\u0259 b\u00f6y\u00fck potensiala malik oldu\u011funu vur\u011fulad\u0131. Qonaq, eyni&hellip;<\/p>\n","protected":false},"author":2,"featured_media":39685,"comment_status":"closed","ping_status":"closed","sticky":false,"template":"","format":"standard","meta":{"om_disable_all_campaigns":false,"_monsterinsights_skip_tracking":false,"_monsterinsights_sitenote_active":false,"_monsterinsights_sitenote_note":"","_monsterinsights_sitenote_category":0},"categories":[8],"tags":[],"aioseo_notices":[],"gutentor_comment":0,"rttpg_featured_image_url":{"full":["https:\/\/arantv.az\/wp-content\/uploads\/2019\/02\/731950.jpg",800,600,false],"landscape":["https:\/\/arantv.az\/wp-content\/uploads\/2019\/02\/731950.jpg",800,600,false],"portraits":["https:\/\/arantv.az\/wp-content\/uploads\/2019\/02\/731950.jpg",800,600,false],"thumbnail":["https:\/\/arantv.az\/wp-content\/uploads\/2019\/02\/731950-150x150.jpg",150,150,true],"medium":["https:\/\/arantv.az\/wp-content\/uploads\/2019\/02\/731950-300x225.jpg",300,225,true],"large":["https:\/\/arantv.az\/wp-content\/uploads\/2019\/02\/731950.jpg",640,480,false],"1536x1536":["https:\/\/arantv.az\/wp-content\/uploads\/2019\/02\/731950.jpg",800,600,false],"2048x2048":["https:\/\/arantv.az\/wp-content\/uploads\/2019\/02\/731950.jpg",800,600,false],"post-thumbnail":["https:\/\/arantv.az\/wp-content\/uploads\/2019\/02\/731950-240x172.jpg",240,172,true],"advps-thumb-one":["https:\/\/arantv.az\/wp-content\/uploads\/2019\/02\/731950.jpg",800,600,false]},"rttpg_author":{"display_name":"V\u00fcsal Rafiqo\u011flu","author_link":"https:\/\/arantv.az\/?author=2"},"rttpg_comment":0,"rttpg_category":"<a href=\"https:\/\/arantv.az\/?cat=8\" rel=\"category\">\u018fsas s\u0259hif\u0259<\/a>","rttpg_excerpt":"Az\u0259rbaycan Respublikas\u0131n\u0131n Prezidenti \u0130lham \u018fliyev fevral\u0131n 19-da Avropa Komissiyas\u0131n\u0131n H\u0259r\u0259k\u0259tlilik v\u0259 N\u0259qliyyat \u00fczr\u0259 (MOVE) Ba\u015f Direktorlu\u011funun r\u0259hb\u0259ri Henrik Hololeyin ba\u015f\u00e7\u0131l\u0131q etdiyi n\u00fcmay\u0259nd\u0259 hey\u0259tini q\u0259bul edib. ARANTV.AZ az\u0259rtac-a istinad\u0259n bildirir ki, Henrik Hololey d\u00f6vl\u0259timizin ba\u015f\u00e7\u0131s\u0131n\u0131 \u00f6t\u0259n prezident se\u00e7kil\u0259rind\u0259 q\u0259l\u0259b\u0259si m\u00fcnasib\u0259til\u0259 t\u0259brik etdi, bunu xalq\u0131n \u00f6lk\u0259d\u0259 sabitliy\u0259 v\u0259 inki\u015fafa g\u00f6st\u0259rdiyi etimad kimi d\u0259y\u0259rl\u0259ndirdi. Avropa Komissiyas\u0131n\u0131n H\u0259r\u0259k\u0259tlilik v\u0259&hellip;","_links":{"self":[{"href":"https:\/\/arantv.az\/index.php?rest_route=\/wp\/v2\/posts\/39684"}],"collection":[{"href":"https:\/\/arantv.az\/index.php?rest_route=\/wp\/v2\/posts"}],"about":[{"href":"https:\/\/arantv.az\/index.php?rest_route=\/wp\/v2\/types\/post"}],"author":[{"embeddable":true,"href":"https:\/\/arantv.az\/index.php?rest_route=\/wp\/v2\/users\/2"}],"replies":[{"embeddable":true,"href":"https:\/\/arantv.az\/index.php?rest_route=%2Fwp%2Fv2%2Fcomments&post=39684"}],"version-history":[{"count":0,"href":"https:\/\/arantv.az\/index.php?rest_route=\/wp\/v2\/posts\/39684\/revisions"}],"wp:featuredmedia":[{"embeddable":true,"href":"https:\/\/arantv.az\/index.php?rest_route=\/wp\/v2\/media\/39685"}],"wp:attachment":[{"href":"https:\/\/arantv.az\/index.php?rest_route=%2Fwp%2Fv2%2Fmedia&parent=39684"}],"wp:term":[{"taxonomy":"category","embeddable":true,"href":"https:\/\/arantv.az\/index.php?rest_route=%2Fwp%2Fv2%2Fcategories&post=39684"},{"taxonomy":"post_tag","embeddable":true,"href":"https:\/\/arantv.az\/index.php?rest_route=%2Fwp%2Fv2%2Ftags&post=39684"}],"curies":[{"name":"wp","href":"https:\/\/api.w.org\/{rel}","templated":true}]}}