{"id":39690,"date":"2019-02-19T11:11:19","date_gmt":"2019-02-19T08:11:19","guid":{"rendered":"http:\/\/arantv.az\/?p=39690"},"modified":"2019-02-19T11:11:19","modified_gmt":"2019-02-19T08:11:19","slug":"qarin-hundurluyu-agd%c9%99r%c9%99d%c9%99-19-altiagacda-14-saribasda-12-qubada-11-sm-olub-faktiki-hava","status":"publish","type":"post","link":"https:\/\/arantv.az\/?p=39690","title":{"rendered":"Qar\u0131n h\u00fcnd\u00fcrl\u00fcy\u00fc A\u011fd\u0259r\u0259d\u0259 19, Alt\u0131a\u011facda 14, Sar\u0131ba\u015fda 12, Qubada 11 sm olub &#8211; FAKT\u0130K\u0130 HAVA"},"content":{"rendered":"<p><strong>Fevral\u0131n 18-i g\u00fcnd\u00fczd\u0259n 19-u s\u0259h\u0259r\u0259d\u0259k m\u00fc\u015fahid\u0259 olunan faktiki hava \u015f\u0259raiti a\u00e7\u0131qlan\u0131b.<\/strong><\/p>\n<p>Ekologiya v\u0259 T\u0259bii S\u0259rv\u0259tl\u0259r Nazirliyinin Milli Hidrometeorologiya Departamentind\u0259n <strong>ARANTV.AZ<\/strong>-a bildirilib ki, sinoptikl\u0259rin \u0259vv\u0259lc\u0259d\u0259n x\u0259b\u0259r verdiyi kimi, fevral\u0131n 18-i ax\u015famdan \u00f6lk\u0259 \u0259razisind\u0259 hava \u015f\u0259raiti d\u0259yi\u015fib, \u0259sas\u0259n \u015fimal v\u0259 \u015f\u0259rq rayonlar\u0131nda ya\u011f\u0131nt\u0131l\u0131 olub, da\u011fl\u0131q v\u0259 da\u011f\u0259t\u0259yi rayonlarda qar ya\u011f\u0131b.<\/p>\n<p>Bak\u0131da v\u0259 Ab\u015feron yar\u0131madas\u0131nda fevral\u0131n 18-i ax\u015fam saatlar\u0131ndan ba\u015flayan ya\u011f\u0131\u015f fevral\u0131n 19-da sulu qara ke\u00e7ib, d\u00fc\u015f\u0259n ya\u011f\u0131nt\u0131n\u0131n miqdar\u0131 5 mm t\u0259\u015fkil edib, bu da ayl\u0131q norman\u0131n 24 faizidir. L\u0259nk\u0259ran-Astara zonas\u0131nda ya\u011f\u0131nt\u0131n\u0131n miqdar\u0131 6 mm-d\u0259k, M\u0259rk\u0259zi-Aran rayonlar\u0131nda 4 mm-d\u0259k, B\u00f6y\u00fck Qafqazda 11 mm-d\u0259k olub.<\/p>\n<p>Qar \u00f6rt\u00fcy\u00fcn\u00fcn h\u00fcnd\u00fcrl\u00fcy\u00fc A\u011fd\u0259r\u0259d\u0259 19, Alt\u0131a\u011facda 14, Sar\u0131ba\u015fda 12, Qubada 11, \u015eahda\u011fda 10, Qusar, X\u0131nal\u0131qda 7, Q\u0131r\u0131zda 6, M\u0259r\u0259z\u0259d\u0259 3, \u0130smay\u0131ll\u0131da 1 sm t\u0259\u015fkil edib.<\/p>\n<div id=\"AdributorNativeVideo0\" class=\"AdributorNativeVideo\"><\/div>\n<p>Fevral\u0131n 18-d\u0259 \u015fimal-q\u0259rb k\u00fcl\u0259yinin s\u00fcr\u0259ti b\u0259zi rayonlarda arabir 22-30 m\/s olub, Bak\u0131da v\u0259 Ab\u015feron yar\u0131madas\u0131nda arabir 15-20 m\/s-d\u0259k g\u00fccl\u0259nib, Neft Da\u015flar\u0131 stansiyas\u0131n\u0131n m\u0259lumat\u0131na \u0259sas\u0259n dal\u011fan\u0131n h\u00fcnd\u00fcrl\u00fcy\u00fc 4 metr\u0259 \u00e7at\u0131b.<\/p>\n<p>Havan\u0131n temperaturu 6-10 d\u0259r\u0259c\u0259 a\u015fa\u011f\u0131 enib, minimal temperatur Bak\u0131da v\u0259 Ab\u015feron yar\u0131madas\u0131nda 2 d\u0259r\u0259c\u0259y\u0259d\u0259k isti, Aran rayonlar\u0131nda 2-5 d\u0259r\u0259c\u0259 isti, da\u011fl\u0131q rayonlarda 0-5, y\u00fcks\u0259k da\u011fl\u0131q \u0259razil\u0259rd\u0259 7-12, Nax\u00e7\u0131van MR-da 0-3 d\u0259r\u0259c\u0259 \u015faxta t\u0259\u015fkil edib.<\/p>\n","protected":false},"excerpt":{"rendered":"<p>Fevral\u0131n 18-i g\u00fcnd\u00fczd\u0259n 19-u s\u0259h\u0259r\u0259d\u0259k m\u00fc\u015fahid\u0259 olunan faktiki hava \u015f\u0259raiti a\u00e7\u0131qlan\u0131b. Ekologiya v\u0259 T\u0259bii S\u0259rv\u0259tl\u0259r Nazirliyinin Milli Hidrometeorologiya Departamentind\u0259n ARANTV.AZ-a bildirilib ki, sinoptikl\u0259rin \u0259vv\u0259lc\u0259d\u0259n x\u0259b\u0259r verdiyi kimi, fevral\u0131n 18-i ax\u015famdan \u00f6lk\u0259 \u0259razisind\u0259 hava \u015f\u0259raiti d\u0259yi\u015fib, \u0259sas\u0259n \u015fimal v\u0259 \u015f\u0259rq rayonlar\u0131nda ya\u011f\u0131nt\u0131l\u0131 olub, da\u011fl\u0131q v\u0259 da\u011f\u0259t\u0259yi rayonlarda qar ya\u011f\u0131b. Bak\u0131da v\u0259 Ab\u015feron yar\u0131madas\u0131nda fevral\u0131n 18-i ax\u015fam saatlar\u0131ndan ba\u015flayan ya\u011f\u0131\u015f fevral\u0131n 19-da sulu qara ke\u00e7ib, d\u00fc\u015f\u0259n ya\u011f\u0131nt\u0131n\u0131n miqdar\u0131 5 mm t\u0259\u015fkil edib, bu da ayl\u0131q norman\u0131n 24 faizidir. L\u0259nk\u0259ran-Astara zonas\u0131nda ya\u011f\u0131nt\u0131n\u0131n miqdar\u0131 6 mm-d\u0259k, M\u0259rk\u0259zi-Aran rayonlar\u0131nda 4 mm-d\u0259k, B\u00f6y\u00fck Qafqazda 11 mm-d\u0259k&hellip;<\/p>\n","protected":false},"author":2,"featured_media":39691,"comment_status":"closed","ping_status":"closed","sticky":false,"template":"","format":"standard","meta":{"om_disable_all_campaigns":false,"_monsterinsights_skip_tracking":false,"_monsterinsights_sitenote_active":false,"_monsterinsights_sitenote_note":"","_monsterinsights_sitenote_category":0},"categories":[1],"tags":[],"aioseo_notices":[],"gutentor_comment":0,"rttpg_featured_image_url":{"full":["https:\/\/arantv.az\/wp-content\/uploads\/2019\/02\/731954.jpg",800,600,false],"landscape":["https:\/\/arantv.az\/wp-content\/uploads\/2019\/02\/731954.jpg",800,600,false],"portraits":["https:\/\/arantv.az\/wp-content\/uploads\/2019\/02\/731954.jpg",800,600,false],"thumbnail":["https:\/\/arantv.az\/wp-content\/uploads\/2019\/02\/731954-150x150.jpg",150,150,true],"medium":["https:\/\/arantv.az\/wp-content\/uploads\/2019\/02\/731954-300x225.jpg",300,225,true],"large":["https:\/\/arantv.az\/wp-content\/uploads\/2019\/02\/731954.jpg",640,480,false],"1536x1536":["https:\/\/arantv.az\/wp-content\/uploads\/2019\/02\/731954.jpg",800,600,false],"2048x2048":["https:\/\/arantv.az\/wp-content\/uploads\/2019\/02\/731954.jpg",800,600,false],"post-thumbnail":["https:\/\/arantv.az\/wp-content\/uploads\/2019\/02\/731954-240x172.jpg",240,172,true],"advps-thumb-one":["https:\/\/arantv.az\/wp-content\/uploads\/2019\/02\/731954.jpg",800,600,false]},"rttpg_author":{"display_name":"V\u00fcsal Rafiqo\u011flu","author_link":"https:\/\/arantv.az\/?author=2"},"rttpg_comment":0,"rttpg_category":"<a href=\"https:\/\/arantv.az\/?cat=1\" rel=\"category\">C\u0259miyy\u0259t<\/a>","rttpg_excerpt":"Fevral\u0131n 18-i g\u00fcnd\u00fczd\u0259n 19-u s\u0259h\u0259r\u0259d\u0259k m\u00fc\u015fahid\u0259 olunan faktiki hava \u015f\u0259raiti a\u00e7\u0131qlan\u0131b. Ekologiya v\u0259 T\u0259bii S\u0259rv\u0259tl\u0259r Nazirliyinin Milli Hidrometeorologiya Departamentind\u0259n ARANTV.AZ-a bildirilib ki, sinoptikl\u0259rin \u0259vv\u0259lc\u0259d\u0259n x\u0259b\u0259r verdiyi kimi, fevral\u0131n 18-i ax\u015famdan \u00f6lk\u0259 \u0259razisind\u0259 hava \u015f\u0259raiti d\u0259yi\u015fib, \u0259sas\u0259n \u015fimal v\u0259 \u015f\u0259rq rayonlar\u0131nda ya\u011f\u0131nt\u0131l\u0131 olub, da\u011fl\u0131q v\u0259 da\u011f\u0259t\u0259yi rayonlarda qar ya\u011f\u0131b. Bak\u0131da v\u0259 Ab\u015feron yar\u0131madas\u0131nda fevral\u0131n 18-i ax\u015fam&hellip;","_links":{"self":[{"href":"https:\/\/arantv.az\/index.php?rest_route=\/wp\/v2\/posts\/39690"}],"collection":[{"href":"https:\/\/arantv.az\/index.php?rest_route=\/wp\/v2\/posts"}],"about":[{"href":"https:\/\/arantv.az\/index.php?rest_route=\/wp\/v2\/types\/post"}],"author":[{"embeddable":true,"href":"https:\/\/arantv.az\/index.php?rest_route=\/wp\/v2\/users\/2"}],"replies":[{"embeddable":true,"href":"https:\/\/arantv.az\/index.php?rest_route=%2Fwp%2Fv2%2Fcomments&post=39690"}],"version-history":[{"count":0,"href":"https:\/\/arantv.az\/index.php?rest_route=\/wp\/v2\/posts\/39690\/revisions"}],"wp:featuredmedia":[{"embeddable":true,"href":"https:\/\/arantv.az\/index.php?rest_route=\/wp\/v2\/media\/39691"}],"wp:attachment":[{"href":"https:\/\/arantv.az\/index.php?rest_route=%2Fwp%2Fv2%2Fmedia&parent=39690"}],"wp:term":[{"taxonomy":"category","embeddable":true,"href":"https:\/\/arantv.az\/index.php?rest_route=%2Fwp%2Fv2%2Fcategories&post=39690"},{"taxonomy":"post_tag","embeddable":true,"href":"https:\/\/arantv.az\/index.php?rest_route=%2Fwp%2Fv2%2Ftags&post=39690"}],"curies":[{"name":"wp","href":"https:\/\/api.w.org\/{rel}","templated":true}]}}