{"id":39696,"date":"2019-02-19T11:13:43","date_gmt":"2019-02-19T08:13:43","guid":{"rendered":"http:\/\/arantv.az\/?p=39696"},"modified":"2019-02-19T11:13:43","modified_gmt":"2019-02-19T08:13:43","slug":"x%c9%99l%c9%99f-x%c9%99l%c9%99fov-x%c9%99z%c9%99rin-statusu-bar%c9%99d%c9%99-konvensiya-x%c9%99z%c9%99ryani-olk%c9%99l%c9%99rin-tarixind%c9%99-yeni-s%c9%99hif%c9%99dir","status":"publish","type":"post","link":"https:\/\/arantv.az\/?p=39696","title":{"rendered":"X\u0259l\u0259f X\u0259l\u0259fov: &#8220;X\u0259z\u0259rin statusu bar\u0259d\u0259 Konvensiya X\u0259z\u0259ryan\u0131 \u00f6lk\u0259l\u0259rin tarixind\u0259 yeni s\u0259hif\u0259dir&#8221;"},"content":{"rendered":"<blockquote><p><em><strong>X\u0259z\u0259r d\u0259nizinin h\u00fcquqi statusu bar\u0259d\u0259 Konvensiyan\u0131n imzalanmas\u0131 X\u0259z\u0259ryan\u0131 \u00f6lk\u0259l\u0259rin tarixind\u0259 yeni s\u0259hif\u0259dir.<\/strong><\/em><\/p><\/blockquote>\n<p><strong>ARANTV.AZ<\/strong> trend-\u0259 istinad\u0259n x\u0259b\u0259r verir ki, bunu Nazirl\u0259r Kabineti Aparat\u0131n\u0131n r\u0259hb\u0259ri X\u0259l\u0259f X\u0259l\u0259fov X\u0259z\u0259r d\u0259nizi m\u0259s\u0259l\u0259l\u0259ri \u00fczr\u0259 Y\u00fcks\u0259k S\u0259viyy\u0259li \u0130\u015f\u00e7i Qrupunun birinci iclas\u0131nda deyib.<\/p>\n<p>O qeyd edib ki, X\u0259z\u0259ryan\u0131 \u00f6lk\u0259l\u0259r aras\u0131nda dostluq v\u0259 \u0259m\u0259kda\u015fl\u0131q, qar\u015f\u0131l\u0131ql\u0131 h\u00f6rm\u0259t v\u0259 etimad, el\u0259c\u0259 d\u0259 \u00f6lk\u0259l\u0259rin suverenliyin\u0259 h\u00f6rm\u0259t m\u00fcnasib\u0259tl\u0259ri m\u00f6vcuddur:<\/p>\n<p>&#8220;Bu s\u0259n\u0259din imzalanmas\u0131 X\u0259z\u0259ryan\u0131 \u00f6lk\u0259l\u0259r aras\u0131nda m\u00fcnasib\u0259tl\u0259rin daha da inki\u015faf\u0131na xidm\u0259t edir. \u018fsas m\u0259qs\u0259d h\u00fcquqi statusun qorunmas\u0131d\u0131r&#8221;.<\/p>\n<p>\u0130\u015f\u00e7i qrupunun f\u0259aliyy\u0259tind\u0259n dan\u0131\u015fan X.X\u0259l\u0259fov bildirib ki, qrupun \u0259sas tap\u015f\u0131r\u0131qlar\u0131 \u00f6lk\u0259l\u0259r aras\u0131nda \u0259laq\u0259l\u0259rin m\u00f6hk\u0259ml\u0259ndirilm\u0259si m\u0259s\u0259l\u0259l\u0259rinin m\u00fczakir\u0259sidir:<\/p>\n<p>&#8220;\u0130clas zaman\u0131 i\u015ftirak\u00e7\u0131lar i\u015f\u00e7i qrupunun i\u015f prosedurlar\u0131n\u0131 m\u00fc\u0259yy\u0259nl\u0259\u015fdir\u0259c\u0259k, Konvensiyan\u0131n h\u0259r bir \u00f6lk\u0259nin qanunvericiliyi \u0259sas\u0131nda t\u0259sdiql\u0259nm\u0259sini m\u00fczakir\u0259 ed\u0259c\u0259kl\u0259r. H\u0259m\u00e7inin X\u0259z\u0259r d\u0259nizind\u0259 \u0259razi sular\u0131n\u0131 m\u00fc\u0259yy\u0259nl\u0259\u015fdirm\u0259k m\u0259qs\u0259dil\u0259 birba\u015fa \u00e7\u0131x\u0131\u015f x\u0259tl\u0259rinin qurulmas\u0131 metodikas\u0131 m\u00fczakir\u0259 olunacaq&#8221;.<\/p>\n","protected":false},"excerpt":{"rendered":"<p>X\u0259z\u0259r d\u0259nizinin h\u00fcquqi statusu bar\u0259d\u0259 Konvensiyan\u0131n imzalanmas\u0131 X\u0259z\u0259ryan\u0131 \u00f6lk\u0259l\u0259rin tarixind\u0259 yeni s\u0259hif\u0259dir. ARANTV.AZ trend-\u0259 istinad\u0259n x\u0259b\u0259r verir ki, bunu Nazirl\u0259r Kabineti Aparat\u0131n\u0131n r\u0259hb\u0259ri X\u0259l\u0259f X\u0259l\u0259fov X\u0259z\u0259r d\u0259nizi m\u0259s\u0259l\u0259l\u0259ri \u00fczr\u0259 Y\u00fcks\u0259k S\u0259viyy\u0259li \u0130\u015f\u00e7i Qrupunun birinci iclas\u0131nda deyib. O qeyd edib ki, X\u0259z\u0259ryan\u0131 \u00f6lk\u0259l\u0259r aras\u0131nda dostluq v\u0259 \u0259m\u0259kda\u015fl\u0131q, qar\u015f\u0131l\u0131ql\u0131 h\u00f6rm\u0259t v\u0259 etimad, el\u0259c\u0259 d\u0259 \u00f6lk\u0259l\u0259rin suverenliyin\u0259 h\u00f6rm\u0259t m\u00fcnasib\u0259tl\u0259ri m\u00f6vcuddur: &#8220;Bu s\u0259n\u0259din imzalanmas\u0131 X\u0259z\u0259ryan\u0131 \u00f6lk\u0259l\u0259r aras\u0131nda m\u00fcnasib\u0259tl\u0259rin daha da inki\u015faf\u0131na xidm\u0259t edir. \u018fsas m\u0259qs\u0259d h\u00fcquqi statusun qorunmas\u0131d\u0131r&#8221;. \u0130\u015f\u00e7i qrupunun f\u0259aliyy\u0259tind\u0259n dan\u0131\u015fan X.X\u0259l\u0259fov bildirib ki, qrupun \u0259sas tap\u015f\u0131r\u0131qlar\u0131 \u00f6lk\u0259l\u0259r aras\u0131nda \u0259laq\u0259l\u0259rin m\u00f6hk\u0259ml\u0259ndirilm\u0259si m\u0259s\u0259l\u0259l\u0259rinin m\u00fczakir\u0259sidir:&hellip;<\/p>\n","protected":false},"author":2,"featured_media":39697,"comment_status":"closed","ping_status":"closed","sticky":false,"template":"","format":"standard","meta":{"om_disable_all_campaigns":false,"_monsterinsights_skip_tracking":false,"_monsterinsights_sitenote_active":false,"_monsterinsights_sitenote_note":"","_monsterinsights_sitenote_category":0},"categories":[4],"tags":[],"aioseo_notices":[],"gutentor_comment":0,"rttpg_featured_image_url":{"full":["https:\/\/arantv.az\/wp-content\/uploads\/2019\/02\/xelef_xelefov_0544.jpg",800,600,false],"landscape":["https:\/\/arantv.az\/wp-content\/uploads\/2019\/02\/xelef_xelefov_0544.jpg",800,600,false],"portraits":["https:\/\/arantv.az\/wp-content\/uploads\/2019\/02\/xelef_xelefov_0544.jpg",800,600,false],"thumbnail":["https:\/\/arantv.az\/wp-content\/uploads\/2019\/02\/xelef_xelefov_0544-150x150.jpg",150,150,true],"medium":["https:\/\/arantv.az\/wp-content\/uploads\/2019\/02\/xelef_xelefov_0544-300x225.jpg",300,225,true],"large":["https:\/\/arantv.az\/wp-content\/uploads\/2019\/02\/xelef_xelefov_0544.jpg",640,480,false],"1536x1536":["https:\/\/arantv.az\/wp-content\/uploads\/2019\/02\/xelef_xelefov_0544.jpg",800,600,false],"2048x2048":["https:\/\/arantv.az\/wp-content\/uploads\/2019\/02\/xelef_xelefov_0544.jpg",800,600,false],"post-thumbnail":["https:\/\/arantv.az\/wp-content\/uploads\/2019\/02\/xelef_xelefov_0544-240x172.jpg",240,172,true],"advps-thumb-one":["https:\/\/arantv.az\/wp-content\/uploads\/2019\/02\/xelef_xelefov_0544.jpg",800,600,false]},"rttpg_author":{"display_name":"V\u00fcsal Rafiqo\u011flu","author_link":"https:\/\/arantv.az\/?author=2"},"rttpg_comment":0,"rttpg_category":"<a href=\"https:\/\/arantv.az\/?cat=4\" rel=\"category\">Siyas\u0259t<\/a>","rttpg_excerpt":"X\u0259z\u0259r d\u0259nizinin h\u00fcquqi statusu bar\u0259d\u0259 Konvensiyan\u0131n imzalanmas\u0131 X\u0259z\u0259ryan\u0131 \u00f6lk\u0259l\u0259rin tarixind\u0259 yeni s\u0259hif\u0259dir. ARANTV.AZ trend-\u0259 istinad\u0259n x\u0259b\u0259r verir ki, bunu Nazirl\u0259r Kabineti Aparat\u0131n\u0131n r\u0259hb\u0259ri X\u0259l\u0259f X\u0259l\u0259fov X\u0259z\u0259r d\u0259nizi m\u0259s\u0259l\u0259l\u0259ri \u00fczr\u0259 Y\u00fcks\u0259k S\u0259viyy\u0259li \u0130\u015f\u00e7i Qrupunun birinci iclas\u0131nda deyib. O qeyd edib ki, X\u0259z\u0259ryan\u0131 \u00f6lk\u0259l\u0259r aras\u0131nda dostluq v\u0259 \u0259m\u0259kda\u015fl\u0131q, qar\u015f\u0131l\u0131ql\u0131 h\u00f6rm\u0259t v\u0259 etimad, el\u0259c\u0259 d\u0259 \u00f6lk\u0259l\u0259rin suverenliyin\u0259 h\u00f6rm\u0259t&hellip;","_links":{"self":[{"href":"https:\/\/arantv.az\/index.php?rest_route=\/wp\/v2\/posts\/39696"}],"collection":[{"href":"https:\/\/arantv.az\/index.php?rest_route=\/wp\/v2\/posts"}],"about":[{"href":"https:\/\/arantv.az\/index.php?rest_route=\/wp\/v2\/types\/post"}],"author":[{"embeddable":true,"href":"https:\/\/arantv.az\/index.php?rest_route=\/wp\/v2\/users\/2"}],"replies":[{"embeddable":true,"href":"https:\/\/arantv.az\/index.php?rest_route=%2Fwp%2Fv2%2Fcomments&post=39696"}],"version-history":[{"count":0,"href":"https:\/\/arantv.az\/index.php?rest_route=\/wp\/v2\/posts\/39696\/revisions"}],"wp:featuredmedia":[{"embeddable":true,"href":"https:\/\/arantv.az\/index.php?rest_route=\/wp\/v2\/media\/39697"}],"wp:attachment":[{"href":"https:\/\/arantv.az\/index.php?rest_route=%2Fwp%2Fv2%2Fmedia&parent=39696"}],"wp:term":[{"taxonomy":"category","embeddable":true,"href":"https:\/\/arantv.az\/index.php?rest_route=%2Fwp%2Fv2%2Fcategories&post=39696"},{"taxonomy":"post_tag","embeddable":true,"href":"https:\/\/arantv.az\/index.php?rest_route=%2Fwp%2Fv2%2Ftags&post=39696"}],"curies":[{"name":"wp","href":"https:\/\/api.w.org\/{rel}","templated":true}]}}