{"id":39702,"date":"2019-02-19T11:15:20","date_gmt":"2019-02-19T08:15:20","guid":{"rendered":"http:\/\/arantv.az\/?p=39702"},"modified":"2019-02-19T11:15:20","modified_gmt":"2019-02-19T08:15:20","slug":"nazird%c9%99n-11-min-manatliq-bird%c9%99f%c9%99lik-od%c9%99m%c9%99l%c9%99rin-gecikdirilm%c9%99si-il%c9%99-bagli-naraziliqlara-munasib%c9%99t","status":"publish","type":"post","link":"https:\/\/arantv.az\/?p=39702","title":{"rendered":"Nazird\u0259n 11 min manatl\u0131q bird\u0259f\u0259lik \u00f6d\u0259m\u0259l\u0259rin gecikdirilm\u0259si il\u0259 ba\u011fl\u0131 naraz\u0131l\u0131qlara M\u00dcNAS\u0130B\u018fT"},"content":{"rendered":"<p><strong>\u018fm\u0259k v\u0259 \u0259halinin sosial m\u00fcdafi\u0259si naziri Sahil Babayev \u015f\u0259hid v\u0259r\u0259s\u0259l\u0259rin\u0259 11 min manatl\u0131q bird\u0259f\u0259lik \u00f6d\u0259m\u0259l\u0259rin verilm\u0259sinin gecikdirilm\u0259si il\u0259 ba\u011fl\u0131 s\u0259sl\u0259ndiril\u0259n naraz\u0131l\u0131qlara m\u00fcnasib\u0259t bildirib.<\/strong><\/p>\n<p><strong>ARANTV.AZ<\/strong> report-a istinad\u0259n x\u0259b\u0259r verir ki, nazir Qaraba\u011f m\u00fcharib\u0259si \u0259lill\u0259ri v\u0259 veteranlar\u0131, \u015f\u0259hid ail\u0259l\u0259ri, t\u0259rxis olunmu\u015f h\u0259rb\u00e7il\u0259rin bir qrupu il\u0259 g\u00f6r\u00fc\u015f\u00fcnd\u0259 gecikm\u0259nin \u015f\u0259hidl\u0259r\u0259 ba\u011fl\u0131 s\u0259n\u0259dl\u0259rin toplanmas\u0131 il\u0259 ba\u011fl\u0131 oldu\u011funu deyib.<\/p>\n<p>Nazir bildirib ki, m\u0259s\u0259l\u0259 il\u0259 \u0259laq\u0259dar \u00f6t\u0259n ilin oktyabr ay\u0131n\u0131n sonunda ilkin m\u0259lumat topland\u0131 v\u0259 i\u015fl\u0259r\u0259 start verildi: &#8220;M\u00fcraci\u0259tl\u0259r toplanandan sonra noyabrdan etibar\u0259n S\u0259f\u0259rb\u0259rlik v\u0259 H\u0259rbi Xidm\u0259t\u0259 \u00c7a\u011f\u0131r\u0131\u015f \u00fczr\u0259 D\u00f6vl\u0259t Xidm\u0259ti v\u0259 D\u00f6vl\u0259t S\u0131\u011forta \u015firk\u0259ti il\u0259 i\u015f apar\u0131ld\u0131. \u00dcmumi siyah\u0131n\u0131n t\u0259sdiq olunmas\u0131 \u00fc\u00e7\u00fcn m\u0259lumatlar bir aya toplan\u0131ld\u0131. Yekun q\u0259rarda 2700-d\u0259n art\u0131q insan\u0131n s\u0259n\u0259dl\u0259ri bir araya g\u0259tirildi&#8221;.<\/p>\n<div id=\"AdributorNativeVideo0\" class=\"AdributorNativeVideo\"><\/div>\n<p>Proqram\u0131n haz\u0131rlanmas\u0131 \u00fc\u00e7\u00fcn prosesin 3 ay \u00e7\u0259kdiyini xat\u0131rladan S.Babayev qeyd edib ki, 3000-\u0259 yax\u0131n insan\u0131n s\u0259n\u0259dl\u0259rin toplanmas\u0131 asan m\u0259s\u0259l\u0259 deyil: &#8220;Biz h\u0259r bir s\u0259n\u0259d\u0259 bir-bir bax\u0131rd\u0131q. Daxili \u0130\u015fl\u0259r Nazirliyi arxivl\u0259rind\u0259n 461 polis \u015f\u0259hidinin m\u0259lumatlar\u0131n\u0131 biz\u0259 t\u0259qdim etdi. Bunu ona g\u00f6r\u0259 a\u00e7\u0131qlay\u0131ram ki, ad\u0259t\u0259n p\u0259rd\u0259 arxas\u0131nda olan i\u015f tam olaraq m\u0259lum olmur. \u00d6lk\u0259 prezidenti \u0130lham \u018fliyev Nazirl\u0259r Kabinetinin yanvar ay\u0131nda ke\u00e7iril\u0259n iclas\u0131nda \u00e7\u0131x\u0131\u015f\u0131 zaman\u0131 s\u0259n\u0259dl\u0259rin toplan\u0131ld\u0131\u011f\u0131n\u0131 v\u0259 i\u015fl\u0259r yekunla\u015fd\u0131qdan sonra q\u0259rar veril\u0259c\u0259yini b\u0259yan etmi\u015fdi&#8221;.<\/p>\n","protected":false},"excerpt":{"rendered":"<p>\u018fm\u0259k v\u0259 \u0259halinin sosial m\u00fcdafi\u0259si naziri Sahil Babayev \u015f\u0259hid v\u0259r\u0259s\u0259l\u0259rin\u0259 11 min manatl\u0131q bird\u0259f\u0259lik \u00f6d\u0259m\u0259l\u0259rin verilm\u0259sinin gecikdirilm\u0259si il\u0259 ba\u011fl\u0131 s\u0259sl\u0259ndiril\u0259n naraz\u0131l\u0131qlara m\u00fcnasib\u0259t bildirib. ARANTV.AZ report-a istinad\u0259n x\u0259b\u0259r verir ki, nazir Qaraba\u011f m\u00fcharib\u0259si \u0259lill\u0259ri v\u0259 veteranlar\u0131, \u015f\u0259hid ail\u0259l\u0259ri, t\u0259rxis olunmu\u015f h\u0259rb\u00e7il\u0259rin bir qrupu il\u0259 g\u00f6r\u00fc\u015f\u00fcnd\u0259 gecikm\u0259nin \u015f\u0259hidl\u0259r\u0259 ba\u011fl\u0131 s\u0259n\u0259dl\u0259rin toplanmas\u0131 il\u0259 ba\u011fl\u0131 oldu\u011funu deyib. Nazir bildirib ki, m\u0259s\u0259l\u0259 il\u0259 \u0259laq\u0259dar \u00f6t\u0259n ilin oktyabr ay\u0131n\u0131n sonunda ilkin m\u0259lumat topland\u0131 v\u0259 i\u015fl\u0259r\u0259 start verildi: &#8220;M\u00fcraci\u0259tl\u0259r toplanandan sonra noyabrdan etibar\u0259n S\u0259f\u0259rb\u0259rlik v\u0259 H\u0259rbi Xidm\u0259t\u0259 \u00c7a\u011f\u0131r\u0131\u015f \u00fczr\u0259 D\u00f6vl\u0259t Xidm\u0259ti v\u0259 D\u00f6vl\u0259t S\u0131\u011forta \u015firk\u0259ti il\u0259 i\u015f&hellip;<\/p>\n","protected":false},"author":2,"featured_media":39703,"comment_status":"closed","ping_status":"closed","sticky":false,"template":"","format":"standard","meta":{"om_disable_all_campaigns":false,"_monsterinsights_skip_tracking":false,"_monsterinsights_sitenote_active":false,"_monsterinsights_sitenote_note":"","_monsterinsights_sitenote_category":0},"categories":[1],"tags":[],"aioseo_notices":[],"gutentor_comment":0,"rttpg_featured_image_url":{"full":["https:\/\/arantv.az\/wp-content\/uploads\/2019\/02\/sahil_babayev_0241.jpg",800,600,false],"landscape":["https:\/\/arantv.az\/wp-content\/uploads\/2019\/02\/sahil_babayev_0241.jpg",800,600,false],"portraits":["https:\/\/arantv.az\/wp-content\/uploads\/2019\/02\/sahil_babayev_0241.jpg",800,600,false],"thumbnail":["https:\/\/arantv.az\/wp-content\/uploads\/2019\/02\/sahil_babayev_0241-150x150.jpg",150,150,true],"medium":["https:\/\/arantv.az\/wp-content\/uploads\/2019\/02\/sahil_babayev_0241-300x225.jpg",300,225,true],"large":["https:\/\/arantv.az\/wp-content\/uploads\/2019\/02\/sahil_babayev_0241.jpg",640,480,false],"1536x1536":["https:\/\/arantv.az\/wp-content\/uploads\/2019\/02\/sahil_babayev_0241.jpg",800,600,false],"2048x2048":["https:\/\/arantv.az\/wp-content\/uploads\/2019\/02\/sahil_babayev_0241.jpg",800,600,false],"post-thumbnail":["https:\/\/arantv.az\/wp-content\/uploads\/2019\/02\/sahil_babayev_0241-240x172.jpg",240,172,true],"advps-thumb-one":["https:\/\/arantv.az\/wp-content\/uploads\/2019\/02\/sahil_babayev_0241.jpg",800,600,false]},"rttpg_author":{"display_name":"V\u00fcsal Rafiqo\u011flu","author_link":"https:\/\/arantv.az\/?author=2"},"rttpg_comment":0,"rttpg_category":"<a href=\"https:\/\/arantv.az\/?cat=1\" rel=\"category\">C\u0259miyy\u0259t<\/a>","rttpg_excerpt":"\u018fm\u0259k v\u0259 \u0259halinin sosial m\u00fcdafi\u0259si naziri Sahil Babayev \u015f\u0259hid v\u0259r\u0259s\u0259l\u0259rin\u0259 11 min manatl\u0131q bird\u0259f\u0259lik \u00f6d\u0259m\u0259l\u0259rin verilm\u0259sinin gecikdirilm\u0259si il\u0259 ba\u011fl\u0131 s\u0259sl\u0259ndiril\u0259n naraz\u0131l\u0131qlara m\u00fcnasib\u0259t bildirib. ARANTV.AZ report-a istinad\u0259n x\u0259b\u0259r verir ki, nazir Qaraba\u011f m\u00fcharib\u0259si \u0259lill\u0259ri v\u0259 veteranlar\u0131, \u015f\u0259hid ail\u0259l\u0259ri, t\u0259rxis olunmu\u015f h\u0259rb\u00e7il\u0259rin bir qrupu il\u0259 g\u00f6r\u00fc\u015f\u00fcnd\u0259 gecikm\u0259nin \u015f\u0259hidl\u0259r\u0259 ba\u011fl\u0131 s\u0259n\u0259dl\u0259rin toplanmas\u0131 il\u0259 ba\u011fl\u0131 oldu\u011funu deyib. Nazir bildirib&hellip;","_links":{"self":[{"href":"https:\/\/arantv.az\/index.php?rest_route=\/wp\/v2\/posts\/39702"}],"collection":[{"href":"https:\/\/arantv.az\/index.php?rest_route=\/wp\/v2\/posts"}],"about":[{"href":"https:\/\/arantv.az\/index.php?rest_route=\/wp\/v2\/types\/post"}],"author":[{"embeddable":true,"href":"https:\/\/arantv.az\/index.php?rest_route=\/wp\/v2\/users\/2"}],"replies":[{"embeddable":true,"href":"https:\/\/arantv.az\/index.php?rest_route=%2Fwp%2Fv2%2Fcomments&post=39702"}],"version-history":[{"count":0,"href":"https:\/\/arantv.az\/index.php?rest_route=\/wp\/v2\/posts\/39702\/revisions"}],"wp:featuredmedia":[{"embeddable":true,"href":"https:\/\/arantv.az\/index.php?rest_route=\/wp\/v2\/media\/39703"}],"wp:attachment":[{"href":"https:\/\/arantv.az\/index.php?rest_route=%2Fwp%2Fv2%2Fmedia&parent=39702"}],"wp:term":[{"taxonomy":"category","embeddable":true,"href":"https:\/\/arantv.az\/index.php?rest_route=%2Fwp%2Fv2%2Fcategories&post=39702"},{"taxonomy":"post_tag","embeddable":true,"href":"https:\/\/arantv.az\/index.php?rest_route=%2Fwp%2Fv2%2Ftags&post=39702"}],"curies":[{"name":"wp","href":"https:\/\/api.w.org\/{rel}","templated":true}]}}