{"id":39765,"date":"2019-02-19T12:49:37","date_gmt":"2019-02-19T09:49:37","guid":{"rendered":"http:\/\/arantv.az\/?p=39765"},"modified":"2019-02-19T12:49:37","modified_gmt":"2019-02-19T09:49:37","slug":"martdan-az%c9%99rbaycanda-minimal-pensiya-160-manat-olacaq","status":"publish","type":"post","link":"https:\/\/arantv.az\/?p=39765","title":{"rendered":"Martdan Az\u0259rbaycanda minimal pensiya 160 manat olacaq"},"content":{"rendered":"<p>\u201c\u018fm\u0259k pensiyalar\u0131 haqq\u0131nda\u201d qanuna d\u0259yi\u015fiklikl\u0259r layih\u0259si parlamentin bu g\u00fcn ke\u00e7iril\u0259n plenar iclas\u0131nda m\u00fczakir\u0259y\u0259 \u00e7\u0131xar\u0131l\u0131b.<\/p>\n<p><b>ARANTV.AZ\u00a0<\/b>x\u0259b\u0259r verir ki, bu bar\u0259d\u0259 parlamentin \u018fm\u0259k v\u0259 sosial siyas\u0259t komit\u0259sinin s\u0259dri Hadi R\u0259c\u0259bli m\u0259lumat verib.<\/p>\n<p>O\u00a0qeyd edib ki, bu d\u0259yi\u015fiklikl\u0259 \u00f6lk\u0259d\u0259 \u0259m\u0259k pensiyalar\u0131n\u0131n minimum h\u0259ddi m\u00fc\u0259yy\u0259nl\u0259\u015fdiril\u0259c\u0259k v\u0259 bundan sonra \u0259m\u0259k pensiyalar\u0131 116 manat yox, 160 manat olacaq:<\/p>\n<div id=\"AdributorNativeVideo0\" class=\"AdributorNativeVideo\"><\/div>\n<p>\u201cBu art\u0131m \u00fcmumilikd\u0259 \u00f6lk\u0259d\u0259 233 min\u0259 yax\u0131n \u0259m\u0259k pensiya\u00e7\u0131s\u0131na, x\u00fcsusil\u0259\u00a0\u0259lil olan pensiya\u00e7\u0131lara \u015famil olunacaq. D\u0259yi\u015fiklikl\u0259r q\u0259bul olunduqdan sonra mart\u0131n 1-d\u0259n q\u00fcvv\u0259y\u0259 min\u0259c\u0259k. Bunun \u00fc\u00e7\u00fcn bu ilin d\u00f6vl\u0259t b\u00fcdc\u0259sind\u0259n 41 milyon, g\u0259l\u0259n il is\u0259 49 milyon ayr\u0131lacaq\u201d.<\/p>\n<p>D\u0259yi\u015fiklikl\u0259r layih\u0259si s\u0259s\u0259 qoyularaq q\u0259bul edilib.<\/p>\n<div><iframe loading=\"lazy\" src=\"https:\/\/player.baku.tv\/embed\/6844\" width=\"560\" height=\"315\" frameborder=\"0\" allowfullscreen=\"allowfullscreen\" data-mce-fragment=\"1\"><\/iframe><\/div>\n<p><b><i>oxu.az<\/i><\/b><\/p>\n","protected":false},"excerpt":{"rendered":"<p>\u201c\u018fm\u0259k pensiyalar\u0131 haqq\u0131nda\u201d qanuna d\u0259yi\u015fiklikl\u0259r layih\u0259si parlamentin bu g\u00fcn ke\u00e7iril\u0259n plenar iclas\u0131nda m\u00fczakir\u0259y\u0259 \u00e7\u0131xar\u0131l\u0131b. ARANTV.AZ\u00a0x\u0259b\u0259r verir ki, bu bar\u0259d\u0259 parlamentin \u018fm\u0259k v\u0259 sosial siyas\u0259t komit\u0259sinin s\u0259dri Hadi R\u0259c\u0259bli m\u0259lumat verib. O\u00a0qeyd edib ki, bu d\u0259yi\u015fiklikl\u0259 \u00f6lk\u0259d\u0259 \u0259m\u0259k pensiyalar\u0131n\u0131n minimum h\u0259ddi m\u00fc\u0259yy\u0259nl\u0259\u015fdiril\u0259c\u0259k v\u0259 bundan sonra \u0259m\u0259k pensiyalar\u0131 116 manat yox, 160 manat olacaq: \u201cBu art\u0131m \u00fcmumilikd\u0259 \u00f6lk\u0259d\u0259 233 min\u0259 yax\u0131n \u0259m\u0259k pensiya\u00e7\u0131s\u0131na, x\u00fcsusil\u0259\u00a0\u0259lil olan pensiya\u00e7\u0131lara \u015famil olunacaq. D\u0259yi\u015fiklikl\u0259r q\u0259bul olunduqdan sonra mart\u0131n 1-d\u0259n q\u00fcvv\u0259y\u0259 min\u0259c\u0259k. Bunun \u00fc\u00e7\u00fcn bu ilin d\u00f6vl\u0259t b\u00fcdc\u0259sind\u0259n 41 milyon, g\u0259l\u0259n il is\u0259 49 milyon ayr\u0131lacaq\u201d. D\u0259yi\u015fiklikl\u0259r layih\u0259si&hellip;<\/p>\n","protected":false},"author":2,"featured_media":39766,"comment_status":"closed","ping_status":"closed","sticky":false,"template":"","format":"standard","meta":{"om_disable_all_campaigns":false,"_monsterinsights_skip_tracking":false,"_monsterinsights_sitenote_active":false,"_monsterinsights_sitenote_note":"","_monsterinsights_sitenote_category":0},"categories":[1],"tags":[],"aioseo_notices":[],"gutentor_comment":0,"rttpg_featured_image_url":{"full":["https:\/\/arantv.az\/wp-content\/uploads\/2019\/02\/pensiya-a.jpg",620,443,false],"landscape":["https:\/\/arantv.az\/wp-content\/uploads\/2019\/02\/pensiya-a.jpg",620,443,false],"portraits":["https:\/\/arantv.az\/wp-content\/uploads\/2019\/02\/pensiya-a.jpg",620,443,false],"thumbnail":["https:\/\/arantv.az\/wp-content\/uploads\/2019\/02\/pensiya-a-150x150.jpg",150,150,true],"medium":["https:\/\/arantv.az\/wp-content\/uploads\/2019\/02\/pensiya-a-300x214.jpg",300,214,true],"large":["https:\/\/arantv.az\/wp-content\/uploads\/2019\/02\/pensiya-a.jpg",620,443,false],"1536x1536":["https:\/\/arantv.az\/wp-content\/uploads\/2019\/02\/pensiya-a.jpg",620,443,false],"2048x2048":["https:\/\/arantv.az\/wp-content\/uploads\/2019\/02\/pensiya-a.jpg",620,443,false],"post-thumbnail":["https:\/\/arantv.az\/wp-content\/uploads\/2019\/02\/pensiya-a-240x172.jpg",240,172,true],"advps-thumb-one":["https:\/\/arantv.az\/wp-content\/uploads\/2019\/02\/pensiya-a.jpg",620,443,false]},"rttpg_author":{"display_name":"V\u00fcsal Rafiqo\u011flu","author_link":"https:\/\/arantv.az\/?author=2"},"rttpg_comment":0,"rttpg_category":"<a href=\"https:\/\/arantv.az\/?cat=1\" rel=\"category\">C\u0259miyy\u0259t<\/a>","rttpg_excerpt":"\u201c\u018fm\u0259k pensiyalar\u0131 haqq\u0131nda\u201d qanuna d\u0259yi\u015fiklikl\u0259r layih\u0259si parlamentin bu g\u00fcn ke\u00e7iril\u0259n plenar iclas\u0131nda m\u00fczakir\u0259y\u0259 \u00e7\u0131xar\u0131l\u0131b. ARANTV.AZ\u00a0x\u0259b\u0259r verir ki, bu bar\u0259d\u0259 parlamentin \u018fm\u0259k v\u0259 sosial siyas\u0259t komit\u0259sinin s\u0259dri Hadi R\u0259c\u0259bli m\u0259lumat verib. O\u00a0qeyd edib ki, bu d\u0259yi\u015fiklikl\u0259 \u00f6lk\u0259d\u0259 \u0259m\u0259k pensiyalar\u0131n\u0131n minimum h\u0259ddi m\u00fc\u0259yy\u0259nl\u0259\u015fdiril\u0259c\u0259k v\u0259 bundan sonra \u0259m\u0259k pensiyalar\u0131 116 manat yox, 160 manat olacaq: \u201cBu art\u0131m \u00fcmumilikd\u0259&hellip;","_links":{"self":[{"href":"https:\/\/arantv.az\/index.php?rest_route=\/wp\/v2\/posts\/39765"}],"collection":[{"href":"https:\/\/arantv.az\/index.php?rest_route=\/wp\/v2\/posts"}],"about":[{"href":"https:\/\/arantv.az\/index.php?rest_route=\/wp\/v2\/types\/post"}],"author":[{"embeddable":true,"href":"https:\/\/arantv.az\/index.php?rest_route=\/wp\/v2\/users\/2"}],"replies":[{"embeddable":true,"href":"https:\/\/arantv.az\/index.php?rest_route=%2Fwp%2Fv2%2Fcomments&post=39765"}],"version-history":[{"count":0,"href":"https:\/\/arantv.az\/index.php?rest_route=\/wp\/v2\/posts\/39765\/revisions"}],"wp:featuredmedia":[{"embeddable":true,"href":"https:\/\/arantv.az\/index.php?rest_route=\/wp\/v2\/media\/39766"}],"wp:attachment":[{"href":"https:\/\/arantv.az\/index.php?rest_route=%2Fwp%2Fv2%2Fmedia&parent=39765"}],"wp:term":[{"taxonomy":"category","embeddable":true,"href":"https:\/\/arantv.az\/index.php?rest_route=%2Fwp%2Fv2%2Fcategories&post=39765"},{"taxonomy":"post_tag","embeddable":true,"href":"https:\/\/arantv.az\/index.php?rest_route=%2Fwp%2Fv2%2Ftags&post=39765"}],"curies":[{"name":"wp","href":"https:\/\/api.w.org\/{rel}","templated":true}]}}