{"id":39768,"date":"2019-02-19T12:51:11","date_gmt":"2019-02-19T09:51:11","guid":{"rendered":"http:\/\/arantv.az\/?p=39768"},"modified":"2019-02-19T12:51:11","modified_gmt":"2019-02-19T09:51:11","slug":"hava-s%c9%99raiti-il%c9%99-bagli-s%c9%99rnisin-azligi-var-aciqlama","status":"publish","type":"post","link":"https:\/\/arantv.az\/?p=39768","title":{"rendered":"&#8220;Hava \u015f\u0259raiti il\u0259 ba\u011fl\u0131 s\u0259rni\u015fin azl\u0131\u011f\u0131 var&#8221; \u2013 A\u00e7\u0131qlama"},"content":{"rendered":"<p>Havan\u0131n k\u0259sin soyumas\u0131 v\u0259 paytaxt\u0131n b\u0259zi yerl\u0259rin\u0259 qar ya\u011fmas\u0131 Bak\u0131 Beyn\u0259lxalq Avtova\u011fzalda s\u0259rni\u015finl\u0259rin say\u0131n\u0131n azalmas\u0131na s\u0259b\u0259b olub.<\/p>\n<div id=\"AdributorNativeVideo0\" class=\"AdributorNativeVideo\"><\/div>\n<p><b>ARANTV.AZ\u00a0<\/b>x\u0259b\u0259r verir ki, bu bar\u0259d\u0259 m\u0259lumat\u0131 Bak\u0131 Beyn\u0259lxalq Avtova\u011fzal\u0131n\u0131n s\u00f6zc\u00fcs\u00fc P\u0259rvin M\u0259mm\u0259dova verib. O bildirib ki, actova\u011fzal\u0131n b\u00fct\u00fcn avtobuslar\u0131 hava \u015f\u0259raitin\u0259 tam haz\u0131rd\u0131r:<br \/>\n<ins><\/ins><\/p>\n<div id=\"beacon_1e6d9080b4\"><img loading=\"lazy\" src=\"https:\/\/ads2.newmedia.az\/www\/delivery\/lg.php?bannerid=0&amp;campaignid=0&amp;zoneid=975&amp;loc=https%3A%2F%2Fbig.az%2F345013-hava_seraiti_ile_bagli_sernisin_azligi_var_aciqlama.html&amp;referer=https%3A%2F%2Fbig.az%2F&amp;cb=1e6d9080b4\" alt=\"\" width=\"0\" height=\"0\" \/><\/div>\n<p>\u201cHava \u015f\u0259raiti il\u0259 ba\u011fl\u0131 n\u0259inki s\u0259rni\u015fin s\u0131xl\u0131\u011f\u0131, \u0259ksin\u0259 s\u0259rni\u015fin azl\u0131\u011f\u0131 var. Avtobuslar\u0131m\u0131z da hava \u015f\u0259raitin\u0259 tam haz\u0131rd\u0131r. S\u0259rni\u015finl\u0259rimizd\u0259n bu saata q\u0259d\u0259r he\u00e7 bir naraz\u0131l\u0131q, \u015fikay\u0259t daxil olmay\u0131b. Hava \u015f\u0259raitin\u0259 g\u00f6r\u0259 t\u0259xir\u0259 d\u00fc\u015f\u0259n relsl\u0259rimiz d\u0259 yoxdur\u201d.big.az<\/p>\n<p>&nbsp;<\/p>\n","protected":false},"excerpt":{"rendered":"<p>Havan\u0131n k\u0259sin soyumas\u0131 v\u0259 paytaxt\u0131n b\u0259zi yerl\u0259rin\u0259 qar ya\u011fmas\u0131 Bak\u0131 Beyn\u0259lxalq Avtova\u011fzalda s\u0259rni\u015finl\u0259rin say\u0131n\u0131n azalmas\u0131na s\u0259b\u0259b olub. ARANTV.AZ\u00a0x\u0259b\u0259r verir ki, bu bar\u0259d\u0259 m\u0259lumat\u0131 Bak\u0131 Beyn\u0259lxalq Avtova\u011fzal\u0131n\u0131n s\u00f6zc\u00fcs\u00fc P\u0259rvin M\u0259mm\u0259dova verib. O bildirib ki, actova\u011fzal\u0131n b\u00fct\u00fcn avtobuslar\u0131 hava \u015f\u0259raitin\u0259 tam haz\u0131rd\u0131r: \u201cHava \u015f\u0259raiti il\u0259 ba\u011fl\u0131 n\u0259inki s\u0259rni\u015fin s\u0131xl\u0131\u011f\u0131, \u0259ksin\u0259 s\u0259rni\u015fin azl\u0131\u011f\u0131 var. Avtobuslar\u0131m\u0131z da hava \u015f\u0259raitin\u0259 tam haz\u0131rd\u0131r. S\u0259rni\u015finl\u0259rimizd\u0259n bu saata q\u0259d\u0259r he\u00e7 bir naraz\u0131l\u0131q, \u015fikay\u0259t daxil olmay\u0131b. Hava \u015f\u0259raitin\u0259 g\u00f6r\u0259 t\u0259xir\u0259 d\u00fc\u015f\u0259n relsl\u0259rimiz d\u0259 yoxdur\u201d.big.az &nbsp;<\/p>\n","protected":false},"author":2,"featured_media":39769,"comment_status":"closed","ping_status":"closed","sticky":false,"template":"","format":"standard","meta":{"om_disable_all_campaigns":false,"_monsterinsights_skip_tracking":false,"_monsterinsights_sitenote_active":false,"_monsterinsights_sitenote_note":"","_monsterinsights_sitenote_category":0},"categories":[1],"tags":[],"aioseo_notices":[],"gutentor_comment":0,"rttpg_featured_image_url":{"full":["https:\/\/arantv.az\/wp-content\/uploads\/2019\/02\/qarli-hava-seraiti-sabahadek-davam-edece.jpg",620,350,false],"landscape":["https:\/\/arantv.az\/wp-content\/uploads\/2019\/02\/qarli-hava-seraiti-sabahadek-davam-edece.jpg",620,350,false],"portraits":["https:\/\/arantv.az\/wp-content\/uploads\/2019\/02\/qarli-hava-seraiti-sabahadek-davam-edece.jpg",620,350,false],"thumbnail":["https:\/\/arantv.az\/wp-content\/uploads\/2019\/02\/qarli-hava-seraiti-sabahadek-davam-edece-150x150.jpg",150,150,true],"medium":["https:\/\/arantv.az\/wp-content\/uploads\/2019\/02\/qarli-hava-seraiti-sabahadek-davam-edece-300x169.jpg",300,169,true],"large":["https:\/\/arantv.az\/wp-content\/uploads\/2019\/02\/qarli-hava-seraiti-sabahadek-davam-edece.jpg",620,350,false],"1536x1536":["https:\/\/arantv.az\/wp-content\/uploads\/2019\/02\/qarli-hava-seraiti-sabahadek-davam-edece.jpg",620,350,false],"2048x2048":["https:\/\/arantv.az\/wp-content\/uploads\/2019\/02\/qarli-hava-seraiti-sabahadek-davam-edece.jpg",620,350,false],"post-thumbnail":["https:\/\/arantv.az\/wp-content\/uploads\/2019\/02\/qarli-hava-seraiti-sabahadek-davam-edece-240x172.jpg",240,172,true],"advps-thumb-one":["https:\/\/arantv.az\/wp-content\/uploads\/2019\/02\/qarli-hava-seraiti-sabahadek-davam-edece.jpg",620,350,false]},"rttpg_author":{"display_name":"V\u00fcsal Rafiqo\u011flu","author_link":"https:\/\/arantv.az\/?author=2"},"rttpg_comment":0,"rttpg_category":"<a href=\"https:\/\/arantv.az\/?cat=1\" rel=\"category\">C\u0259miyy\u0259t<\/a>","rttpg_excerpt":"Havan\u0131n k\u0259sin soyumas\u0131 v\u0259 paytaxt\u0131n b\u0259zi yerl\u0259rin\u0259 qar ya\u011fmas\u0131 Bak\u0131 Beyn\u0259lxalq Avtova\u011fzalda s\u0259rni\u015finl\u0259rin say\u0131n\u0131n azalmas\u0131na s\u0259b\u0259b olub. ARANTV.AZ\u00a0x\u0259b\u0259r verir ki, bu bar\u0259d\u0259 m\u0259lumat\u0131 Bak\u0131 Beyn\u0259lxalq Avtova\u011fzal\u0131n\u0131n s\u00f6zc\u00fcs\u00fc P\u0259rvin M\u0259mm\u0259dova verib. O bildirib ki, actova\u011fzal\u0131n b\u00fct\u00fcn avtobuslar\u0131 hava \u015f\u0259raitin\u0259 tam haz\u0131rd\u0131r: \u201cHava \u015f\u0259raiti il\u0259 ba\u011fl\u0131 n\u0259inki s\u0259rni\u015fin s\u0131xl\u0131\u011f\u0131, \u0259ksin\u0259 s\u0259rni\u015fin azl\u0131\u011f\u0131 var. Avtobuslar\u0131m\u0131z da hava \u015f\u0259raitin\u0259&hellip;","_links":{"self":[{"href":"https:\/\/arantv.az\/index.php?rest_route=\/wp\/v2\/posts\/39768"}],"collection":[{"href":"https:\/\/arantv.az\/index.php?rest_route=\/wp\/v2\/posts"}],"about":[{"href":"https:\/\/arantv.az\/index.php?rest_route=\/wp\/v2\/types\/post"}],"author":[{"embeddable":true,"href":"https:\/\/arantv.az\/index.php?rest_route=\/wp\/v2\/users\/2"}],"replies":[{"embeddable":true,"href":"https:\/\/arantv.az\/index.php?rest_route=%2Fwp%2Fv2%2Fcomments&post=39768"}],"version-history":[{"count":0,"href":"https:\/\/arantv.az\/index.php?rest_route=\/wp\/v2\/posts\/39768\/revisions"}],"wp:featuredmedia":[{"embeddable":true,"href":"https:\/\/arantv.az\/index.php?rest_route=\/wp\/v2\/media\/39769"}],"wp:attachment":[{"href":"https:\/\/arantv.az\/index.php?rest_route=%2Fwp%2Fv2%2Fmedia&parent=39768"}],"wp:term":[{"taxonomy":"category","embeddable":true,"href":"https:\/\/arantv.az\/index.php?rest_route=%2Fwp%2Fv2%2Fcategories&post=39768"},{"taxonomy":"post_tag","embeddable":true,"href":"https:\/\/arantv.az\/index.php?rest_route=%2Fwp%2Fv2%2Ftags&post=39768"}],"curies":[{"name":"wp","href":"https:\/\/api.w.org\/{rel}","templated":true}]}}