{"id":39771,"date":"2019-02-19T12:54:22","date_gmt":"2019-02-19T09:54:22","guid":{"rendered":"http:\/\/arantv.az\/?p=39771"},"modified":"2019-02-19T12:54:22","modified_gmt":"2019-02-19T09:54:22","slug":"spiker-biz-savadli-v%c9%99kil-korpusunun-formalasmasinda-maraqliyiq","status":"publish","type":"post","link":"https:\/\/arantv.az\/?p=39771","title":{"rendered":"Spiker: \u201cBiz savadl\u0131 v\u0259kil korpusunun formala\u015fmas\u0131nda maraql\u0131y\u0131q\u201d"},"content":{"rendered":"<div class=\"spot\">\u201cM\u0259n sizinl\u0259 raz\u0131 deyil\u0259m. \u018fhali kimdir. Onlar d\u00f6vl\u0259tin v\u0259t\u0259nda\u015f\u0131d\u0131r. Biz d\u0259 ist\u0259yirik ki, v\u0259kill\u0259r savadl\u0131 olsun\u201d.<\/div>\n<p><strong>ARANTV.AZ<\/strong>\u00a0 x\u0259b\u0259r verir ki, bunu Milli M\u0259clisin s\u0259dri Oqtay \u018fs\u0259dov parlamentin bu g\u00fcn ke\u00e7iril\u0259n iclas\u0131nda deputat Fazil Mustafan\u0131n \u201cV\u0259kill\u0259r v\u0259 v\u0259killik f\u0259aliyy\u0259ti haqq\u0131nda\u201d qanuna d\u0259yi\u015fkilirl\u0259 ba\u011fl\u0131 \u00e7\u0131x\u0131\u015f\u0131 zaman\u0131 v\u0259kill\u0259rin f\u0259aliy\u0259tinin m\u0259hdudla\u015fd\u0131r\u0131lmas\u0131 il\u0259 ba\u011fl\u0131\u00a0 s\u0259sl\u0259ndirdiyi\u00a0 fikirl\u0259r\u0259 m\u00f6vqeyini a\u00e7\u0131qlayark\u0259n deyib.<\/p>\n<p>Qeyd ed\u0259k ki, F. Mustafa\u00a0 v\u0259kil olmaq ist\u0259y\u0259n \u015f\u0259xsl\u0259r \u00fc\u00e7\u00fcn \u015f\u0259rtl\u0259rin daha da asanla\u015fd\u0131r\u0131lmas\u0131n\u0131 t\u0259klif edib.<\/p>\n<p>Parlament s\u0259dri deyib ki, biz d\u0259 v\u0259kill\u0259rin savadl\u0131 olams\u0131n\u0131 ist\u0259yirik: \u201cV\u0259kilin savad\u0131 olmas\u0131n, amma\u00a0 m\u00fc\u015ft\u0259risi bol olsun. Niy\u0259 g\u00f6r\u0259 savad\u0131 olmamal\u0131d\u0131r. Z\u0259hm\u0259t \u00e7\u0259kib haz\u0131rla\u015fs\u0131n v\u0259 n\u00f6vb\u0259ti il\u0259 s\u0259n\u0259d versin. Biz savadl\u0131 v\u0259kil korpusunun formala\u015fmas\u0131nda maraql\u0131y\u0131q\u201d.<\/p>\n<p>Deputat Ayt\u0259n Mustafayeva da v\u0259kill\u0259rin savadl\u0131 olmas\u0131n\u0131n z\u0259rurliyini qeyd edib:<\/p>\n<div id=\"AdributorNativeVideo0\" class=\"AdributorNativeVideo\"><\/div>\n<p>\u201cV\u0259kill\u0259r savadl\u0131 olmal\u0131d\u0131r. Biz k\u0259miyy\u0259t\u0259 deyil, keyfiyy\u0259t\u0259 \u00fcst\u00fcnl\u00fck verm\u0259liyik. 1000 v\u0259kild\u0259n 800-\u00fcn\u00fcn\u00a0 savads\u0131z olmas\u0131n\u0131\u00a0 ist\u0259mirik. Az olsun, ancaq savadl\u0131 olub, m\u00fc\u015ft\u0259riy\u0259 keyfiyy\u0259tli xidm\u0259t g\u00f6st\u0259rsinl\u0259r\u201d.<\/p>\n<p>V\u0259kill\u0259rin say\u0131n\u0131n azl\u0131\u011f\u0131ndan \u015fikay\u0259tl\u0259n\u0259n deputat bildirib ki, ilk olaraq v\u0259kill\u0259rin n\u00fcfuzunun art\u0131r\u0131lmas\u0131 istiqam\u0259td\u0259 i\u015fl\u0259r g\u00f6rm\u0259liyik.<\/p>\n<p><em><br \/>\n\u00d6lk\u0259.Az<\/em><\/p>\n","protected":false},"excerpt":{"rendered":"<p>\u201cM\u0259n sizinl\u0259 raz\u0131 deyil\u0259m. \u018fhali kimdir. Onlar d\u00f6vl\u0259tin v\u0259t\u0259nda\u015f\u0131d\u0131r. Biz d\u0259 ist\u0259yirik ki, v\u0259kill\u0259r savadl\u0131 olsun\u201d. ARANTV.AZ\u00a0 x\u0259b\u0259r verir ki, bunu Milli M\u0259clisin s\u0259dri Oqtay \u018fs\u0259dov parlamentin bu g\u00fcn ke\u00e7iril\u0259n iclas\u0131nda deputat Fazil Mustafan\u0131n \u201cV\u0259kill\u0259r v\u0259 v\u0259killik f\u0259aliyy\u0259ti haqq\u0131nda\u201d qanuna d\u0259yi\u015fkilirl\u0259 ba\u011fl\u0131 \u00e7\u0131x\u0131\u015f\u0131 zaman\u0131 v\u0259kill\u0259rin f\u0259aliy\u0259tinin m\u0259hdudla\u015fd\u0131r\u0131lmas\u0131 il\u0259 ba\u011fl\u0131\u00a0 s\u0259sl\u0259ndirdiyi\u00a0 fikirl\u0259r\u0259 m\u00f6vqeyini a\u00e7\u0131qlayark\u0259n deyib. Qeyd ed\u0259k ki, F. Mustafa\u00a0 v\u0259kil olmaq ist\u0259y\u0259n \u015f\u0259xsl\u0259r \u00fc\u00e7\u00fcn \u015f\u0259rtl\u0259rin daha da asanla\u015fd\u0131r\u0131lmas\u0131n\u0131 t\u0259klif edib. Parlament s\u0259dri deyib ki, biz d\u0259 v\u0259kill\u0259rin savadl\u0131 olams\u0131n\u0131 ist\u0259yirik: \u201cV\u0259kilin savad\u0131 olmas\u0131n, amma\u00a0 m\u00fc\u015ft\u0259risi bol olsun. Niy\u0259 g\u00f6r\u0259 savad\u0131&hellip;<\/p>\n","protected":false},"author":2,"featured_media":39772,"comment_status":"closed","ping_status":"closed","sticky":false,"template":"","format":"standard","meta":{"om_disable_all_campaigns":false,"_monsterinsights_skip_tracking":false,"_monsterinsights_sitenote_active":false,"_monsterinsights_sitenote_note":"","_monsterinsights_sitenote_category":0},"categories":[4],"tags":[],"aioseo_notices":[],"gutentor_comment":0,"rttpg_featured_image_url":{"full":["https:\/\/arantv.az\/wp-content\/uploads\/2019\/02\/oqtay.jpg",620,375,false],"landscape":["https:\/\/arantv.az\/wp-content\/uploads\/2019\/02\/oqtay.jpg",620,375,false],"portraits":["https:\/\/arantv.az\/wp-content\/uploads\/2019\/02\/oqtay.jpg",620,375,false],"thumbnail":["https:\/\/arantv.az\/wp-content\/uploads\/2019\/02\/oqtay-150x150.jpg",150,150,true],"medium":["https:\/\/arantv.az\/wp-content\/uploads\/2019\/02\/oqtay-300x181.jpg",300,181,true],"large":["https:\/\/arantv.az\/wp-content\/uploads\/2019\/02\/oqtay.jpg",620,375,false],"1536x1536":["https:\/\/arantv.az\/wp-content\/uploads\/2019\/02\/oqtay.jpg",620,375,false],"2048x2048":["https:\/\/arantv.az\/wp-content\/uploads\/2019\/02\/oqtay.jpg",620,375,false],"post-thumbnail":["https:\/\/arantv.az\/wp-content\/uploads\/2019\/02\/oqtay-240x172.jpg",240,172,true],"advps-thumb-one":["https:\/\/arantv.az\/wp-content\/uploads\/2019\/02\/oqtay.jpg",620,375,false]},"rttpg_author":{"display_name":"V\u00fcsal Rafiqo\u011flu","author_link":"https:\/\/arantv.az\/?author=2"},"rttpg_comment":0,"rttpg_category":"<a href=\"https:\/\/arantv.az\/?cat=4\" rel=\"category\">Siyas\u0259t<\/a>","rttpg_excerpt":"\u201cM\u0259n sizinl\u0259 raz\u0131 deyil\u0259m. \u018fhali kimdir. Onlar d\u00f6vl\u0259tin v\u0259t\u0259nda\u015f\u0131d\u0131r. Biz d\u0259 ist\u0259yirik ki, v\u0259kill\u0259r savadl\u0131 olsun\u201d. ARANTV.AZ\u00a0 x\u0259b\u0259r verir ki, bunu Milli M\u0259clisin s\u0259dri Oqtay \u018fs\u0259dov parlamentin bu g\u00fcn ke\u00e7iril\u0259n iclas\u0131nda deputat Fazil Mustafan\u0131n \u201cV\u0259kill\u0259r v\u0259 v\u0259killik f\u0259aliyy\u0259ti haqq\u0131nda\u201d qanuna d\u0259yi\u015fkilirl\u0259 ba\u011fl\u0131 \u00e7\u0131x\u0131\u015f\u0131 zaman\u0131 v\u0259kill\u0259rin f\u0259aliy\u0259tinin m\u0259hdudla\u015fd\u0131r\u0131lmas\u0131 il\u0259 ba\u011fl\u0131\u00a0 s\u0259sl\u0259ndirdiyi\u00a0 fikirl\u0259r\u0259 m\u00f6vqeyini a\u00e7\u0131qlayark\u0259n deyib. Qeyd&hellip;","_links":{"self":[{"href":"https:\/\/arantv.az\/index.php?rest_route=\/wp\/v2\/posts\/39771"}],"collection":[{"href":"https:\/\/arantv.az\/index.php?rest_route=\/wp\/v2\/posts"}],"about":[{"href":"https:\/\/arantv.az\/index.php?rest_route=\/wp\/v2\/types\/post"}],"author":[{"embeddable":true,"href":"https:\/\/arantv.az\/index.php?rest_route=\/wp\/v2\/users\/2"}],"replies":[{"embeddable":true,"href":"https:\/\/arantv.az\/index.php?rest_route=%2Fwp%2Fv2%2Fcomments&post=39771"}],"version-history":[{"count":0,"href":"https:\/\/arantv.az\/index.php?rest_route=\/wp\/v2\/posts\/39771\/revisions"}],"wp:featuredmedia":[{"embeddable":true,"href":"https:\/\/arantv.az\/index.php?rest_route=\/wp\/v2\/media\/39772"}],"wp:attachment":[{"href":"https:\/\/arantv.az\/index.php?rest_route=%2Fwp%2Fv2%2Fmedia&parent=39771"}],"wp:term":[{"taxonomy":"category","embeddable":true,"href":"https:\/\/arantv.az\/index.php?rest_route=%2Fwp%2Fv2%2Fcategories&post=39771"},{"taxonomy":"post_tag","embeddable":true,"href":"https:\/\/arantv.az\/index.php?rest_route=%2Fwp%2Fv2%2Ftags&post=39771"}],"curies":[{"name":"wp","href":"https:\/\/api.w.org\/{rel}","templated":true}]}}