{"id":39774,"date":"2019-02-19T13:07:52","date_gmt":"2019-02-19T10:07:52","guid":{"rendered":"http:\/\/arantv.az\/?p=39774"},"modified":"2019-02-19T13:07:52","modified_gmt":"2019-02-19T10:07:52","slug":"ai-az%c9%99rbaycan-qisa-mudd%c9%99t-%c9%99rzind%c9%99-n%c9%99qliyyat-infrastrukturunu-ugurla-inkisaf-etdirib","status":"publish","type":"post","link":"https:\/\/arantv.az\/?p=39774","title":{"rendered":"A\u0130: &#8220;Az\u0259rbaycan q\u0131sa m\u00fcdd\u0259t \u0259rzind\u0259 n\u0259qliyyat infrastrukturunu u\u011furla inki\u015faf etdirib&#8221;"},"content":{"rendered":"<blockquote><p><strong><em>Az\u0259rbaycan q\u0131sa m\u00fcdd\u0259t \u0259rzind\u0259 bir s\u0131ra strateji vacib layih\u0259 icra etm\u0259kl\u0259 n\u0259qliyyat infrastrukturunu u\u011furla inki\u015faf etdirib.<\/em><\/strong><\/p><\/blockquote>\n<p><strong>ARANTV.AZ<\/strong> trend-\u0259 istinad\u0259n x\u0259b\u0259r verir ki, bunu Bak\u0131da Az\u0259rbaycanla Avropa \u0130ttifaq\u0131 aras\u0131nda y\u00fcks\u0259k s\u0259viyy\u0259li n\u0259qliyyat dialoqu \u00fczr\u0259 birinci iclas zaman\u0131 Avropa Komissiyas\u0131n\u0131n h\u0259r\u0259k\u0259tlilik v\u0259 n\u0259qliyyat \u00fczr\u0259 Ba\u015f Direktorlu\u011funun r\u0259hb\u0259ri Henrik Hololey deyib.<\/p>\n<p>Onun s\u00f6zl\u0259rin\u0259 g\u00f6r\u0259, buna n\u00fcmun\u0259 kimi \u00fcmumilikd\u0259 regionda v\u0259ziyy\u0259ti d\u0259yi\u015f\u0259n Bak\u0131-Tbilisi-Qars layih\u0259sini, el\u0259c\u0259 d\u0259 Avropa il\u0259 Asiya aras\u0131nda multimodal y\u00fckda\u015f\u0131malar\u0131n\u0131 t\u0259min ed\u0259n Bak\u0131 Beyn\u0259lxalq D\u0259niz Ticar\u0259t Liman\u0131n\u0131 g\u00f6st\u0259rm\u0259k olar:<\/p>\n<p>&#8220;Az\u0259rbaycan h\u0259m d\u0259 aviasiya sah\u0259sind\u0259 \u015fax\u0259l\u0259ndirilmi\u015f inki\u015fafa nail olub. Heyd\u0259r \u018fliyev Beyn\u0259lxalq Hava Liman\u0131na be\u015f ulduz statusu verilib. Bundan ba\u015fqa, bu g\u00fcn beyn\u0259lxalq s\u0259viyy\u0259d\u0259 &#8220;AZAL&#8221;, &#8220;Buta Airways&#8221;, &#8220;SilkWay&#8221; kimi avia\u015firk\u0259tl\u0259r f\u0259aliyy\u0259t g\u00f6st\u0259rir v\u0259 bu \u015firk\u0259tl\u0259r beyn\u0259lxalq arenada qlobal r\u0259qib statuslar\u0131n\u0131 t\u0259sdiq edir&#8221;.<\/p>\n","protected":false},"excerpt":{"rendered":"<p>Az\u0259rbaycan q\u0131sa m\u00fcdd\u0259t \u0259rzind\u0259 bir s\u0131ra strateji vacib layih\u0259 icra etm\u0259kl\u0259 n\u0259qliyyat infrastrukturunu u\u011furla inki\u015faf etdirib. ARANTV.AZ trend-\u0259 istinad\u0259n x\u0259b\u0259r verir ki, bunu Bak\u0131da Az\u0259rbaycanla Avropa \u0130ttifaq\u0131 aras\u0131nda y\u00fcks\u0259k s\u0259viyy\u0259li n\u0259qliyyat dialoqu \u00fczr\u0259 birinci iclas zaman\u0131 Avropa Komissiyas\u0131n\u0131n h\u0259r\u0259k\u0259tlilik v\u0259 n\u0259qliyyat \u00fczr\u0259 Ba\u015f Direktorlu\u011funun r\u0259hb\u0259ri Henrik Hololey deyib. Onun s\u00f6zl\u0259rin\u0259 g\u00f6r\u0259, buna n\u00fcmun\u0259 kimi \u00fcmumilikd\u0259 regionda v\u0259ziyy\u0259ti d\u0259yi\u015f\u0259n Bak\u0131-Tbilisi-Qars layih\u0259sini, el\u0259c\u0259 d\u0259 Avropa il\u0259 Asiya aras\u0131nda multimodal y\u00fckda\u015f\u0131malar\u0131n\u0131 t\u0259min ed\u0259n Bak\u0131 Beyn\u0259lxalq D\u0259niz Ticar\u0259t Liman\u0131n\u0131 g\u00f6st\u0259rm\u0259k olar: &#8220;Az\u0259rbaycan h\u0259m d\u0259 aviasiya sah\u0259sind\u0259 \u015fax\u0259l\u0259ndirilmi\u015f inki\u015fafa nail olub. Heyd\u0259r \u018fliyev Beyn\u0259lxalq Hava&hellip;<\/p>\n","protected":false},"author":2,"featured_media":39775,"comment_status":"closed","ping_status":"closed","sticky":false,"template":"","format":"standard","meta":{"om_disable_all_campaigns":false,"_monsterinsights_skip_tracking":false,"_monsterinsights_sitenote_active":false,"_monsterinsights_sitenote_note":"","_monsterinsights_sitenote_category":0},"categories":[4],"tags":[],"aioseo_notices":[],"gutentor_comment":0,"rttpg_featured_image_url":{"full":["https:\/\/arantv.az\/wp-content\/uploads\/2019\/02\/731982.jpg",800,600,false],"landscape":["https:\/\/arantv.az\/wp-content\/uploads\/2019\/02\/731982.jpg",800,600,false],"portraits":["https:\/\/arantv.az\/wp-content\/uploads\/2019\/02\/731982.jpg",800,600,false],"thumbnail":["https:\/\/arantv.az\/wp-content\/uploads\/2019\/02\/731982-150x150.jpg",150,150,true],"medium":["https:\/\/arantv.az\/wp-content\/uploads\/2019\/02\/731982-300x225.jpg",300,225,true],"large":["https:\/\/arantv.az\/wp-content\/uploads\/2019\/02\/731982.jpg",640,480,false],"1536x1536":["https:\/\/arantv.az\/wp-content\/uploads\/2019\/02\/731982.jpg",800,600,false],"2048x2048":["https:\/\/arantv.az\/wp-content\/uploads\/2019\/02\/731982.jpg",800,600,false],"post-thumbnail":["https:\/\/arantv.az\/wp-content\/uploads\/2019\/02\/731982-240x172.jpg",240,172,true],"advps-thumb-one":["https:\/\/arantv.az\/wp-content\/uploads\/2019\/02\/731982.jpg",800,600,false]},"rttpg_author":{"display_name":"V\u00fcsal Rafiqo\u011flu","author_link":"https:\/\/arantv.az\/?author=2"},"rttpg_comment":0,"rttpg_category":"<a href=\"https:\/\/arantv.az\/?cat=4\" rel=\"category\">Siyas\u0259t<\/a>","rttpg_excerpt":"Az\u0259rbaycan q\u0131sa m\u00fcdd\u0259t \u0259rzind\u0259 bir s\u0131ra strateji vacib layih\u0259 icra etm\u0259kl\u0259 n\u0259qliyyat infrastrukturunu u\u011furla inki\u015faf etdirib. ARANTV.AZ trend-\u0259 istinad\u0259n x\u0259b\u0259r verir ki, bunu Bak\u0131da Az\u0259rbaycanla Avropa \u0130ttifaq\u0131 aras\u0131nda y\u00fcks\u0259k s\u0259viyy\u0259li n\u0259qliyyat dialoqu \u00fczr\u0259 birinci iclas zaman\u0131 Avropa Komissiyas\u0131n\u0131n h\u0259r\u0259k\u0259tlilik v\u0259 n\u0259qliyyat \u00fczr\u0259 Ba\u015f Direktorlu\u011funun r\u0259hb\u0259ri Henrik Hololey deyib. Onun s\u00f6zl\u0259rin\u0259 g\u00f6r\u0259, buna n\u00fcmun\u0259 kimi \u00fcmumilikd\u0259&hellip;","_links":{"self":[{"href":"https:\/\/arantv.az\/index.php?rest_route=\/wp\/v2\/posts\/39774"}],"collection":[{"href":"https:\/\/arantv.az\/index.php?rest_route=\/wp\/v2\/posts"}],"about":[{"href":"https:\/\/arantv.az\/index.php?rest_route=\/wp\/v2\/types\/post"}],"author":[{"embeddable":true,"href":"https:\/\/arantv.az\/index.php?rest_route=\/wp\/v2\/users\/2"}],"replies":[{"embeddable":true,"href":"https:\/\/arantv.az\/index.php?rest_route=%2Fwp%2Fv2%2Fcomments&post=39774"}],"version-history":[{"count":0,"href":"https:\/\/arantv.az\/index.php?rest_route=\/wp\/v2\/posts\/39774\/revisions"}],"wp:featuredmedia":[{"embeddable":true,"href":"https:\/\/arantv.az\/index.php?rest_route=\/wp\/v2\/media\/39775"}],"wp:attachment":[{"href":"https:\/\/arantv.az\/index.php?rest_route=%2Fwp%2Fv2%2Fmedia&parent=39774"}],"wp:term":[{"taxonomy":"category","embeddable":true,"href":"https:\/\/arantv.az\/index.php?rest_route=%2Fwp%2Fv2%2Fcategories&post=39774"},{"taxonomy":"post_tag","embeddable":true,"href":"https:\/\/arantv.az\/index.php?rest_route=%2Fwp%2Fv2%2Ftags&post=39774"}],"curies":[{"name":"wp","href":"https:\/\/api.w.org\/{rel}","templated":true}]}}