{"id":39831,"date":"2019-02-19T13:47:08","date_gmt":"2019-02-19T10:47:08","guid":{"rendered":"http:\/\/arantv.az\/?p=39831"},"modified":"2019-02-19T13:47:08","modified_gmt":"2019-02-19T10:47:08","slug":"az%c9%99rbaycanda-yeni-medal-t%c9%99sis-edildi","status":"publish","type":"post","link":"https:\/\/arantv.az\/?p=39831","title":{"rendered":"Az\u0259rbaycanda yeni medal t\u0259sis edildi"},"content":{"rendered":"<p>Az\u0259rbaycanda medallar\u0131n s\u0131ras\u0131na daha biri &#8211; \u201cAz\u0259rbaycan Respublikas\u0131 diplomatik xidm\u0259t orqanlar\u0131n\u0131n 100 illiyi (1919 \u2013 2019)\u201d medal\u0131 \u0259lav\u0259 edilib.<\/p>\n<p><strong>ARANTV.AZ<\/strong>-\u0131n m\u0259lumat\u0131na g\u00f6r\u0259, \u201cAz\u0259rbaycan Respublikas\u0131n\u0131n orden v\u0259 medallar\u0131n\u0131n t\u0259sis edilm\u0259si haqq\u0131nda\u201d qanuna d\u0259yi\u015fiklik layih\u0259si Milli M\u0259clisin (MM)\u00a0fevral\u0131n 19-da ke\u00e7iril\u0259n n\u00f6vb\u0259ti plenar iclas\u0131nda m\u00fczakir\u0259 edilib.<\/p>\n<p>D\u0259yi\u015fikliy\u0259 \u0259sas\u0259n, yubiley medal\u0131 il\u0259 Az\u0259rbaycan\u0131n diplomatik xidm\u0259t orqanlar\u0131nda v\u0259zif\u0259l\u0259rini n\u00fcmun\u0259vi yerin\u0259 yetir\u0259n, diplomatik xidm\u0259td\u0259 y\u00fcks\u0259k n\u0259tic\u0259l\u0259r \u0259ld\u0259 ed\u0259n diplomatik xidm\u0259t \u0259m\u0259kda\u015flar\u0131, diplomatik xidm\u0259t orqanlar\u0131n\u0131n inzibati-texniki xidm\u0259tini h\u0259yata ke\u00e7ir\u0259n \u015f\u0259xsl\u0259r, diplomatik xidm\u0259t orqanlar\u0131n\u0131n veteranlar\u0131, habel\u0259 Az\u0259rbaycan\u0131n beyn\u0259lxalq \u0259laq\u0259l\u0259rinin inki\u015faf etdirilm\u0259sind\u0259 f\u0259al i\u015ftirak ed\u0259n v\u0259 diplomatik xidm\u0259t orqanlar\u0131n\u0131n inki\u015faf\u0131nda x\u00fcsusi xidm\u0259tl\u0259ri olan dig\u0259r \u015f\u0259xsl\u0259r t\u0259ltif edil\u0259c\u0259kl\u0259r.<\/p>\n<div id=\"AdributorNativeVideo0\" class=\"AdributorNativeVideo\"><\/div>\n<p>Medal diametri 36 mm olan, q\u0131z\u0131l suyuna \u00e7\u0259kilmi\u015f dair\u0259vi b\u00fcr\u00fcnc l\u00f6vh\u0259d\u0259n ibar\u0259tdir.<\/p>\n<p>Qanun layih\u0259si s\u0259sverm\u0259y\u0259 \u00e7\u0131xar\u0131laraq q\u0259bul olunub.<\/p>\n<p>oxu.az<\/p>\n","protected":false},"excerpt":{"rendered":"<p>Az\u0259rbaycanda medallar\u0131n s\u0131ras\u0131na daha biri &#8211; \u201cAz\u0259rbaycan Respublikas\u0131 diplomatik xidm\u0259t orqanlar\u0131n\u0131n 100 illiyi (1919 \u2013 2019)\u201d medal\u0131 \u0259lav\u0259 edilib. ARANTV.AZ-\u0131n m\u0259lumat\u0131na g\u00f6r\u0259, \u201cAz\u0259rbaycan Respublikas\u0131n\u0131n orden v\u0259 medallar\u0131n\u0131n t\u0259sis edilm\u0259si haqq\u0131nda\u201d qanuna d\u0259yi\u015fiklik layih\u0259si Milli M\u0259clisin (MM)\u00a0fevral\u0131n 19-da ke\u00e7iril\u0259n n\u00f6vb\u0259ti plenar iclas\u0131nda m\u00fczakir\u0259 edilib. D\u0259yi\u015fikliy\u0259 \u0259sas\u0259n, yubiley medal\u0131 il\u0259 Az\u0259rbaycan\u0131n diplomatik xidm\u0259t orqanlar\u0131nda v\u0259zif\u0259l\u0259rini n\u00fcmun\u0259vi yerin\u0259 yetir\u0259n, diplomatik xidm\u0259td\u0259 y\u00fcks\u0259k n\u0259tic\u0259l\u0259r \u0259ld\u0259 ed\u0259n diplomatik xidm\u0259t \u0259m\u0259kda\u015flar\u0131, diplomatik xidm\u0259t orqanlar\u0131n\u0131n inzibati-texniki xidm\u0259tini h\u0259yata ke\u00e7ir\u0259n \u015f\u0259xsl\u0259r, diplomatik xidm\u0259t orqanlar\u0131n\u0131n veteranlar\u0131, habel\u0259 Az\u0259rbaycan\u0131n beyn\u0259lxalq \u0259laq\u0259l\u0259rinin inki\u015faf etdirilm\u0259sind\u0259 f\u0259al i\u015ftirak ed\u0259n v\u0259 diplomatik xidm\u0259t orqanlar\u0131n\u0131n&hellip;<\/p>\n","protected":false},"author":2,"featured_media":39832,"comment_status":"closed","ping_status":"closed","sticky":false,"template":"","format":"standard","meta":{"om_disable_all_campaigns":false,"_monsterinsights_skip_tracking":false,"_monsterinsights_sitenote_active":false,"_monsterinsights_sitenote_note":"","_monsterinsights_sitenote_category":0},"categories":[4],"tags":[],"aioseo_notices":[],"gutentor_comment":0,"rttpg_featured_image_url":{"full":["https:\/\/arantv.az\/wp-content\/uploads\/2019\/02\/1460815869_f88851f64b5bcb5b7379702e6995507c.jpg",620,389,false],"landscape":["https:\/\/arantv.az\/wp-content\/uploads\/2019\/02\/1460815869_f88851f64b5bcb5b7379702e6995507c.jpg",620,389,false],"portraits":["https:\/\/arantv.az\/wp-content\/uploads\/2019\/02\/1460815869_f88851f64b5bcb5b7379702e6995507c.jpg",620,389,false],"thumbnail":["https:\/\/arantv.az\/wp-content\/uploads\/2019\/02\/1460815869_f88851f64b5bcb5b7379702e6995507c-150x150.jpg",150,150,true],"medium":["https:\/\/arantv.az\/wp-content\/uploads\/2019\/02\/1460815869_f88851f64b5bcb5b7379702e6995507c-300x188.jpg",300,188,true],"large":["https:\/\/arantv.az\/wp-content\/uploads\/2019\/02\/1460815869_f88851f64b5bcb5b7379702e6995507c.jpg",620,389,false],"1536x1536":["https:\/\/arantv.az\/wp-content\/uploads\/2019\/02\/1460815869_f88851f64b5bcb5b7379702e6995507c.jpg",620,389,false],"2048x2048":["https:\/\/arantv.az\/wp-content\/uploads\/2019\/02\/1460815869_f88851f64b5bcb5b7379702e6995507c.jpg",620,389,false],"post-thumbnail":["https:\/\/arantv.az\/wp-content\/uploads\/2019\/02\/1460815869_f88851f64b5bcb5b7379702e6995507c-240x172.jpg",240,172,true],"advps-thumb-one":["https:\/\/arantv.az\/wp-content\/uploads\/2019\/02\/1460815869_f88851f64b5bcb5b7379702e6995507c.jpg",620,389,false]},"rttpg_author":{"display_name":"V\u00fcsal Rafiqo\u011flu","author_link":"https:\/\/arantv.az\/?author=2"},"rttpg_comment":0,"rttpg_category":"<a href=\"https:\/\/arantv.az\/?cat=4\" rel=\"category\">Siyas\u0259t<\/a>","rttpg_excerpt":"Az\u0259rbaycanda medallar\u0131n s\u0131ras\u0131na daha biri &#8211; \u201cAz\u0259rbaycan Respublikas\u0131 diplomatik xidm\u0259t orqanlar\u0131n\u0131n 100 illiyi (1919 \u2013 2019)\u201d medal\u0131 \u0259lav\u0259 edilib. ARANTV.AZ-\u0131n m\u0259lumat\u0131na g\u00f6r\u0259, \u201cAz\u0259rbaycan Respublikas\u0131n\u0131n orden v\u0259 medallar\u0131n\u0131n t\u0259sis edilm\u0259si haqq\u0131nda\u201d qanuna d\u0259yi\u015fiklik layih\u0259si Milli M\u0259clisin (MM)\u00a0fevral\u0131n 19-da ke\u00e7iril\u0259n n\u00f6vb\u0259ti plenar iclas\u0131nda m\u00fczakir\u0259 edilib. D\u0259yi\u015fikliy\u0259 \u0259sas\u0259n, yubiley medal\u0131 il\u0259 Az\u0259rbaycan\u0131n diplomatik xidm\u0259t orqanlar\u0131nda v\u0259zif\u0259l\u0259rini n\u00fcmun\u0259vi yerin\u0259&hellip;","_links":{"self":[{"href":"https:\/\/arantv.az\/index.php?rest_route=\/wp\/v2\/posts\/39831"}],"collection":[{"href":"https:\/\/arantv.az\/index.php?rest_route=\/wp\/v2\/posts"}],"about":[{"href":"https:\/\/arantv.az\/index.php?rest_route=\/wp\/v2\/types\/post"}],"author":[{"embeddable":true,"href":"https:\/\/arantv.az\/index.php?rest_route=\/wp\/v2\/users\/2"}],"replies":[{"embeddable":true,"href":"https:\/\/arantv.az\/index.php?rest_route=%2Fwp%2Fv2%2Fcomments&post=39831"}],"version-history":[{"count":0,"href":"https:\/\/arantv.az\/index.php?rest_route=\/wp\/v2\/posts\/39831\/revisions"}],"wp:featuredmedia":[{"embeddable":true,"href":"https:\/\/arantv.az\/index.php?rest_route=\/wp\/v2\/media\/39832"}],"wp:attachment":[{"href":"https:\/\/arantv.az\/index.php?rest_route=%2Fwp%2Fv2%2Fmedia&parent=39831"}],"wp:term":[{"taxonomy":"category","embeddable":true,"href":"https:\/\/arantv.az\/index.php?rest_route=%2Fwp%2Fv2%2Fcategories&post=39831"},{"taxonomy":"post_tag","embeddable":true,"href":"https:\/\/arantv.az\/index.php?rest_route=%2Fwp%2Fv2%2Ftags&post=39831"}],"curies":[{"name":"wp","href":"https:\/\/api.w.org\/{rel}","templated":true}]}}