{"id":39839,"date":"2019-02-19T14:22:55","date_gmt":"2019-02-19T11:22:55","guid":{"rendered":"http:\/\/arantv.az\/?p=39839"},"modified":"2019-02-19T14:22:55","modified_gmt":"2019-02-19T11:22:55","slug":"at%c9%99t-s%c9%99dri-az%c9%99rbaycana-s%c9%99f%c9%99r-ed%c9%99c%c9%99k","status":"publish","type":"post","link":"https:\/\/arantv.az\/?p=39839","title":{"rendered":"AT\u018fT s\u0259dri Az\u0259rbaycana s\u0259f\u0259r ed\u0259c\u0259k"},"content":{"rendered":"<div class=\"spot\">AT\u018fT-in f\u0259aliyy\u0259td\u0259 olan s\u0259dri, Slovakiya xarici i\u015fl\u0259r naziri Miroslav Lay\u00e7ak\u0131n Da\u011fl\u0131q Qaraba\u011f m\u00fcnaqi\u015f\u0259sinin h\u0259lli il\u0259 ba\u011fl\u0131 m\u00fczakir\u0259l\u0259ri davam etdirm\u0259k \u00fc\u00e7\u00fcn mart ay\u0131n birinci yar\u0131s\u0131nda Az\u0259rbaycana v\u0259 Erm\u0259nistana s\u0259f\u0259ri g\u00f6zl\u0259nilir.<\/div>\n<p><strong>ARANTV.AZ<\/strong>-\u0131n x\u0259b\u0259rin\u0259 g\u00f6r\u0259, bu bar\u0259d\u0259 M.Lay\u00e7ak Moskvada Rusiyan\u0131n xarici i\u015fl\u0259r naziri Sergey Lavrovla apard\u0131\u011f\u0131 dan\u0131\u015f\u0131qlar\u0131n yekununa h\u0259sr olunan m\u0259tbuat konfrans\u0131nda deyib.<\/p>\n<p>O,\u00a0 h\u0259m r\u0259smi Bak\u0131dan, h\u0259m d\u0259 \u0130r\u0259vandan s\u0259f\u0259r \u00fc\u00e7\u00fcn d\u0259v\u0259t ald\u0131\u011f\u0131n\u0131 bildirib.<\/p>\n<p>Qeyd ed\u0259k ki, Slovakiyan\u0131n AT\u018fT-\u0259 s\u0259drlik d\u00f6vr\u00fcnd\u0259 \u0259sas prioritetl\u0259ri regionda h\u0259lli uzad\u0131lan m\u00fcnaqi\u015f\u0259l\u0259rin nizamlanmas\u0131 v\u0259 t\u0259\u015fkilat m\u0259kan\u0131nda m\u00fcnaqi\u015f\u0259l\u0259rin qar\u015f\u0131s\u0131n\u0131n al\u0131nmas\u0131na d\u0259st\u0259k verm\u0259k olacaq.<\/p>\n<div id=\"AdributorNativeVideo0\" class=\"AdributorNativeVideo\"><\/div>\n<p>Daha \u0259vv\u0259l bildirilirdi ki, Slovakiya AT\u018fT-\u0259 s\u0259drliyi d\u00f6vr\u00fcnd\u0259 Da\u011fl\u0131q Qaraba\u011f m\u00fcnaqi\u015f\u0259sinin nizamlanmas\u0131nda f\u0259al i\u015ftirak etm\u0259k niyy\u0259tind\u0259dir.<\/p>\n<p><em>\u00d6lk\u0259.Az<\/em><\/p>\n","protected":false},"excerpt":{"rendered":"<p>AT\u018fT-in f\u0259aliyy\u0259td\u0259 olan s\u0259dri, Slovakiya xarici i\u015fl\u0259r naziri Miroslav Lay\u00e7ak\u0131n Da\u011fl\u0131q Qaraba\u011f m\u00fcnaqi\u015f\u0259sinin h\u0259lli il\u0259 ba\u011fl\u0131 m\u00fczakir\u0259l\u0259ri davam etdirm\u0259k \u00fc\u00e7\u00fcn mart ay\u0131n birinci yar\u0131s\u0131nda Az\u0259rbaycana v\u0259 Erm\u0259nistana s\u0259f\u0259ri g\u00f6zl\u0259nilir. ARANTV.AZ-\u0131n x\u0259b\u0259rin\u0259 g\u00f6r\u0259, bu bar\u0259d\u0259 M.Lay\u00e7ak Moskvada Rusiyan\u0131n xarici i\u015fl\u0259r naziri Sergey Lavrovla apard\u0131\u011f\u0131 dan\u0131\u015f\u0131qlar\u0131n yekununa h\u0259sr olunan m\u0259tbuat konfrans\u0131nda deyib. O,\u00a0 h\u0259m r\u0259smi Bak\u0131dan, h\u0259m d\u0259 \u0130r\u0259vandan s\u0259f\u0259r \u00fc\u00e7\u00fcn d\u0259v\u0259t ald\u0131\u011f\u0131n\u0131 bildirib. Qeyd ed\u0259k ki, Slovakiyan\u0131n AT\u018fT-\u0259 s\u0259drlik d\u00f6vr\u00fcnd\u0259 \u0259sas prioritetl\u0259ri regionda h\u0259lli uzad\u0131lan m\u00fcnaqi\u015f\u0259l\u0259rin nizamlanmas\u0131 v\u0259 t\u0259\u015fkilat m\u0259kan\u0131nda m\u00fcnaqi\u015f\u0259l\u0259rin qar\u015f\u0131s\u0131n\u0131n al\u0131nmas\u0131na d\u0259st\u0259k verm\u0259k olacaq. Daha \u0259vv\u0259l bildirilirdi ki, Slovakiya&hellip;<\/p>\n","protected":false},"author":2,"featured_media":39841,"comment_status":"closed","ping_status":"closed","sticky":false,"template":"","format":"standard","meta":{"om_disable_all_campaigns":false,"_monsterinsights_skip_tracking":false,"_monsterinsights_sitenote_active":false,"_monsterinsights_sitenote_note":"","_monsterinsights_sitenote_category":0},"categories":[4],"tags":[],"aioseo_notices":[],"gutentor_comment":0,"rttpg_featured_image_url":{"full":["https:\/\/arantv.az\/wp-content\/uploads\/2019\/02\/sad.jpg",620,375,false],"landscape":["https:\/\/arantv.az\/wp-content\/uploads\/2019\/02\/sad.jpg",620,375,false],"portraits":["https:\/\/arantv.az\/wp-content\/uploads\/2019\/02\/sad.jpg",620,375,false],"thumbnail":["https:\/\/arantv.az\/wp-content\/uploads\/2019\/02\/sad-150x150.jpg",150,150,true],"medium":["https:\/\/arantv.az\/wp-content\/uploads\/2019\/02\/sad-300x181.jpg",300,181,true],"large":["https:\/\/arantv.az\/wp-content\/uploads\/2019\/02\/sad.jpg",620,375,false],"1536x1536":["https:\/\/arantv.az\/wp-content\/uploads\/2019\/02\/sad.jpg",620,375,false],"2048x2048":["https:\/\/arantv.az\/wp-content\/uploads\/2019\/02\/sad.jpg",620,375,false],"post-thumbnail":["https:\/\/arantv.az\/wp-content\/uploads\/2019\/02\/sad-240x172.jpg",240,172,true],"advps-thumb-one":["https:\/\/arantv.az\/wp-content\/uploads\/2019\/02\/sad.jpg",620,375,false]},"rttpg_author":{"display_name":"V\u00fcsal Rafiqo\u011flu","author_link":"https:\/\/arantv.az\/?author=2"},"rttpg_comment":0,"rttpg_category":"<a href=\"https:\/\/arantv.az\/?cat=4\" rel=\"category\">Siyas\u0259t<\/a>","rttpg_excerpt":"AT\u018fT-in f\u0259aliyy\u0259td\u0259 olan s\u0259dri, Slovakiya xarici i\u015fl\u0259r naziri Miroslav Lay\u00e7ak\u0131n Da\u011fl\u0131q Qaraba\u011f m\u00fcnaqi\u015f\u0259sinin h\u0259lli il\u0259 ba\u011fl\u0131 m\u00fczakir\u0259l\u0259ri davam etdirm\u0259k \u00fc\u00e7\u00fcn mart ay\u0131n birinci yar\u0131s\u0131nda Az\u0259rbaycana v\u0259 Erm\u0259nistana s\u0259f\u0259ri g\u00f6zl\u0259nilir. ARANTV.AZ-\u0131n x\u0259b\u0259rin\u0259 g\u00f6r\u0259, bu bar\u0259d\u0259 M.Lay\u00e7ak Moskvada Rusiyan\u0131n xarici i\u015fl\u0259r naziri Sergey Lavrovla apard\u0131\u011f\u0131 dan\u0131\u015f\u0131qlar\u0131n yekununa h\u0259sr olunan m\u0259tbuat konfrans\u0131nda deyib. O,\u00a0 h\u0259m r\u0259smi Bak\u0131dan, h\u0259m&hellip;","_links":{"self":[{"href":"https:\/\/arantv.az\/index.php?rest_route=\/wp\/v2\/posts\/39839"}],"collection":[{"href":"https:\/\/arantv.az\/index.php?rest_route=\/wp\/v2\/posts"}],"about":[{"href":"https:\/\/arantv.az\/index.php?rest_route=\/wp\/v2\/types\/post"}],"author":[{"embeddable":true,"href":"https:\/\/arantv.az\/index.php?rest_route=\/wp\/v2\/users\/2"}],"replies":[{"embeddable":true,"href":"https:\/\/arantv.az\/index.php?rest_route=%2Fwp%2Fv2%2Fcomments&post=39839"}],"version-history":[{"count":0,"href":"https:\/\/arantv.az\/index.php?rest_route=\/wp\/v2\/posts\/39839\/revisions"}],"wp:featuredmedia":[{"embeddable":true,"href":"https:\/\/arantv.az\/index.php?rest_route=\/wp\/v2\/media\/39841"}],"wp:attachment":[{"href":"https:\/\/arantv.az\/index.php?rest_route=%2Fwp%2Fv2%2Fmedia&parent=39839"}],"wp:term":[{"taxonomy":"category","embeddable":true,"href":"https:\/\/arantv.az\/index.php?rest_route=%2Fwp%2Fv2%2Fcategories&post=39839"},{"taxonomy":"post_tag","embeddable":true,"href":"https:\/\/arantv.az\/index.php?rest_route=%2Fwp%2Fv2%2Ftags&post=39839"}],"curies":[{"name":"wp","href":"https:\/\/api.w.org\/{rel}","templated":true}]}}