{"id":398428,"date":"2021-11-02T13:18:12","date_gmt":"2021-11-02T10:18:12","guid":{"rendered":"http:\/\/arantv.az\/?p=398428"},"modified":"2021-11-02T13:18:12","modified_gmt":"2021-11-02T10:18:12","slug":"ilham-%c9%99liyevin-ismayilliya-s%c9%99f%c9%99ri-acilislar-m%c9%99scidd%c9%99ki-t%c9%99mirl%c9%99-tanisliq-s%c9%99rh-foto","status":"publish","type":"post","link":"https:\/\/arantv.az\/?p=398428","title":{"rendered":"\u0130lham \u018fliyevin \u0130smay\u0131ll\u0131ya s\u0259f\u0259ri: A\u00e7\u0131l\u0131\u015flar, m\u0259scidd\u0259ki t\u0259mirl\u0259 tan\u0131\u015fl\u0131q \u2013 \u015e\u018fRH + FOTO"},"content":{"rendered":"<p>Prezident \u0130lham \u018fliyevin r\u0259hb\u0259rliyi alt\u0131nda regionlar\u0131n inki\u015faf etdirilm\u0259si d\u00f6vl\u0259t siyas\u0259tinin prioritetl\u0259rin\u0259 daxildir.<\/p>\n<p>D\u00f6vl\u0259t ba\u015f\u00e7\u0131s\u0131 \u00f6lk\u0259nin b\u00fct\u00fcn regionlar\u0131n\u0131n inki\u015faf\u0131 m\u0259s\u0259l\u0259l\u0259rini \u015f\u0259xsi n\u0259zar\u0259tind\u0259 saxlay\u0131r.<\/p>\n<p>Geni\u015f quruculuq v\u0259 b\u0259rpa i\u015fl\u0259rin\u0259 dair ard\u0131c\u0131l tap\u015f\u0131r\u0131qlar verilir, q\u0259rarlar q\u0259bul edilir, Az\u0259rbaycan\u0131n m\u00fcasir simas\u0131n\u0131n formala\u015fd\u0131r\u0131lmas\u0131 istiqam\u0259tind\u0259 \u0259m\u0259li add\u0131mlar at\u0131l\u0131r.<\/p>\n<div id=\"AdviadNativeVideo0\" class=\"AdviadNativeVideo\"><\/div>\n<p>Az\u0259rbaycan Prezidentinin t\u0259kc\u0259 i\u015f\u011faldan azad olunmu\u015f \u0259razil\u0259r\u0259 deyil, \u00f6lk\u0259nin dig\u0259r b\u00f6lg\u0259l\u0259rin\u0259 d\u0259 ard\u0131c\u0131l s\u0259f\u0259rl\u0259r etm\u0259si deyil\u0259nl\u0259rin bariz n\u00fcmun\u0259sidir.<\/p>\n<p>\u0130lham \u018fliyev noyabr\u0131n 1-d\u0259 \u0130smay\u0131ll\u0131ya s\u0259f\u0259r etdi.<\/p>\n<p>\u0130smay\u0131ll\u0131 rayonuna s\u0259f\u0259r m\u0259hsuldarl\u0131\u011f\u0131 il\u0259 diqq\u0259t \u00e7\u0259kirdi.<\/p>\n<p>Prezident \u0130lham \u018fliyev v\u0259 Birinci vitse-prezident Mehriban \u018fliyeva Lah\u0131cdak\u0131 B\u0259d\u00f6y\u00fcn m\u0259scidind\u0259 apar\u0131lan b\u0259rpa-t\u0259mir i\u015fl\u0259ri il\u0259 tan\u0131\u015f olublar.<\/p>\n<p>2019-cu ild\u0259 Birinci vitse-prezident Mehriban \u018fliyeva \u0130smay\u0131ll\u0131 rayonunun Lah\u0131c q\u0259s\u0259b\u0259sind\u0259 s\u0259f\u0259rd\u0259 olark\u0259n sakinl\u0259r B\u0259d\u00f6y\u00fcn m\u0259scidinin t\u0259miri il\u0259 ba\u011fl\u0131 m\u00fcraci\u0259t etmi\u015fdil\u0259r.<\/p>\n<p>Birinci vitse-prezident m\u0259scidd\u0259ki v\u0259ziyy\u0259tl\u0259 tan\u0131\u015f olmu\u015fdu v\u0259 burada \u0259sasl\u0131 t\u0259mir i\u015fl\u0259rinin apar\u0131lmas\u0131 bar\u0259d\u0259 tap\u015f\u0131r\u0131q vermi\u015fdi.<\/p>\n<p>Az\u0259rbaycan Prezidentinin k\u00f6m\u0259k\u00e7isi Anar \u018fl\u0259kb\u0259rov m\u0259lumat verib ki, \u00f6t\u0259n m\u00fcdd\u0259t \u0259rzind\u0259 1791-ci ild\u0259 in\u015fa edil\u0259n B\u0259d\u00f6y\u00fcn m\u0259scidind\u0259 v\u0259 \u0259traf \u0259razil\u0259rd\u0259 Heyd\u0259r \u018fliyev Fondunun d\u0259st\u0259yi il\u0259 b\u0259rpa-t\u0259mir i\u015fl\u0259ri apar\u0131l\u0131b.<\/p>\n<p><img src=\"https:\/\/cdn.oxu.az\/uploads\/W1siZiIsIjIwMjEvMTEvMDIvMTMvNTUvMTEvMWFhNzczY2UtMzk1ZC00MTE2LWI4MDgtNjE5NzIxZmEwNTA0LzE2MzU3OTIyNDI1OTY4NjUzNDk1XzEwMDB4NjY5LmpwZyJdLFsicCIsImVuY29kZSIsImpwZyIsIi1xdWFsaXR5IDgwIl0sWyJwIiwidGh1bWIiLCI1OTB4NTkwXHUwMDNlIl1d?sha=f8bc07eaaaa3042d\" alt=\"\" \/><\/p>\n<p>G\u00f6r\u00fcl\u0259n i\u015fl\u0259r n\u0259tic\u0259sind\u0259 m\u0259scid orijinal formas\u0131na uy\u011fun b\u0259rpa edilib. M\u0259scidin minar\u0259si yenid\u0259n qurulub, d\u0259st\u0259mazxana in\u015fa olunub. M\u0259scidin qad\u0131nlar \u00fc\u00e7\u00fcn n\u0259z\u0259rd\u0259 tutulan h\u00fccr\u0259 v\u0259 \u015f\u0259b\u0259k\u0259l\u0259ri \u0259vv\u0259lki g\u00f6r\u00fcn\u00fc\u015f\u00fcn\u0259 qaytar\u0131l\u0131b.<\/p>\n<p>Daha sonra Prezidenti \u0130lham \u018fliyev \u0130smay\u0131ll\u0131 rayonunda ba\u015flan\u011f\u0131c\u0131n\u0131 Mu\u011fanl\u0131-\u0130smay\u0131ll\u0131 yolunun 17-ci kilometrliyind\u0259n g\u00f6t\u00fcr\u0259n Basqal-Sulut avtomobil yolunun a\u00e7\u0131l\u0131\u015f\u0131nda i\u015ftirak edib.<\/p>\n<p>Basqal-Sulut avtomobil yolunun in\u015fas\u0131 Prezident \u0130lham \u018fliyevin \u00f6t\u0259n ilin iyulunda imzalad\u0131\u011f\u0131 s\u0259r\u0259ncama uy\u011fun olaraq apar\u0131l\u0131b. \u0130ki h\u0259r\u0259k\u0259t zolaql\u0131 yol d\u00f6rd min n\u0259f\u0259r \u0259halinin ya\u015fad\u0131\u011f\u0131 11 ya\u015fay\u0131\u015f m\u0259nt\u0259q\u0259sini birl\u0259\u015fdirir. Basqal, Q\u0131\u00e7atan, Ta\u011flabiyan, K\u0259lf\u0259r\u0259c, Zeyv\u0259, K\u00fcrd\u00fcvan, Xank\u0259ndi, M\u00fcc\u00fc, S\u0259rsur\u0259, K\u0259l\u0259zev\u0259 v\u0259 Sulut k\u0259ndl\u0259rini birl\u0259\u015fdir\u0259n avtomobil yolunun uzunlu\u011fu 30,1 kilometr, h\u0259r\u0259k\u0259t hiss\u0259sinin eni is\u0259 6 metrdir. Yol \u00fcz\u0259rind\u0259 4 k\u00f6rp\u00fc tikilib v\u0259 z\u0259ruri yol infrastrukturu yarad\u0131l\u0131b.<\/p>\n<p><img src=\"https:\/\/cdn.oxu.az\/uploads\/W1siZiIsIjIwMjEvMTEvMDIvMTMvNTUvMTAvNGVmZGFmMjYtZDlkNS00MGRhLWE0MWUtMDEzNDE0MWRiZGVlLzE2MzU3OTAyOTI1MjI0NjU3MTZfMTAwMHg2NjkuanBnIl0sWyJwIiwiZW5jb2RlIiwianBnIiwiLXF1YWxpdHkgODAiXSxbInAiLCJ0aHVtYiIsIjU5MHg1OTBcdTAwM2UiXV0?sha=71a7a1273294f57f\" alt=\"\" \/>Uzunlu\u011fu 13 kilometr olan bu yol uzun m\u00fcdd\u0259t t\u0259mir olunmadan istifad\u0259 edildiyind\u0259n v\u0259 t\u0259bii amill\u0259rin t\u0259sirind\u0259n yarars\u0131z v\u0259ziyy\u0259td\u0259 olub. Haz\u0131rda is\u0259 yol m\u00fcasir s\u0259viyy\u0259d\u0259 yenid\u0259n qurulub. Prezident \u0130lham \u018fliyevin s\u0259r\u0259ncam\u0131na uy\u011fun olaraq in\u015fa edil\u0259n yol 4 min\u0259 yax\u0131n \u0259halinin ya\u015fad\u0131\u011f\u0131 3 ya\u015fay\u0131\u015f m\u0259nt\u0259q\u0259si aras\u0131nda gedi\u015f-g\u0259li\u015fi rahatla\u015fd\u0131racaq, k\u0259nd t\u0259s\u0259rr\u00fcfat\u0131n\u0131n, x\u00fcsus\u0259n d\u0259 \u00fcz\u00fcm\u00e7\u00fcl\u00fcy\u00fcn inki\u015faf\u0131na t\u00f6hf\u0259 ver\u0259c\u0259k.<\/p>\n<p>Daha sonra Prezident \u0130lham \u018fliyev v\u0259 Birinci vitse-prezident Mehriban \u018fliyeva \u0130smay\u0131ll\u0131 \u015f\u0259h\u0259rind\u0259 U\u015faq v\u0259 Ail\u0259l\u0259r\u0259 D\u0259st\u0259k M\u0259rk\u0259zinin yeni binas\u0131n\u0131n a\u00e7\u0131l\u0131\u015fda i\u015ftirak edibl\u0259r.<\/p>\n<p>\u0130ndiy\u0259d\u0259k bu m\u0259rk\u0259z\u0259 10 min\u0259 yax\u0131n m\u00fcraci\u0259t daxil olub v\u0259 bu ill\u0259rd\u0259 39 min \u0130smay\u0131ll\u0131 sakini m\u0259rk\u0259zin f\u0259aliyy\u0259tind\u0259n b\u0259hr\u0259l\u0259nib.<\/p>\n<p>M\u0259rk\u0259zin f\u0259aliyy\u0259t istiqam\u0259tl\u0259rin\u0259 uy\u011fun olaraq, burada aktiv terapiya, psixoloq, loqoped, \u00fcnsiyy\u0259t terapiyas\u0131, f\u0259rdi m\u0259\u015f\u011f\u0259l\u0259, sensor, sosial i\u015f, komp\u00fcter, d\u0259rn\u0259k, t\u0259lim, konfrans otaqlar\u0131, qad\u0131nlar \u00fc\u00e7\u00fcn m\u0259\u015f\u011f\u0259l\u0259 ota\u011f\u0131, su terapiyas\u0131 \u00fc\u00e7\u00fcn hovuz, asud\u0259 vaxt\u0131n t\u0259\u015fkili m\u0259qs\u0259dil\u0259 ana-u\u015faq klubu \u00fc\u00e7\u00fcn zal v\u0259 dig\u0259r otaqlar var.<\/p>\n<p><img src=\"https:\/\/cdn.oxu.az\/uploads\/W1siZiIsIjIwMjEvMTEvMDIvMTMvNTUvMTEvMDg5M2ZjOTAtMzcxOS00YTgyLTkzODItZTg2ZDJlNTliYTA0LzE2MzU3OTI1MTU1MTQwOTI0NjI5XzEwMDB4NjY5LmpwZyJdLFsicCIsImVuY29kZSIsImpwZyIsIi1xdWFsaXR5IDgwIl0sWyJwIiwidGh1bWIiLCI1OTB4NTkwXHUwMDNlIl1d?sha=0879f271028a3b7f\" alt=\"\" \/><\/p>\n<p>Bundan \u0259lav\u0259, yax\u0131n rayonlardan m\u0259rk\u0259zin f\u0259aliyy\u0259tind\u0259n b\u0259hr\u0259l\u0259nm\u0259k ist\u0259y\u0259n risk qruplu ail\u0259l\u0259r \u00fc\u00e7\u00fcn m\u00fcvafiq \u015f\u0259rait yarad\u0131l\u0131b.<\/p>\n<p>Bundan sonra is\u0259 d\u00f6vl\u0259t ba\u015f\u00e7\u0131s\u0131 v\u0259 birinci vitse-prezident \u0130smay\u0131ll\u0131 \u015f\u0259h\u0259r Natiq Behdiyev ad\u0131na 6 sayl\u0131 tam orta m\u0259kt\u0259bin yeni binas\u0131 istifad\u0259y\u0259 verilib.<\/p>\n<p>1984-c\u00fc ild\u0259 in\u015fa olunan bu m\u0259kt\u0259bin binas\u0131 \u00f6t\u0259n m\u00fcdd\u0259td\u0259 he\u00e7 vaxt t\u0259mir olunmad\u0131\u011f\u0131ndan istifad\u0259y\u0259 yarars\u0131z v\u0259ziyy\u0259t\u0259 d\u00fc\u015fm\u00fc\u015fd\u00fc. Ona g\u00f6r\u0259 d\u0259 Heyd\u0259r \u018fliyev Fondunun d\u0259st\u0259yi il\u0259 m\u0259kt\u0259b \u00fc\u00e7\u00fcn yeni binan\u0131n in\u015fas\u0131na ba\u015flan\u0131ld\u0131. 720 \u015fagird yerlik yeni m\u0259kt\u0259b binas\u0131 5 korpusdan ibar\u0259tdir. M\u0259kt\u0259bin n\u0259zdind\u0259, h\u0259m\u00e7inin b\u00fct\u00fcn ya\u015f qruplar\u0131n\u0131n istifad\u0259si \u00fc\u00e7\u00fcn n\u0259z\u0259rd\u0259 tutulan STEAM M\u0259rk\u0259zi f\u0259aliyy\u0259t g\u00f6st\u0259rir.<\/p>\n<p>M\u0259rk\u0259zd\u0259 \u015fagirdl\u0259r\u0259 praktik m\u0259\u015f\u011f\u0259l\u0259l\u0259r vasit\u0259sil\u0259 elmi, texniki bilikl\u0259rin g\u00fcnd\u0259lik h\u0259yatda t\u0259tbiqi n\u00fcmayi\u015f olunacaq.<\/p>\n<p><img src=\"https:\/\/cdn.oxu.az\/uploads\/W1siZiIsIjIwMjEvMTEvMDIvMTMvNTUvMTEvZjZiZWU4Y2EtOTQwNy00MzhkLWI3ZmItM2UwZGQzNjY2Mjk0LzE2MzU3OTI2MTQ0MjEzMTM1NTE2XzEwMDB4NjY5LmpwZyJdLFsicCIsImVuY29kZSIsImpwZyIsIi1xdWFsaXR5IDgwIl0sWyJwIiwidGh1bWIiLCI1OTB4NTkwXHUwMDNlIl1d?sha=2fc172ee9dd74486\" alt=\"\" \/>M\u0259kt\u0259bd\u0259 sinif otaqlar\u0131, fizika, kimya v\u0259 biologiya laboratoriyalar\u0131, informatika, h\u0259rbi t\u0259lim, tibb, \u0259m\u0259k t\u0259limi otaqlar\u0131, kitabxana, idman zallar\u0131, a\u00e7\u0131q idman meydan\u00e7as\u0131 var. Otaqlar z\u0259ruri mebel v\u0259 avadanl\u0131qla, \u0259yani v\u0259saitl\u0259rl\u0259 t\u0259chiz edilib.<\/p>\n","protected":false},"excerpt":{"rendered":"<p>Prezident \u0130lham \u018fliyevin r\u0259hb\u0259rliyi alt\u0131nda regionlar\u0131n inki\u015faf etdirilm\u0259si d\u00f6vl\u0259t siyas\u0259tinin prioritetl\u0259rin\u0259 daxildir. D\u00f6vl\u0259t ba\u015f\u00e7\u0131s\u0131 \u00f6lk\u0259nin b\u00fct\u00fcn regionlar\u0131n\u0131n inki\u015faf\u0131 m\u0259s\u0259l\u0259l\u0259rini \u015f\u0259xsi n\u0259zar\u0259tind\u0259 saxlay\u0131r. Geni\u015f quruculuq v\u0259 b\u0259rpa i\u015fl\u0259rin\u0259 dair ard\u0131c\u0131l tap\u015f\u0131r\u0131qlar verilir, q\u0259rarlar q\u0259bul edilir, Az\u0259rbaycan\u0131n m\u00fcasir simas\u0131n\u0131n formala\u015fd\u0131r\u0131lmas\u0131 istiqam\u0259tind\u0259 \u0259m\u0259li add\u0131mlar at\u0131l\u0131r. Az\u0259rbaycan Prezidentinin t\u0259kc\u0259 i\u015f\u011faldan azad olunmu\u015f \u0259razil\u0259r\u0259 deyil, \u00f6lk\u0259nin dig\u0259r b\u00f6lg\u0259l\u0259rin\u0259 d\u0259 ard\u0131c\u0131l s\u0259f\u0259rl\u0259r etm\u0259si deyil\u0259nl\u0259rin bariz n\u00fcmun\u0259sidir. \u0130lham \u018fliyev noyabr\u0131n 1-d\u0259 \u0130smay\u0131ll\u0131ya s\u0259f\u0259r etdi. \u0130smay\u0131ll\u0131 rayonuna s\u0259f\u0259r m\u0259hsuldarl\u0131\u011f\u0131 il\u0259 diqq\u0259t \u00e7\u0259kirdi. Prezident \u0130lham \u018fliyev v\u0259 Birinci vitse-prezident Mehriban \u018fliyeva Lah\u0131cdak\u0131 B\u0259d\u00f6y\u00fcn m\u0259scidind\u0259 apar\u0131lan b\u0259rpa-t\u0259mir i\u015fl\u0259ri il\u0259 tan\u0131\u015f&hellip;<\/p>\n","protected":false},"author":2,"featured_media":398429,"comment_status":"closed","ping_status":"closed","sticky":false,"template":"","format":"standard","meta":{"om_disable_all_campaigns":false,"_monsterinsights_skip_tracking":false,"_monsterinsights_sitenote_active":false,"_monsterinsights_sitenote_note":"","_monsterinsights_sitenote_category":0},"categories":[4],"tags":[],"aioseo_notices":[],"gutentor_comment":0,"rttpg_featured_image_url":{"full":["https:\/\/arantv.az\/wp-content\/uploads\/2021\/11\/16357922415246016498_1000x669.jpg",620,413,false],"landscape":["https:\/\/arantv.az\/wp-content\/uploads\/2021\/11\/16357922415246016498_1000x669.jpg",620,413,false],"portraits":["https:\/\/arantv.az\/wp-content\/uploads\/2021\/11\/16357922415246016498_1000x669.jpg",620,413,false],"thumbnail":["https:\/\/arantv.az\/wp-content\/uploads\/2021\/11\/16357922415246016498_1000x669-500x280.jpg",500,280,true],"medium":["https:\/\/arantv.az\/wp-content\/uploads\/2021\/11\/16357922415246016498_1000x669-548x365.jpg",548,365,true],"large":["https:\/\/arantv.az\/wp-content\/uploads\/2021\/11\/16357922415246016498_1000x669.jpg",620,413,false],"1536x1536":["https:\/\/arantv.az\/wp-content\/uploads\/2021\/11\/16357922415246016498_1000x669.jpg",620,413,false],"2048x2048":["https:\/\/arantv.az\/wp-content\/uploads\/2021\/11\/16357922415246016498_1000x669.jpg",620,413,false],"post-thumbnail":["https:\/\/arantv.az\/wp-content\/uploads\/2021\/11\/16357922415246016498_1000x669-240x172.jpg",240,172,true],"advps-thumb-one":["https:\/\/arantv.az\/wp-content\/uploads\/2021\/11\/16357922415246016498_1000x669.jpg",620,413,false]},"rttpg_author":{"display_name":"V\u00fcsal Rafiqo\u011flu","author_link":"https:\/\/arantv.az\/?author=2"},"rttpg_comment":0,"rttpg_category":"<a href=\"https:\/\/arantv.az\/?cat=4\" rel=\"category\">Siyas\u0259t<\/a>","rttpg_excerpt":"Prezident \u0130lham \u018fliyevin r\u0259hb\u0259rliyi alt\u0131nda regionlar\u0131n inki\u015faf etdirilm\u0259si d\u00f6vl\u0259t siyas\u0259tinin prioritetl\u0259rin\u0259 daxildir. D\u00f6vl\u0259t ba\u015f\u00e7\u0131s\u0131 \u00f6lk\u0259nin b\u00fct\u00fcn regionlar\u0131n\u0131n inki\u015faf\u0131 m\u0259s\u0259l\u0259l\u0259rini \u015f\u0259xsi n\u0259zar\u0259tind\u0259 saxlay\u0131r. Geni\u015f quruculuq v\u0259 b\u0259rpa i\u015fl\u0259rin\u0259 dair ard\u0131c\u0131l tap\u015f\u0131r\u0131qlar verilir, q\u0259rarlar q\u0259bul edilir, Az\u0259rbaycan\u0131n m\u00fcasir simas\u0131n\u0131n formala\u015fd\u0131r\u0131lmas\u0131 istiqam\u0259tind\u0259 \u0259m\u0259li add\u0131mlar at\u0131l\u0131r. Az\u0259rbaycan Prezidentinin t\u0259kc\u0259 i\u015f\u011faldan azad olunmu\u015f \u0259razil\u0259r\u0259 deyil, \u00f6lk\u0259nin dig\u0259r b\u00f6lg\u0259l\u0259rin\u0259 d\u0259 ard\u0131c\u0131l&hellip;","_links":{"self":[{"href":"https:\/\/arantv.az\/index.php?rest_route=\/wp\/v2\/posts\/398428"}],"collection":[{"href":"https:\/\/arantv.az\/index.php?rest_route=\/wp\/v2\/posts"}],"about":[{"href":"https:\/\/arantv.az\/index.php?rest_route=\/wp\/v2\/types\/post"}],"author":[{"embeddable":true,"href":"https:\/\/arantv.az\/index.php?rest_route=\/wp\/v2\/users\/2"}],"replies":[{"embeddable":true,"href":"https:\/\/arantv.az\/index.php?rest_route=%2Fwp%2Fv2%2Fcomments&post=398428"}],"version-history":[{"count":0,"href":"https:\/\/arantv.az\/index.php?rest_route=\/wp\/v2\/posts\/398428\/revisions"}],"wp:featuredmedia":[{"embeddable":true,"href":"https:\/\/arantv.az\/index.php?rest_route=\/wp\/v2\/media\/398429"}],"wp:attachment":[{"href":"https:\/\/arantv.az\/index.php?rest_route=%2Fwp%2Fv2%2Fmedia&parent=398428"}],"wp:term":[{"taxonomy":"category","embeddable":true,"href":"https:\/\/arantv.az\/index.php?rest_route=%2Fwp%2Fv2%2Fcategories&post=398428"},{"taxonomy":"post_tag","embeddable":true,"href":"https:\/\/arantv.az\/index.php?rest_route=%2Fwp%2Fv2%2Ftags&post=398428"}],"curies":[{"name":"wp","href":"https:\/\/api.w.org\/{rel}","templated":true}]}}