{"id":39843,"date":"2019-02-19T14:23:51","date_gmt":"2019-02-19T11:23:51","guid":{"rendered":"http:\/\/arantv.az\/?p=39843"},"modified":"2019-02-19T14:23:51","modified_gmt":"2019-02-19T11:23:51","slug":"prezident-s%c9%99firi-geri-cagirdi","status":"publish","type":"post","link":"https:\/\/arantv.az\/?p=39843","title":{"rendered":"Prezident s\u0259firi geri \u00e7a\u011f\u0131rd\u0131"},"content":{"rendered":"<div class=\"spot\">Prezident \u0130lham \u018fliyev fevral\u0131n 19-da F\u0259rid \u015e\u0259fiyevin Beyn\u0259lxalq M\u00fcnasib\u0259tl\u0259rin T\u0259hlili M\u0259rk\u0259zinin \u0130dar\u0259 Hey\u0259tinin s\u0259dri t\u0259yin edilm\u0259si haqq\u0131nda s\u0259r\u0259ncam imzalay\u0131b.<\/div>\n<p><strong>ARANTV.AZ<\/strong>-\u0131n m\u0259lumat\u0131na g\u00f6r\u0259, s\u0259r\u0259ncamla F\u0259rid Rauf o\u011flu \u015e\u0259fiyev Beyn\u0259lxalq M\u00fcnasib\u0259tl\u0259rin T\u0259hlili M\u0259rk\u0259zinin \u0130dar\u0259 Hey\u0259tinin s\u0259dri t\u0259yin edilib.<\/p>\n<p>S\u0259r\u0259ncam imzaland\u0131\u011f\u0131 g\u00fcnd\u0259n q\u00fcvv\u0259y\u0259 minir.<\/p>\n<div id=\"AdributorNativeVideo0\" class=\"AdributorNativeVideo\"><\/div>\n<p>D\u00f6vl\u0259t ba\u015f\u00e7\u0131s\u0131n\u0131n dig\u0259r s\u0259r\u0259ncam\u0131 il\u0259 F\u0259rid Rauf o\u011flu \u015e\u0259fiyev Az\u0259rbaycan Respublikas\u0131n\u0131n \u00c7ex Respublikas\u0131nda f\u00f6vq\u0259lad\u0259 v\u0259 s\u0259lahiyy\u0259tli s\u0259firi v\u0259zif\u0259sind\u0259n geri \u00e7a\u011f\u0131r\u0131l\u0131b.<\/p>\n<p><em>\u00d6lk\u0259.Az<\/em><\/p>\n","protected":false},"excerpt":{"rendered":"<p>Prezident \u0130lham \u018fliyev fevral\u0131n 19-da F\u0259rid \u015e\u0259fiyevin Beyn\u0259lxalq M\u00fcnasib\u0259tl\u0259rin T\u0259hlili M\u0259rk\u0259zinin \u0130dar\u0259 Hey\u0259tinin s\u0259dri t\u0259yin edilm\u0259si haqq\u0131nda s\u0259r\u0259ncam imzalay\u0131b. ARANTV.AZ-\u0131n m\u0259lumat\u0131na g\u00f6r\u0259, s\u0259r\u0259ncamla F\u0259rid Rauf o\u011flu \u015e\u0259fiyev Beyn\u0259lxalq M\u00fcnasib\u0259tl\u0259rin T\u0259hlili M\u0259rk\u0259zinin \u0130dar\u0259 Hey\u0259tinin s\u0259dri t\u0259yin edilib. S\u0259r\u0259ncam imzaland\u0131\u011f\u0131 g\u00fcnd\u0259n q\u00fcvv\u0259y\u0259 minir. D\u00f6vl\u0259t ba\u015f\u00e7\u0131s\u0131n\u0131n dig\u0259r s\u0259r\u0259ncam\u0131 il\u0259 F\u0259rid Rauf o\u011flu \u015e\u0259fiyev Az\u0259rbaycan Respublikas\u0131n\u0131n \u00c7ex Respublikas\u0131nda f\u00f6vq\u0259lad\u0259 v\u0259 s\u0259lahiyy\u0259tli s\u0259firi v\u0259zif\u0259sind\u0259n geri \u00e7a\u011f\u0131r\u0131l\u0131b. \u00d6lk\u0259.Az<\/p>\n","protected":false},"author":2,"featured_media":39844,"comment_status":"closed","ping_status":"closed","sticky":false,"template":"","format":"standard","meta":{"om_disable_all_campaigns":false,"_monsterinsights_skip_tracking":false,"_monsterinsights_sitenote_active":false,"_monsterinsights_sitenote_note":"","_monsterinsights_sitenote_category":0},"categories":[8],"tags":[],"aioseo_notices":[],"gutentor_comment":0,"rttpg_featured_image_url":{"full":["https:\/\/arantv.az\/wp-content\/uploads\/2019\/02\/prezidentyazir-1.jpg",620,375,false],"landscape":["https:\/\/arantv.az\/wp-content\/uploads\/2019\/02\/prezidentyazir-1.jpg",620,375,false],"portraits":["https:\/\/arantv.az\/wp-content\/uploads\/2019\/02\/prezidentyazir-1.jpg",620,375,false],"thumbnail":["https:\/\/arantv.az\/wp-content\/uploads\/2019\/02\/prezidentyazir-1-150x150.jpg",150,150,true],"medium":["https:\/\/arantv.az\/wp-content\/uploads\/2019\/02\/prezidentyazir-1-300x181.jpg",300,181,true],"large":["https:\/\/arantv.az\/wp-content\/uploads\/2019\/02\/prezidentyazir-1.jpg",620,375,false],"1536x1536":["https:\/\/arantv.az\/wp-content\/uploads\/2019\/02\/prezidentyazir-1.jpg",620,375,false],"2048x2048":["https:\/\/arantv.az\/wp-content\/uploads\/2019\/02\/prezidentyazir-1.jpg",620,375,false],"post-thumbnail":["https:\/\/arantv.az\/wp-content\/uploads\/2019\/02\/prezidentyazir-1-240x172.jpg",240,172,true],"advps-thumb-one":["https:\/\/arantv.az\/wp-content\/uploads\/2019\/02\/prezidentyazir-1.jpg",620,375,false]},"rttpg_author":{"display_name":"V\u00fcsal Rafiqo\u011flu","author_link":"https:\/\/arantv.az\/?author=2"},"rttpg_comment":0,"rttpg_category":"<a href=\"https:\/\/arantv.az\/?cat=8\" rel=\"category\">\u018fsas s\u0259hif\u0259<\/a>","rttpg_excerpt":"Prezident \u0130lham \u018fliyev fevral\u0131n 19-da F\u0259rid \u015e\u0259fiyevin Beyn\u0259lxalq M\u00fcnasib\u0259tl\u0259rin T\u0259hlili M\u0259rk\u0259zinin \u0130dar\u0259 Hey\u0259tinin s\u0259dri t\u0259yin edilm\u0259si haqq\u0131nda s\u0259r\u0259ncam imzalay\u0131b. ARANTV.AZ-\u0131n m\u0259lumat\u0131na g\u00f6r\u0259, s\u0259r\u0259ncamla F\u0259rid Rauf o\u011flu \u015e\u0259fiyev Beyn\u0259lxalq M\u00fcnasib\u0259tl\u0259rin T\u0259hlili M\u0259rk\u0259zinin \u0130dar\u0259 Hey\u0259tinin s\u0259dri t\u0259yin edilib. S\u0259r\u0259ncam imzaland\u0131\u011f\u0131 g\u00fcnd\u0259n q\u00fcvv\u0259y\u0259 minir. D\u00f6vl\u0259t ba\u015f\u00e7\u0131s\u0131n\u0131n dig\u0259r s\u0259r\u0259ncam\u0131 il\u0259 F\u0259rid Rauf o\u011flu \u015e\u0259fiyev Az\u0259rbaycan Respublikas\u0131n\u0131n \u00c7ex Respublikas\u0131nda f\u00f6vq\u0259lad\u0259&hellip;","_links":{"self":[{"href":"https:\/\/arantv.az\/index.php?rest_route=\/wp\/v2\/posts\/39843"}],"collection":[{"href":"https:\/\/arantv.az\/index.php?rest_route=\/wp\/v2\/posts"}],"about":[{"href":"https:\/\/arantv.az\/index.php?rest_route=\/wp\/v2\/types\/post"}],"author":[{"embeddable":true,"href":"https:\/\/arantv.az\/index.php?rest_route=\/wp\/v2\/users\/2"}],"replies":[{"embeddable":true,"href":"https:\/\/arantv.az\/index.php?rest_route=%2Fwp%2Fv2%2Fcomments&post=39843"}],"version-history":[{"count":0,"href":"https:\/\/arantv.az\/index.php?rest_route=\/wp\/v2\/posts\/39843\/revisions"}],"wp:featuredmedia":[{"embeddable":true,"href":"https:\/\/arantv.az\/index.php?rest_route=\/wp\/v2\/media\/39844"}],"wp:attachment":[{"href":"https:\/\/arantv.az\/index.php?rest_route=%2Fwp%2Fv2%2Fmedia&parent=39843"}],"wp:term":[{"taxonomy":"category","embeddable":true,"href":"https:\/\/arantv.az\/index.php?rest_route=%2Fwp%2Fv2%2Fcategories&post=39843"},{"taxonomy":"post_tag","embeddable":true,"href":"https:\/\/arantv.az\/index.php?rest_route=%2Fwp%2Fv2%2Ftags&post=39843"}],"curies":[{"name":"wp","href":"https:\/\/api.w.org\/{rel}","templated":true}]}}