{"id":398431,"date":"2021-11-02T13:19:02","date_gmt":"2021-11-02T10:19:02","guid":{"rendered":"http:\/\/arantv.az\/?p=398431"},"modified":"2021-11-02T13:19:02","modified_gmt":"2021-11-02T10:19:02","slug":"v%c9%99t%c9%99n-muharib%c9%99sinin-hec-yerd%c9%99-gorm%c9%99diyiniz-kadrlari-video","status":"publish","type":"post","link":"https:\/\/arantv.az\/?p=398431","title":{"rendered":"V\u0259t\u0259n m\u00fcharib\u0259sinin he\u00e7 yerd\u0259 g\u00f6rm\u0259diyiniz kadrlar\u0131 &#8211; V\u0130DEO"},"content":{"rendered":"<article class=\"news\">\n<div class=\"news-inner\">\n<p>Az\u0259rbaycan Ordusunun 44 g\u00fcnl\u00fck V\u0259t\u0259n m\u00fcharib\u0259sind\u0259 \u0259ld\u0259 etdiyi q\u0259l\u0259b\u0259 H\u0259rbi Hava Q\u00fcvv\u0259l\u0259rin\u0259 m\u0259xsus helikopterl\u0259rin d\u0259 b\u00f6y\u00fck pay\u0131 olub.<\/p>\n<div id=\"AdviadNativeVideo0\" class=\"AdviadNativeVideo\"><\/div>\n<p>\u0130TV\u00a0helikopterl\u0259rimizin d\u00f6y\u00fc\u015f vaxt\u0131 b\u00f6y\u00fck \u00e7\u0259tinlikl\u0259r\u0259 r\u0259\u011fm\u0259n d\u00fc\u015fm\u0259nin texnikalar\u0131n\u0131\u00a0s\u0131radan \u00e7\u0131xard\u0131\u011f\u0131 g\u00f6r\u00fcnt\u00fcl\u0259ri yay\u0131mlay\u0131b.<\/p>\n<p>Bel\u0259 ki, m\u00fcharib\u0259 vaxt\u0131 lent\u0259 al\u0131nan v\u0259 he\u00e7 yerd\u0259 yay\u0131mlanmayan g\u00f6r\u00fcnt\u00fcl\u0259ri t\u0259qdim edirik:<\/p>\n<div><iframe loading=\"lazy\" src=\"https:\/\/player.baku.tv\/embed\/45970\" width=\"560\" height=\"315\" frameborder=\"0\" allowfullscreen=\"allowfullscreen\" data-mce-fragment=\"1\"><\/iframe><\/div>\n<\/div>\n<\/article>\n<h2 class=\"news-share-title\"><\/h2>\n","protected":false},"excerpt":{"rendered":"<p>Az\u0259rbaycan Ordusunun 44 g\u00fcnl\u00fck V\u0259t\u0259n m\u00fcharib\u0259sind\u0259 \u0259ld\u0259 etdiyi q\u0259l\u0259b\u0259 H\u0259rbi Hava Q\u00fcvv\u0259l\u0259rin\u0259 m\u0259xsus helikopterl\u0259rin d\u0259 b\u00f6y\u00fck pay\u0131 olub. \u0130TV\u00a0helikopterl\u0259rimizin d\u00f6y\u00fc\u015f vaxt\u0131 b\u00f6y\u00fck \u00e7\u0259tinlikl\u0259r\u0259 r\u0259\u011fm\u0259n d\u00fc\u015fm\u0259nin texnikalar\u0131n\u0131\u00a0s\u0131radan \u00e7\u0131xard\u0131\u011f\u0131 g\u00f6r\u00fcnt\u00fcl\u0259ri yay\u0131mlay\u0131b. Bel\u0259 ki, m\u00fcharib\u0259 vaxt\u0131 lent\u0259 al\u0131nan v\u0259 he\u00e7 yerd\u0259 yay\u0131mlanmayan g\u00f6r\u00fcnt\u00fcl\u0259ri t\u0259qdim edirik:<\/p>\n","protected":false},"author":2,"featured_media":398432,"comment_status":"closed","ping_status":"closed","sticky":false,"template":"","format":"standard","meta":{"om_disable_all_campaigns":false,"_monsterinsights_skip_tracking":false,"_monsterinsights_sitenote_active":false,"_monsterinsights_sitenote_note":"","_monsterinsights_sitenote_category":0},"categories":[10],"tags":[],"aioseo_notices":[],"gutentor_comment":0,"rttpg_featured_image_url":{"full":["https:\/\/arantv.az\/wp-content\/uploads\/2021\/11\/FotoJet-2021-11-02T131107.654.jpg",620,413,false],"landscape":["https:\/\/arantv.az\/wp-content\/uploads\/2021\/11\/FotoJet-2021-11-02T131107.654.jpg",620,413,false],"portraits":["https:\/\/arantv.az\/wp-content\/uploads\/2021\/11\/FotoJet-2021-11-02T131107.654.jpg",620,413,false],"thumbnail":["https:\/\/arantv.az\/wp-content\/uploads\/2021\/11\/FotoJet-2021-11-02T131107.654-500x280.jpg",500,280,true],"medium":["https:\/\/arantv.az\/wp-content\/uploads\/2021\/11\/FotoJet-2021-11-02T131107.654-548x365.jpg",548,365,true],"large":["https:\/\/arantv.az\/wp-content\/uploads\/2021\/11\/FotoJet-2021-11-02T131107.654.jpg",620,413,false],"1536x1536":["https:\/\/arantv.az\/wp-content\/uploads\/2021\/11\/FotoJet-2021-11-02T131107.654.jpg",620,413,false],"2048x2048":["https:\/\/arantv.az\/wp-content\/uploads\/2021\/11\/FotoJet-2021-11-02T131107.654.jpg",620,413,false],"post-thumbnail":["https:\/\/arantv.az\/wp-content\/uploads\/2021\/11\/FotoJet-2021-11-02T131107.654-240x172.jpg",240,172,true],"advps-thumb-one":["https:\/\/arantv.az\/wp-content\/uploads\/2021\/11\/FotoJet-2021-11-02T131107.654.jpg",620,413,false]},"rttpg_author":{"display_name":"V\u00fcsal Rafiqo\u011flu","author_link":"https:\/\/arantv.az\/?author=2"},"rttpg_comment":0,"rttpg_category":"<a href=\"https:\/\/arantv.az\/?cat=10\" rel=\"category\">C\u0259bh\u0259d\u0259n X\u0259b\u0259r<\/a>","rttpg_excerpt":"Az\u0259rbaycan Ordusunun 44 g\u00fcnl\u00fck V\u0259t\u0259n m\u00fcharib\u0259sind\u0259 \u0259ld\u0259 etdiyi q\u0259l\u0259b\u0259 H\u0259rbi Hava Q\u00fcvv\u0259l\u0259rin\u0259 m\u0259xsus helikopterl\u0259rin d\u0259 b\u00f6y\u00fck pay\u0131 olub. \u0130TV\u00a0helikopterl\u0259rimizin d\u00f6y\u00fc\u015f vaxt\u0131 b\u00f6y\u00fck \u00e7\u0259tinlikl\u0259r\u0259 r\u0259\u011fm\u0259n d\u00fc\u015fm\u0259nin texnikalar\u0131n\u0131\u00a0s\u0131radan \u00e7\u0131xard\u0131\u011f\u0131 g\u00f6r\u00fcnt\u00fcl\u0259ri yay\u0131mlay\u0131b. Bel\u0259 ki, m\u00fcharib\u0259 vaxt\u0131 lent\u0259 al\u0131nan v\u0259 he\u00e7 yerd\u0259 yay\u0131mlanmayan g\u00f6r\u00fcnt\u00fcl\u0259ri t\u0259qdim edirik:","_links":{"self":[{"href":"https:\/\/arantv.az\/index.php?rest_route=\/wp\/v2\/posts\/398431"}],"collection":[{"href":"https:\/\/arantv.az\/index.php?rest_route=\/wp\/v2\/posts"}],"about":[{"href":"https:\/\/arantv.az\/index.php?rest_route=\/wp\/v2\/types\/post"}],"author":[{"embeddable":true,"href":"https:\/\/arantv.az\/index.php?rest_route=\/wp\/v2\/users\/2"}],"replies":[{"embeddable":true,"href":"https:\/\/arantv.az\/index.php?rest_route=%2Fwp%2Fv2%2Fcomments&post=398431"}],"version-history":[{"count":0,"href":"https:\/\/arantv.az\/index.php?rest_route=\/wp\/v2\/posts\/398431\/revisions"}],"wp:featuredmedia":[{"embeddable":true,"href":"https:\/\/arantv.az\/index.php?rest_route=\/wp\/v2\/media\/398432"}],"wp:attachment":[{"href":"https:\/\/arantv.az\/index.php?rest_route=%2Fwp%2Fv2%2Fmedia&parent=398431"}],"wp:term":[{"taxonomy":"category","embeddable":true,"href":"https:\/\/arantv.az\/index.php?rest_route=%2Fwp%2Fv2%2Fcategories&post=398431"},{"taxonomy":"post_tag","embeddable":true,"href":"https:\/\/arantv.az\/index.php?rest_route=%2Fwp%2Fv2%2Ftags&post=398431"}],"curies":[{"name":"wp","href":"https:\/\/api.w.org\/{rel}","templated":true}]}}