{"id":398442,"date":"2021-11-02T13:53:00","date_gmt":"2021-11-02T10:53:00","guid":{"rendered":"http:\/\/arantv.az\/?p=398442"},"modified":"2021-11-02T13:53:00","modified_gmt":"2021-11-02T10:53:00","slug":"qarabag-muharib%c9%99sind%c9%99-haci-ramazan-huseynovun-ozun%c9%99m%c9%99xsus-xidm%c9%99tl%c9%99ri-var","status":"publish","type":"post","link":"https:\/\/arantv.az\/?p=398442","title":{"rendered":"Qaraba\u011f m\u00fcharib\u0259sind\u0259 Hac\u0131 Ramazan H\u00fcseynovun \u00f6z\u00fcn\u0259m\u0259xsus xidm\u0259tl\u0259ri var"},"content":{"rendered":"<p>B\u0259rd\u0259 M\u0259scidinin axundu, Qafqaz M\u00fcs\u0259lmanlar\u0131 \u0130dar\u0259sinin Qaraba\u011f \u00fczr\u0259 qazisi Hac\u0131\u00a0Ramazan H\u00fcseynovdur.<\/p>\n<p>Ramazan H\u00fcseynov \u00e7\u0131x\u0131\u015flar\u0131 zaman\u0131 d\u00f6vl\u0259timizin din\u0259 g\u00f6st\u0259rdiyi qay\u011f\u0131dan, xalq\u0131m\u0131za xas olan tolerantl\u0131q \u0259n\u0259n\u0259l\u0259rind\u0259n, Az\u0259rbaycan\u0131n d\u00fcnyaya n\u00fcmun\u0259 olmas\u0131ndan b\u0259hs ed\u0259r.Unutmaq olmaz ki, ulu\u00a0\u00f6nd\u0259r Heyd\u0259r\u00a0\u018fliyevin\u00a0vaxtil\u0259\u00a0dini abid\u0259l\u0259r\u0259\u00a0verdiyi d\u0259y\u0259ri,\u00a0hal-haz\u0131rda\u00a0Prezident\u00a0\u0130lham\u00a0\u018fliyev\u00a0u\u011furla\u00a0davam etdirir. Bu g\u00fcn\u00a0Az\u0259rbaycan\u00a0\u0259razisind\u0259\u00a0f\u0259aliyy\u0259t g\u00f6st\u0259r\u0259n\u00a0m\u0259scidl\u0259rd\u0259, ziyar\u0259tgahlarda, kils\u0259l\u0259rd\u0259, sinaqoq v\u0259\u00a0m\u0259b\u0259dl\u0259rd\u0259\u00a0tarixi-elmi t\u0259dqiqat i\u015fl\u0259ri\u00a0apar\u0131l\u0131r, tarixi\u00a0abid\u0259l\u0259rin h\u0259r biri\u00a0diqq\u0259tl\u0259\u00a0\u00f6yr\u0259nilir,\u00a0Az\u0259rbaycan tarixi\u00a0\u00fc\u00e7\u00fcn faydal\u0131\u00a0m\u0259qamlar\u00a0\u00fcz\u0259\u00a0\u00e7\u0131xar\u0131l\u0131r,\u00a0ehtiyac olduqda m\u00fc\u0259yy\u0259n b\u0259rpa i\u015fl\u0259ri\u00a0d\u0259\u00a0h\u0259yata ke\u00e7irilir. Ba\u015fl\u0131ca m\u0259qs\u0259d,\u00a0milli-dini d\u0259y\u0259rl\u0259rimizin qorunub saxlanmas\u0131d\u0131r\u00a0v\u0259\u00a0onlar\u0131n g\u0259l\u0259c\u0259k n\u0259sill\u0259r\u0259\u00a0\u00f6t\u00fcr\u00fclm\u0259sidir.<\/p>\n<p><img loading=\"lazy\" class=\"alignnone size-full wp-image-398454\" src=\"https:\/\/arantv.az\/wp-content\/uploads\/2021\/11\/90091_res_01-1.jpg\" alt=\"\" width=\"300\" height=\"168\" \/><\/p>\n<p>3000 ild\u0259n\u00a0\u00e7ox ya\u015f\u0131\u00a0olan\u00a0B\u0259rd\u0259\u00a0\u015f\u0259h\u0259ri\u00a0t\u0259kc\u0259\u00a0Az\u0259rbaycan\u0131n deyil, b\u00fct\u00f6vl\u00fckd\u0259\u00a0Yax\u0131n\u00a0\u015e\u0259rqin\u00a0\u0259n q\u0259dim ya\u015fay\u0131\u015f\u00a0m\u0259sk\u0259nl\u0259rind\u0259n v\u0259\u00a0m\u0259d\u0259niyy\u0259t m\u0259rk\u0259zl\u0259rind\u0259n biridir. Bu\u00a0\u015f\u0259h\u0259rin\u00a0\u0259razisind\u0259\u00a0tarixi abid\u0259l\u0259r indiy\u0259 kimi\u00a0qorunub saxlanmaqdad\u0131r.\u00a0Hal-haz\u0131rda \u0130mamzad\u0259\u00a0kompleksi turizm bax\u0131m\u0131ndan\u00a0 b\u00f6y\u00fck\u00a0\u0259h\u0259miyy\u0259t da\u015f\u0131y\u0131r v\u0259 bu\u00a0abid\u0259\u00a0yerli v\u0259\u00a0xarici turistl\u0259r t\u0259r\u0259find\u0259n\u00a0\u0259n\u00a0\u00e7ox ziyar\u0259t olunan m\u0259kanlardan biri hesab olunur.<\/p>\n<p>Dini d\u0259y\u0259rl\u0259rimizin t\u0259bli\u011find\u0259, \u0259halinin maarifl\u0259ndirilm\u0259sind\u0259 din xadimi Hac\u0131 Ramazan H\u00fcseynovun \u00f6z\u00fcn\u0259m\u0259xsus xidm\u0259tl\u0259ri var. Hac\u0131n\u0131n dediyin\u0259 g\u00f6r\u0259I Qaraba\u011f m\u00fcharib\u0259sind\u0259 \u00a0A\u011fdam, Goranboy v\u0259 T\u0259rt\u0259rd\u0259n \u00fcmumilikd\u0259 4800 \u015f\u0259hid q\u0259bul edib. Onlar\u0131n h\u0259r birinin qeydiyyat\u0131n\u0131 da apar\u0131b<em>. O ill\u0259rd\u0259 <\/em>torpaqlar\u0131m\u0131z\u0131n b\u00fct\u00f6vl\u00fcy\u00fc u\u011frunda can\u0131ndan ke\u00e7\u0259n 130 \u015f\u0259hidin \u00a0\u015f\u0259kill\u0259rini indi d\u0259 \u00f6z\u00fcnd\u0259 saxlay\u0131r. El\u0259 ki, \u015f\u0259hidl\u0259rin yax\u0131nlar\u0131 onlar\u0131n axtar\u0131\u015f\u0131na \u00e7\u0131x\u0131r, o halda h\u0259r bir \u015f\u0259hidin yax\u0131n\u0131na laz\u0131mi k\u00f6m\u0259kliyi g\u00f6st\u0259rir,diqq\u0259t v\u0259 qay\u011f\u0131s\u0131n\u0131 \u0259sirg\u0259mir.<\/p>\n<p><img loading=\"lazy\" class=\"alignnone size-medium wp-image-398465\" src=\"https:\/\/arantv.az\/wp-content\/uploads\/2021\/11\/20200929_155009-488x365.jpg\" alt=\"\" width=\"488\" height=\"365\" \/><\/p>\n<p>2-ci Qaraba\u011f m\u00fcharib\u0259sinin davam etdiyi g\u00fcnl\u0259rd\u0259 B\u0259rd\u0259 \u015f\u0259h\u0259ri bir n\u00f6v d\u00f6y\u00fc\u015f meydan\u0131na \u00e7evrilmi\u015fdir. Torpaqlar\u0131m\u0131z\u0131n b\u00fct\u00f6vl\u00fcy\u00fc u\u011frunda can\u0131ndan ke\u00e7\u0259n \u015f\u0259hidl\u0259rd\u0259n 486 n\u0259f\u0259ri\u00a0 B\u0259rd\u0259 MRX-n\u0131n Patoloji Anatomiya rayonlararas\u0131 zona m\u0259rk\u0259zind\u0259 yuyulub v\u0259 dini qaydalara uy\u011funolaraq \u015f\u0259hid c\u0259naz\u0259l\u0259ri haz\u0131rlan\u0131b. H\u0259min \u015f\u0259hidl\u0259rd\u0259n 66 n\u0259f\u0259ri\u00a0B\u0259rd\u0259 M\u0259scidinin axundu\u00a0Ramazan H\u00fcseynovun i\u015ftirak\u0131 il\u0259 B\u0259rd\u0259d\u0259 torpa\u011fa tap\u015f\u0131r\u0131l\u0131b. Dig\u0259r \u015f\u0259hidl\u0259r is\u0259, ba\u015fqa \u015f\u0259h\u0259r v\u0259 rayonlara apar\u0131l\u0131b.<\/p>\n<p><img loading=\"lazy\" class=\"alignnone size-medium wp-image-398443\" src=\"https:\/\/arantv.az\/wp-content\/uploads\/2021\/11\/DSC_0018-548x365.jpg\" alt=\"\" width=\"548\" height=\"365\" \/><\/p>\n<p>B\u0259rd\u0259d\u0259 d\u0259fn olunan 66 h\u0259rbi\u00e7i \u015f\u0259hid, 28 m\u00fclki \u015f\u0259hidin \u00a0h\u00fczr m\u0259rasiml\u0259riHac\u0131 Ramazan H\u00fcseynovun i\u015ftirak\u0131 il\u0259 h\u0259yata ke\u00e7irilib. S\u00f6zs\u00fcz ki, b\u00fct\u00fcn bunlar yuxusuz gec\u0259l\u0259rin, m\u00fc\u0259yy\u0259n stresl\u0259rin, olmaz\u0131n z\u0259hm\u0259tin qar\u015f\u0131l\u0131\u011f\u0131nda yerin\u0259 yetirilir. Bu g\u00fcn d\u0259 m\u00fcq\u0259dd\u0259s v\u0259zif\u0259 davam etdirilir.Hac\u0131 \u00a0Ramazan H\u00fcseynov B\u0259rd\u0259 \u015f\u0259h\u0259ri \u0259razisind\u0259ki b\u00fct\u00fcn \u015f\u0259hidl\u0259rin h\u00fczr m\u0259rasiml\u0259rini apar\u0131b onlar\u0131n ruhuna dualar oxuyur v\u0259 xatir\u0259l\u0259rini bir daha yada sal\u0131r.<\/p>\n<p>Axund arxa c\u0259bh\u0259nin y\u00fck\u00fcn \u00e7iyinl\u0259rind\u0259 da\u015f\u0131maqla , f\u0259dakarl\u0131q v\u0259b\u00f6y\u00fck z\u0259hm\u0259tl\u0259r hesab\u0131na xalq\u0131m\u0131z qar\u015f\u0131s\u0131nda n\u00fcmun\u0259viliyi il\u0259 yadda qal\u0131b.B\u0259rd\u0259lil\u0259r indi Hac\u0131 Ramazan\u0131n xidm\u0259tl\u0259rini y\u00fcks\u0259k qiym\u0259tl\u0259ndirir. Bu g\u00fcn d\u0259\u00a0B\u0259rd\u0259 M\u0259scidinin axundu\u00a0\u015f\u0259hidl\u0259rin ild\u00f6n\u00fcm, adg\u00fcnl\u0259rind\u0259 i\u015ftirak edir v\u0259 \u015f\u0259hidl\u0259rin m\u00fcq\u0259dd\u0259s ruhuna dualar oxuyur.<\/p>\n<p><em>Haz\u0131rlad\u0131: V\u00fcsal BAYRAMOV<\/em><\/p>\n","protected":false},"excerpt":{"rendered":"<p>B\u0259rd\u0259 M\u0259scidinin axundu, Qafqaz M\u00fcs\u0259lmanlar\u0131 \u0130dar\u0259sinin Qaraba\u011f \u00fczr\u0259 qazisi Hac\u0131\u00a0Ramazan H\u00fcseynovdur. Ramazan H\u00fcseynov \u00e7\u0131x\u0131\u015flar\u0131 zaman\u0131 d\u00f6vl\u0259timizin din\u0259 g\u00f6st\u0259rdiyi qay\u011f\u0131dan, xalq\u0131m\u0131za xas olan tolerantl\u0131q \u0259n\u0259n\u0259l\u0259rind\u0259n, Az\u0259rbaycan\u0131n d\u00fcnyaya n\u00fcmun\u0259 olmas\u0131ndan b\u0259hs ed\u0259r.Unutmaq olmaz ki, ulu\u00a0\u00f6nd\u0259r Heyd\u0259r\u00a0\u018fliyevin\u00a0vaxtil\u0259\u00a0dini abid\u0259l\u0259r\u0259\u00a0verdiyi d\u0259y\u0259ri,\u00a0hal-haz\u0131rda\u00a0Prezident\u00a0\u0130lham\u00a0\u018fliyev\u00a0u\u011furla\u00a0davam etdirir. Bu g\u00fcn\u00a0Az\u0259rbaycan\u00a0\u0259razisind\u0259\u00a0f\u0259aliyy\u0259t g\u00f6st\u0259r\u0259n\u00a0m\u0259scidl\u0259rd\u0259, ziyar\u0259tgahlarda, kils\u0259l\u0259rd\u0259, sinaqoq v\u0259\u00a0m\u0259b\u0259dl\u0259rd\u0259\u00a0tarixi-elmi t\u0259dqiqat i\u015fl\u0259ri\u00a0apar\u0131l\u0131r, tarixi\u00a0abid\u0259l\u0259rin h\u0259r biri\u00a0diqq\u0259tl\u0259\u00a0\u00f6yr\u0259nilir,\u00a0Az\u0259rbaycan tarixi\u00a0\u00fc\u00e7\u00fcn faydal\u0131\u00a0m\u0259qamlar\u00a0\u00fcz\u0259\u00a0\u00e7\u0131xar\u0131l\u0131r,\u00a0ehtiyac olduqda m\u00fc\u0259yy\u0259n b\u0259rpa i\u015fl\u0259ri\u00a0d\u0259\u00a0h\u0259yata ke\u00e7irilir. Ba\u015fl\u0131ca m\u0259qs\u0259d,\u00a0milli-dini d\u0259y\u0259rl\u0259rimizin qorunub saxlanmas\u0131d\u0131r\u00a0v\u0259\u00a0onlar\u0131n g\u0259l\u0259c\u0259k n\u0259sill\u0259r\u0259\u00a0\u00f6t\u00fcr\u00fclm\u0259sidir. 3000 ild\u0259n\u00a0\u00e7ox ya\u015f\u0131\u00a0olan\u00a0B\u0259rd\u0259\u00a0\u015f\u0259h\u0259ri\u00a0t\u0259kc\u0259\u00a0Az\u0259rbaycan\u0131n deyil, b\u00fct\u00f6vl\u00fckd\u0259\u00a0Yax\u0131n\u00a0\u015e\u0259rqin\u00a0\u0259n q\u0259dim ya\u015fay\u0131\u015f\u00a0m\u0259sk\u0259nl\u0259rind\u0259n v\u0259\u00a0m\u0259d\u0259niyy\u0259t m\u0259rk\u0259zl\u0259rind\u0259n biridir. Bu\u00a0\u015f\u0259h\u0259rin\u00a0\u0259razisind\u0259\u00a0tarixi abid\u0259l\u0259r indiy\u0259 kimi\u00a0qorunub saxlanmaqdad\u0131r.\u00a0Hal-haz\u0131rda \u0130mamzad\u0259\u00a0kompleksi turizm bax\u0131m\u0131ndan\u00a0 b\u00f6y\u00fck\u00a0\u0259h\u0259miyy\u0259t da\u015f\u0131y\u0131r v\u0259 bu\u00a0abid\u0259\u00a0yerli v\u0259\u00a0xarici turistl\u0259r t\u0259r\u0259find\u0259n\u00a0\u0259n\u00a0\u00e7ox ziyar\u0259t olunan&hellip;<\/p>\n","protected":false},"author":2,"featured_media":398452,"comment_status":"closed","ping_status":"closed","sticky":false,"template":"","format":"standard","meta":{"om_disable_all_campaigns":false,"_monsterinsights_skip_tracking":false,"_monsterinsights_sitenote_active":false,"_monsterinsights_sitenote_note":"","_monsterinsights_sitenote_category":0},"categories":[19],"tags":[],"aioseo_notices":[],"gutentor_comment":0,"rttpg_featured_image_url":{"full":["https:\/\/arantv.az\/wp-content\/uploads\/2021\/11\/6a8876c4-520b-47a9-97a3-a419818ef75f.jpg",922,1045,false],"landscape":["https:\/\/arantv.az\/wp-content\/uploads\/2021\/11\/6a8876c4-520b-47a9-97a3-a419818ef75f.jpg",922,1045,false],"portraits":["https:\/\/arantv.az\/wp-content\/uploads\/2021\/11\/6a8876c4-520b-47a9-97a3-a419818ef75f.jpg",922,1045,false],"thumbnail":["https:\/\/arantv.az\/wp-content\/uploads\/2021\/11\/6a8876c4-520b-47a9-97a3-a419818ef75f-500x280.jpg",500,280,true],"medium":["https:\/\/arantv.az\/wp-content\/uploads\/2021\/11\/6a8876c4-520b-47a9-97a3-a419818ef75f-322x365.jpg",322,365,true],"large":["https:\/\/arantv.az\/wp-content\/uploads\/2021\/11\/6a8876c4-520b-47a9-97a3-a419818ef75f-741x840.jpg",640,726,true],"1536x1536":["https:\/\/arantv.az\/wp-content\/uploads\/2021\/11\/6a8876c4-520b-47a9-97a3-a419818ef75f.jpg",922,1045,false],"2048x2048":["https:\/\/arantv.az\/wp-content\/uploads\/2021\/11\/6a8876c4-520b-47a9-97a3-a419818ef75f.jpg",922,1045,false],"post-thumbnail":["https:\/\/arantv.az\/wp-content\/uploads\/2021\/11\/6a8876c4-520b-47a9-97a3-a419818ef75f-240x172.jpg",240,172,true],"advps-thumb-one":["https:\/\/arantv.az\/wp-content\/uploads\/2021\/11\/6a8876c4-520b-47a9-97a3-a419818ef75f-922x620.jpg",922,620,true]},"rttpg_author":{"display_name":"V\u00fcsal Rafiqo\u011flu","author_link":"https:\/\/arantv.az\/?author=2"},"rttpg_comment":0,"rttpg_category":"<a href=\"https:\/\/arantv.az\/?cat=19\" rel=\"category\">G\u00fcnd\u0259m<\/a>","rttpg_excerpt":"B\u0259rd\u0259 M\u0259scidinin axundu, Qafqaz M\u00fcs\u0259lmanlar\u0131 \u0130dar\u0259sinin Qaraba\u011f \u00fczr\u0259 qazisi Hac\u0131\u00a0Ramazan H\u00fcseynovdur. Ramazan H\u00fcseynov \u00e7\u0131x\u0131\u015flar\u0131 zaman\u0131 d\u00f6vl\u0259timizin din\u0259 g\u00f6st\u0259rdiyi qay\u011f\u0131dan, xalq\u0131m\u0131za xas olan tolerantl\u0131q \u0259n\u0259n\u0259l\u0259rind\u0259n, Az\u0259rbaycan\u0131n d\u00fcnyaya n\u00fcmun\u0259 olmas\u0131ndan b\u0259hs ed\u0259r.Unutmaq olmaz ki, ulu\u00a0\u00f6nd\u0259r Heyd\u0259r\u00a0\u018fliyevin\u00a0vaxtil\u0259\u00a0dini abid\u0259l\u0259r\u0259\u00a0verdiyi d\u0259y\u0259ri,\u00a0hal-haz\u0131rda\u00a0Prezident\u00a0\u0130lham\u00a0\u018fliyev\u00a0u\u011furla\u00a0davam etdirir. Bu g\u00fcn\u00a0Az\u0259rbaycan\u00a0\u0259razisind\u0259\u00a0f\u0259aliyy\u0259t g\u00f6st\u0259r\u0259n\u00a0m\u0259scidl\u0259rd\u0259, ziyar\u0259tgahlarda, kils\u0259l\u0259rd\u0259, sinaqoq v\u0259\u00a0m\u0259b\u0259dl\u0259rd\u0259\u00a0tarixi-elmi t\u0259dqiqat i\u015fl\u0259ri\u00a0apar\u0131l\u0131r, tarixi\u00a0abid\u0259l\u0259rin h\u0259r biri\u00a0diqq\u0259tl\u0259\u00a0\u00f6yr\u0259nilir,\u00a0Az\u0259rbaycan tarixi\u00a0\u00fc\u00e7\u00fcn faydal\u0131\u00a0m\u0259qamlar\u00a0\u00fcz\u0259\u00a0\u00e7\u0131xar\u0131l\u0131r,\u00a0ehtiyac olduqda m\u00fc\u0259yy\u0259n b\u0259rpa i\u015fl\u0259ri\u00a0d\u0259\u00a0h\u0259yata&hellip;","_links":{"self":[{"href":"https:\/\/arantv.az\/index.php?rest_route=\/wp\/v2\/posts\/398442"}],"collection":[{"href":"https:\/\/arantv.az\/index.php?rest_route=\/wp\/v2\/posts"}],"about":[{"href":"https:\/\/arantv.az\/index.php?rest_route=\/wp\/v2\/types\/post"}],"author":[{"embeddable":true,"href":"https:\/\/arantv.az\/index.php?rest_route=\/wp\/v2\/users\/2"}],"replies":[{"embeddable":true,"href":"https:\/\/arantv.az\/index.php?rest_route=%2Fwp%2Fv2%2Fcomments&post=398442"}],"version-history":[{"count":0,"href":"https:\/\/arantv.az\/index.php?rest_route=\/wp\/v2\/posts\/398442\/revisions"}],"wp:featuredmedia":[{"embeddable":true,"href":"https:\/\/arantv.az\/index.php?rest_route=\/wp\/v2\/media\/398452"}],"wp:attachment":[{"href":"https:\/\/arantv.az\/index.php?rest_route=%2Fwp%2Fv2%2Fmedia&parent=398442"}],"wp:term":[{"taxonomy":"category","embeddable":true,"href":"https:\/\/arantv.az\/index.php?rest_route=%2Fwp%2Fv2%2Fcategories&post=398442"},{"taxonomy":"post_tag","embeddable":true,"href":"https:\/\/arantv.az\/index.php?rest_route=%2Fwp%2Fv2%2Ftags&post=398442"}],"curies":[{"name":"wp","href":"https:\/\/api.w.org\/{rel}","templated":true}]}}