{"id":398453,"date":"2021-11-02T13:40:21","date_gmt":"2021-11-02T10:40:21","guid":{"rendered":"http:\/\/arantv.az\/?p=398453"},"modified":"2021-11-02T13:40:21","modified_gmt":"2021-11-02T10:40:21","slug":"duz%c9%99lm%c9%99y%c9%99n-bukulu-bel-erm%c9%99nistan-terrorcu-v%c9%99-qatill%c9%99rin-umidin%c9%99-qalib","status":"publish","type":"post","link":"https:\/\/arantv.az\/?p=398453","title":{"rendered":"D\u00fcz\u0259lm\u0259y\u0259n b\u00fck\u00fcl\u00fc bel &#8211; Erm\u0259nistan terror\u00e7u v\u0259 qatill\u0259rin \u00fcmidin\u0259 qal\u0131b"},"content":{"rendered":"<p>Az\u0259rbaycan torpaqlar\u0131n\u0131n i\u015f\u011faldan t\u0259mizl\u0259nm\u0259sinin birinci ild\u00f6n\u00fcm\u00fcn\u00fc qeyd ed\u0259c\u0259k. Z\u0259f\u0259r g\u00fcn\u00fc bir tarix\u0259 d\u00f6n\u00fcb. Bu, Az\u0259rbaycan\u0131n azadl\u0131\u011f\u0131, m\u00fcst\u0259qilliyi, suverenliyi v\u0259 \u0259razi b\u00fct\u00f6vl\u00fcy\u00fc u\u011frunda m\u00fcbariz\u0259nin g\u00f6st\u0259ricisidir. \u00d6z torpaqlar\u0131n\u0131 i\u015f\u011faldan t\u0259mizl\u0259y\u0259n Az\u0259rbaycanda ruh y\u00fcks\u0259kliyi ya\u015fan\u0131r. \u0130\u015f\u011fal\u00e7\u0131 Erm\u0259nistanda is\u0259 el\u0259 davran\u0131rlar ki, el\u0259 bil h\u0259min \u0259razil\u0259r onlara m\u0259xsus olub. \u0130ndi d\u0259 erm\u0259nil\u0259r onun sars\u0131nt\u0131lar\u0131n\u0131, depressiyas\u0131n\u0131 ya\u015fay\u0131r. \u00d6lk\u0259d\u0259 k\u00fctl\u0259vi psixoloji kompleks ya\u015fan\u0131r.<\/p>\n<p>Erm\u0259nistan hakimiyy\u0259ti, erm\u0259ni diasporu v\u0259 lobbisi uzun ill\u0259rdir saxta ideya il\u0259 bu etnik qrupu formala\u015fd\u0131r\u0131b, qon\u015fular d\u00fc\u015fm\u0259n kimi t\u0259qdim edilibl\u0259r. B\u00fct\u00fcn ba\u015f ver\u0259nl\u0259r\u0259 baxmayaraq, erm\u0259ni saxtakarl\u0131\u011f\u0131 davam edir. Bu g\u00fcnl\u0259rd\u0259 m\u0259tbuatda 2022-ci ilin mart\u0131nda Xank\u0259ndind\u0259 \u201cerm\u0259ni abid\u0259l\u0259rinin\u201d Az\u0259rbaycan t\u0259r\u0259find\u0259n \u201calbanla\u015fd\u0131r\u0131lmas\u0131na\u201d qar\u015f\u0131 \u201cbeyn\u0259lxalq konfrans\u201d\u0131n ke\u00e7irilm\u0259si planla\u015fd\u0131r\u0131l\u0131b. \u0130caz\u0259si olmadan Az\u0259rbaycan \u0259razisind\u0259 bel\u0259 t\u0259dbirin ke\u00e7irilm\u0259sini hans\u0131 d\u00f6vl\u0259t t\u0259\u015fkil ed\u0259c\u0259k? Bel\u0259 bir t\u0259dbirin, \u201cbeyn\u0259lxalq konfrans\u0131n\u201d Az\u0259rbaycan \u0259razisind\u0259 ke\u00e7irilm\u0259si beyn\u0259lxalq h\u00fcquqa v\u0259 normalara ziddir. Bu bax\u0131mdan h\u0259min t\u0259dbird\u0259 i\u015ftirak ed\u0259nl\u0259r Az\u0259rbaycan\u0131n d\u00f6vl\u0259t s\u0259rh\u0259dini pozmu\u015f say\u0131lacaqlar v\u0259 s. Erm\u0259ni d\u00fc\u015f\u00fcn\u0259nl\u0259ri bu saxta iddia v\u0259 qanunazidd t\u0259dbiri ke\u00e7irm\u0259y\u0259 c\u0259hdl\u0259 psixoz v\u0259ziyy\u0259td\u0259 olan erm\u0259ni ictimaiyy\u0259tini a\u011f\u0131r m\u0259n\u0259vi sars\u0131nt\u0131dan xilas etm\u0259y\u0259 s\u0259y g\u00f6st\u0259rirl\u0259r. Ancaq bu zaman yen\u0259 onlara yalan t\u0259bli\u011f edilir. Dem\u0259li, ba\u015f ver\u0259nl\u0259r saxtakarl\u0131qdan \u0259l \u00e7\u0259km\u0259k \u00fc\u00e7\u00fcn bu etnosa h\u0259l\u0259 d\u0259 t\u0259sir etm\u0259yib.<\/p>\n<p>Qeyd ed\u0259k ki, alban memarl\u0131\u011f\u0131nn n\u00fcmun\u0259l\u0259ri Az\u0259rbaycan Respublikas\u0131, \u0130ran, indiki Erm\u0259nistan v\u0259 Da\u011f\u0131stan \u0259razil\u0259rind\u0259 a\u015fkarlanaraq t\u0259dqiq edilib. H\u0259min abid\u0259l\u0259rd\u0259n d\u00f6vr\u00fcm\u00fcz\u0259 \u00e7atan \u0259n maraql\u0131 n\u00fcmun\u0259l\u0259r m\u00fcdafi\u0259 tipli qalalar, istehkamlar v\u0259 dini xarakterli tikilil\u0259r olan kils\u0259l\u0259r, monast\u0131rlard\u0131r. T\u00fcrk tayfalar\u0131n\u0131n alban d\u00f6vl\u0259tinin idar\u0259 edilm\u0259si, onun m\u0259d\u0259niyy\u0259ti v\u0259 memarl\u0131\u011f\u0131n\u0131n inki\u015faf\u0131nda dan\u0131lmaz rolu olub. Bu bax\u0131mdan tarix\u00e7il\u0259r alban memarl\u0131\u011f\u0131ndan dan\u0131\u015fark\u0259n \u201cAlban-t\u00fcrk memarl\u0131\u011f\u0131\u201d ifad\u0259sini i\u015fl\u0259dirl\u0259r. He\u00e7 kim\u0259 sirr deyil ki, o d\u00f6vr\u00fcn Albaniyas\u0131ndak\u0131 tayfalar\u0131n bir qismi xristianl\u0131\u011f\u0131 q\u0259bul ed\u0259r\u0259k xristianla\u015fm\u0131\u015f, bir hiss\u0259si is\u0259 sonradan \u0130slam\u0131 q\u0259bul etmi\u015fdi. Alban m\u0259d\u0259ni irsin\u0259 m\u0259xsus m\u00fcdafi\u0259 tikilil\u0259rind\u0259n \u00f6z m\u00f6ht\u0259\u015f\u0259mliyi il\u0259 bu g\u00fcn d\u0259 se\u00e7il\u0259n D\u0259rb\u0259nd qalas\u0131, Cavan\u015fir qalas\u0131, \u00c7\u0131raqqala v\u0259 ba\u015fqalar\u0131n\u0131 g\u00f6st\u0259rm\u0259k m\u00fcmk\u00fcnd\u00fcr.<\/p>\n<p><img src=\"https:\/\/ikisahil.az\/upload\/\/2021\/11\/02\/\/-080c993f163584781274734122510426581.jpg\" alt=\"\" \/><\/p>\n<p>Az\u0259rbaycanda Qafqaz Albaniyas\u0131 d\u00f6vr\u00fc abid\u0259l\u0259rinin \u0259ks\u0259riyy\u0259ti \u00f6z ilkin formas\u0131n\u0131 qoruyaraq d\u00f6vr\u00fcm\u00fcz\u0259 \u00e7atm\u0131\u015fd\u0131r. Bu abid\u0259l\u0259r i\u00e7\u0259risind\u0259 K\u0259lb\u0259c\u0259r rayonundak\u0131 Xudav\u0259ng m\u0259b\u0259d kompleksi (XIII \u0259sr), La\u00e7\u0131n rayonunun Kosalar k\u0259ndind\u0259ki A\u011fo\u011flan m\u0259b\u0259di (IX \u0259sr), Xocav\u0259nd rayonunun Sos k\u0259ndind\u0259ki Amaras monastr\u0131 (IV \u0259sr) v\u0259 ke\u00e7mi\u015f A\u011fd\u0259r\u0259 rayonundak\u0131 M\u00fcq\u0259dd\u0259s Yelisey m\u0259b\u0259di (IV \u0259sr), V\u0259ng k\u0259ndind\u0259ki Qandzasar m\u0259b\u0259di (XIV \u0259sr), Q\u0259rbi Az\u0259rbaycan (indiki Erm\u0259nistan Respublikas\u0131) \u0259razisind\u0259ki Haqapat m\u0259b\u0259di, Qo\u015fav\u0259ng m\u0259b\u0259di, A\u011ftala m\u0259b\u0259di, Tatev m\u0259b\u0259di, Uzunlar m\u0259b\u0259di, Yeniv\u0259ng m\u0259b\u0259di, S\u0259nain m\u0259b\u0259di alban memarl\u0131\u011f\u0131n\u0131n d\u00f6vr\u00fcm\u00fcz\u0259 q\u0259d\u0259r \u00e7atm\u0131\u015f \u0259n g\u00f6z\u0259l n\u00fcmun\u0259l\u0259ridir. Sirr deyil ki, bu istiqam\u0259td\u0259 \u00e7ox ciddi v\u0259 t\u0259kzibedilm\u0259z tarixi faktlar var. Odur ki, erm\u0259nil\u0259rin v\u0259 havadarlar\u0131n\u0131n Xank\u0259ndind\u0259 ke\u00e7irm\u0259yi planla\u015fd\u0131rd\u0131qlar\u0131 \u201cbeyn\u0259lxalq konfrans\u201d saxtakarl\u0131\u011fa, yalana xidm\u0259t ed\u0259c\u0259k. Bu t\u0259dbir d\u00f6y\u00fc\u015fl\u0259ri uduzan erm\u0259ni etnosunun ovqat\u0131n\u0131n y\u00fcks\u0259lm\u0259sin\u0259 \u00e7\u0259tin m\u00fcsb\u0259t t\u0259sir ed\u0259. \u00c7\u00fcnki beyn\u0259lxalq ictimaiyy\u0259t v\u0259 erm\u0259ni c\u0259miyy\u0259ti bu sayaq yalanlardan art\u0131q doyub.<\/p>\n<p>Bu arada b\u0259dbin v\u0259ziyy\u0259t\u0259 d\u00fc\u015f\u0259n erm\u0259ni c\u0259miyy\u0259tini dir\u00e7\u0259ltm\u0259k \u00fc\u00e7\u00fcn istifad\u0259 edil\u0259n ba\u015fqa bir t\u0259dbirin bu il dekabr\u0131n 11-d\u0259 AB\u015e-da ke\u00e7irilm\u0259si n\u0259z\u0259rd\u0259 tutulub. \u0130lk d\u0259f\u0259 ke\u00e7iril\u0259c\u0259k bu \u201cerm\u0259ni festival\u0131nda\u201d \u201cQaraba\u011f m\u0259hsullar\u0131\u201d n\u00fcmayi\u015f etdiril\u0259c\u0259k. \u201cFestivalda&#8221; Erm\u0259nistan m\u0259d\u0259niyy\u0259ti v\u0259 m\u0259hsullar\u0131n\u0131n, Qaraba\u011fdan olan \u201cerm\u0259ni m\u0259hsullar\u0131n\u0131n\u201d t\u0259qdimat\u0131 planla\u015fd\u0131r\u0131l\u0131b. Erm\u0259nil\u0259r psixoloji sars\u0131nt\u0131dan v\u0259 psixoz v\u0259ziyy\u0259td\u0259n saxtakarl\u0131q \u00fcz\u0259rind\u0259 qurulan t\u0259bli\u011fatla yana\u015f\u0131, cinay\u0259tkar\u0131 da alq\u0131\u015flamaq, qonaq etm\u0259kl\u0259 \u00e7\u0131xma\u011fa \u00e7al\u0131\u015f\u0131rlar.<\/p>\n<p>\u00d6t\u0259n h\u0259ft\u0259nin sonunda T\u00fcrkiy\u0259nin Los-Ancelesd\u0259ki ba\u015f konsulu Kamal Ar\u0131kan\u0131 q\u0259tl\u0259 yetir\u0259n ASALA erm\u0259ni terror qrupla\u015fmas\u0131n\u0131n \u00fczv\u00fc\u00a0<strong>Xambik Sasunyan<\/strong>\u00a0Erm\u0259nistana gedib.<\/p>\n<p><img src=\"https:\/\/ikisahil.az\/upload\/\/2021\/11\/02\/\/-8fe6833d163584776922124192610094154.jpg\" alt=\"\" \/><\/p>\n<p>Xat\u0131rladaq ki, T\u00fcrkiy\u0259nin Los-Ancelesd\u0259ki ba\u015f konsulu\u00a0<strong>Kamal Ar\u0131kan\u0131\u00a0<\/strong>q\u0259tl\u0259 yetirdiyin\u0259 g\u00f6r\u0259 \u00f6m\u00fcrl\u00fck h\u0259bs c\u0259zas\u0131na m\u0259hkum edilmi\u015f erm\u0259ni Xambik Sasunyan azadl\u0131\u011fa 2019-cu ilin dekabr\u0131nda Kaliforniya \u015ftat\u0131 M\u0259hk\u0259m\u0259sinin q\u0259rar\u0131 il\u0259 azadl\u0131\u011fa burax\u0131l\u0131b. O,1982-ci il yanvar\u0131n 28-d\u0259 s\u0259h\u0259r saatlar\u0131nda t\u0259r\u0259fke\u015fi il\u0259 birlikd\u0259 avtomobili i\u015f\u0131qforda dayanan T\u00fcrkiy\u0259nin ba\u015f konsulu Kamal Ar\u0131kana odlu silahdan at\u0259\u015f a\u00e7araq q\u0259tl\u0259 yetirib. AB\u015e-\u0131n o vaxtk\u0131 Prezidenti Ronald Reyqan hadis\u0259ni terror akt\u0131 adland\u0131raraq q\u0259tli m\u00fchakim\u0259 edib. Erm\u0259ni terror\u00e7u \u00f6m\u00fcrl\u00fck azadl\u0131qdan m\u0259hrum olunmu\u015fdu. 2006 v\u0259 2010-cu ill\u0259rd\u0259 AB\u015e m\u0259hk\u0259m\u0259si Xambik Sasunyan\u0131n \u0259fv edilm\u0259si il\u0259 ba\u011fl\u0131 m\u00fcraci\u0259ti t\u0259min etm\u0259yib. 2016-c\u0131 ild\u0259 Kaliforniyan\u0131n \u018ffv Komissiyas\u0131 onu \u0259fv ets\u0259 d\u0259, \u015ftat\u0131n qubernatoru Cerri Braun Xambik Sasunyan\u0131n c\u0259miyy\u0259t \u00fc\u00e7\u00fcn t\u0259hl\u00fck\u0259li olaca\u011f\u0131n\u0131 \u0259sas g\u00f6st\u0259r\u0259r\u0259k q\u0259rara veto qoymu\u015fdu.<\/p>\n<p><img src=\"https:\/\/ikisahil.az\/upload\/\/2020\/10\/13\/\/-82ca5dd1160259088546756522610845719.jpg\" alt=\"\" \/><\/p>\n<p><strong>T\u00fcrkiy\u0259nin xarici i\u015fl\u0259r naziri M\u00f6vlud \u00c7avu\u015fo\u011flu<\/strong>\u00a0bu ilin aprelind\u0259 Xambik Sasunyan\u0131n azadl\u0131\u011fa burax\u0131lmas\u0131 il\u0259 ba\u011fl\u0131 bunlar\u0131 bildirmi\u015fdi: \u201cBiz\u0259 tarix d\u0259rsi verm\u0259y\u0259 \u00e7al\u0131\u015fanlar\u0131n ASALA terroruna g\u00f6z yummalar\u0131 tamamil\u0259 iki\u00fczl\u00fcl\u00fckd\u00fcr\u201d. Erm\u0259ni terror\u00e7unun v\u0259kili onun azadl\u0131\u011fa burax\u0131lmas\u0131 bar\u0259d\u0259 v\u0259sat\u0259t verib. Kaliforniya \u015ftat\u0131n\u0131n M\u0259hk\u0259m\u0259si v\u0259sat\u0259ti t\u0259min edib. T\u00fcrkiy\u0259nin ba\u015f konsulunun qatili \u015f\u0259rti c\u0259za il\u0259 azadl\u0131\u011fa burax\u0131l\u0131b. M\u00fcharib\u0259d\u0259n sonra beyn\u0259lxalq caninin \u0130r\u0259vana g\u0259tirilm\u0259si v\u0259 onun erm\u0259ni ictimaiyy\u0259tin\u0259 t\u0259qdim edilm\u0259si Erm\u0259nistanda bu t\u0259bli\u011fat\u0131 aparanlar\u0131n terror\u00e7u mahiyy\u0259tind\u0259n ir\u0259li g\u0259lir. T\u0259\u0259ss\u00fcf ki, Az\u0259rbaycanda terror\u00e7u axtaranlar T\u00fcrkiy\u0259 diplomat\u0131n\u0131n qatilinin \u0259l-qolunu sallayaraq Erm\u0259nistana s\u0259f\u0259r etm\u0259sin\u0259 g\u00f6z yumurlar&#8230;<\/p>\n<p>Bel\u0259likl\u0259, ba\u015f ver\u0259nl\u0259rd\u0259n d\u0259rs almaq, n\u0259tic\u0259 \u00e7\u0131xarmaq b\u00f6y\u00fckl\u0259r\u0259 aid x\u00fcsusiyy\u0259tdir. C\u0131l\u0131zlar is\u0259 b\u00fct\u00fcn hallarda c\u0131\u011fall\u0131q, saxtakarl\u0131q edir, \u00f6zl\u0259rini b\u00f6y\u00fck g\u00f6st\u0259rm\u0259y\u0259 \u00e7al\u0131\u015f\u0131rlar.<\/p>\n<p><strong>S\u0259dr\u0259ddin \u0130smay\u0131lov<\/strong><\/p>\n","protected":false},"excerpt":{"rendered":"<p>Az\u0259rbaycan torpaqlar\u0131n\u0131n i\u015f\u011faldan t\u0259mizl\u0259nm\u0259sinin birinci ild\u00f6n\u00fcm\u00fcn\u00fc qeyd ed\u0259c\u0259k. Z\u0259f\u0259r g\u00fcn\u00fc bir tarix\u0259 d\u00f6n\u00fcb. Bu, Az\u0259rbaycan\u0131n azadl\u0131\u011f\u0131, m\u00fcst\u0259qilliyi, suverenliyi v\u0259 \u0259razi b\u00fct\u00f6vl\u00fcy\u00fc u\u011frunda m\u00fcbariz\u0259nin g\u00f6st\u0259ricisidir. \u00d6z torpaqlar\u0131n\u0131 i\u015f\u011faldan t\u0259mizl\u0259y\u0259n Az\u0259rbaycanda ruh y\u00fcks\u0259kliyi ya\u015fan\u0131r. \u0130\u015f\u011fal\u00e7\u0131 Erm\u0259nistanda is\u0259 el\u0259 davran\u0131rlar ki, el\u0259 bil h\u0259min \u0259razil\u0259r onlara m\u0259xsus olub. \u0130ndi d\u0259 erm\u0259nil\u0259r onun sars\u0131nt\u0131lar\u0131n\u0131, depressiyas\u0131n\u0131 ya\u015fay\u0131r. \u00d6lk\u0259d\u0259 k\u00fctl\u0259vi psixoloji kompleks ya\u015fan\u0131r. Erm\u0259nistan hakimiyy\u0259ti, erm\u0259ni diasporu v\u0259 lobbisi uzun ill\u0259rdir saxta ideya il\u0259 bu etnik qrupu formala\u015fd\u0131r\u0131b, qon\u015fular d\u00fc\u015fm\u0259n kimi t\u0259qdim edilibl\u0259r. B\u00fct\u00fcn ba\u015f ver\u0259nl\u0259r\u0259 baxmayaraq, erm\u0259ni saxtakarl\u0131\u011f\u0131 davam edir. Bu g\u00fcnl\u0259rd\u0259 m\u0259tbuatda 2022-ci ilin&hellip;<\/p>\n","protected":false},"author":2,"featured_media":398455,"comment_status":"closed","ping_status":"closed","sticky":false,"template":"","format":"standard","meta":{"om_disable_all_campaigns":false,"_monsterinsights_skip_tracking":false,"_monsterinsights_sitenote_active":false,"_monsterinsights_sitenote_note":"","_monsterinsights_sitenote_category":0},"categories":[19],"tags":[],"aioseo_notices":[],"gutentor_comment":0,"rttpg_featured_image_url":{"full":["https:\/\/arantv.az\/wp-content\/uploads\/2021\/11\/08425b88163584709276299447910504083.jpg",975,540,false],"landscape":["https:\/\/arantv.az\/wp-content\/uploads\/2021\/11\/08425b88163584709276299447910504083.jpg",975,540,false],"portraits":["https:\/\/arantv.az\/wp-content\/uploads\/2021\/11\/08425b88163584709276299447910504083.jpg",975,540,false],"thumbnail":["https:\/\/arantv.az\/wp-content\/uploads\/2021\/11\/08425b88163584709276299447910504083-500x280.jpg",500,280,true],"medium":["https:\/\/arantv.az\/wp-content\/uploads\/2021\/11\/08425b88163584709276299447910504083-660x365.jpg",660,365,true],"large":["https:\/\/arantv.az\/wp-content\/uploads\/2021\/11\/08425b88163584709276299447910504083-840x465.jpg",640,354,true],"1536x1536":["https:\/\/arantv.az\/wp-content\/uploads\/2021\/11\/08425b88163584709276299447910504083.jpg",975,540,false],"2048x2048":["https:\/\/arantv.az\/wp-content\/uploads\/2021\/11\/08425b88163584709276299447910504083.jpg",975,540,false],"post-thumbnail":["https:\/\/arantv.az\/wp-content\/uploads\/2021\/11\/08425b88163584709276299447910504083-240x172.jpg",240,172,true],"advps-thumb-one":["https:\/\/arantv.az\/wp-content\/uploads\/2021\/11\/08425b88163584709276299447910504083.jpg",975,540,false]},"rttpg_author":{"display_name":"V\u00fcsal Rafiqo\u011flu","author_link":"https:\/\/arantv.az\/?author=2"},"rttpg_comment":0,"rttpg_category":"<a href=\"https:\/\/arantv.az\/?cat=19\" rel=\"category\">G\u00fcnd\u0259m<\/a>","rttpg_excerpt":"Az\u0259rbaycan torpaqlar\u0131n\u0131n i\u015f\u011faldan t\u0259mizl\u0259nm\u0259sinin birinci ild\u00f6n\u00fcm\u00fcn\u00fc qeyd ed\u0259c\u0259k. Z\u0259f\u0259r g\u00fcn\u00fc bir tarix\u0259 d\u00f6n\u00fcb. Bu, Az\u0259rbaycan\u0131n azadl\u0131\u011f\u0131, m\u00fcst\u0259qilliyi, suverenliyi v\u0259 \u0259razi b\u00fct\u00f6vl\u00fcy\u00fc u\u011frunda m\u00fcbariz\u0259nin g\u00f6st\u0259ricisidir. \u00d6z torpaqlar\u0131n\u0131 i\u015f\u011faldan t\u0259mizl\u0259y\u0259n Az\u0259rbaycanda ruh y\u00fcks\u0259kliyi ya\u015fan\u0131r. \u0130\u015f\u011fal\u00e7\u0131 Erm\u0259nistanda is\u0259 el\u0259 davran\u0131rlar ki, el\u0259 bil h\u0259min \u0259razil\u0259r onlara m\u0259xsus olub. \u0130ndi d\u0259 erm\u0259nil\u0259r onun sars\u0131nt\u0131lar\u0131n\u0131, depressiyas\u0131n\u0131 ya\u015fay\u0131r. \u00d6lk\u0259d\u0259 k\u00fctl\u0259vi psixoloji&hellip;","_links":{"self":[{"href":"https:\/\/arantv.az\/index.php?rest_route=\/wp\/v2\/posts\/398453"}],"collection":[{"href":"https:\/\/arantv.az\/index.php?rest_route=\/wp\/v2\/posts"}],"about":[{"href":"https:\/\/arantv.az\/index.php?rest_route=\/wp\/v2\/types\/post"}],"author":[{"embeddable":true,"href":"https:\/\/arantv.az\/index.php?rest_route=\/wp\/v2\/users\/2"}],"replies":[{"embeddable":true,"href":"https:\/\/arantv.az\/index.php?rest_route=%2Fwp%2Fv2%2Fcomments&post=398453"}],"version-history":[{"count":0,"href":"https:\/\/arantv.az\/index.php?rest_route=\/wp\/v2\/posts\/398453\/revisions"}],"wp:featuredmedia":[{"embeddable":true,"href":"https:\/\/arantv.az\/index.php?rest_route=\/wp\/v2\/media\/398455"}],"wp:attachment":[{"href":"https:\/\/arantv.az\/index.php?rest_route=%2Fwp%2Fv2%2Fmedia&parent=398453"}],"wp:term":[{"taxonomy":"category","embeddable":true,"href":"https:\/\/arantv.az\/index.php?rest_route=%2Fwp%2Fv2%2Fcategories&post=398453"},{"taxonomy":"post_tag","embeddable":true,"href":"https:\/\/arantv.az\/index.php?rest_route=%2Fwp%2Fv2%2Ftags&post=398453"}],"curies":[{"name":"wp","href":"https:\/\/api.w.org\/{rel}","templated":true}]}}