{"id":398458,"date":"2021-11-02T13:41:11","date_gmt":"2021-11-02T10:41:11","guid":{"rendered":"http:\/\/arantv.az\/?p=398458"},"modified":"2021-11-02T13:41:11","modified_gmt":"2021-11-02T10:41:11","slug":"mtrs-s%c9%99dri-televiziyalari-t%c9%99nqid-edib-azyaslilarin-kimliyinin-efird%c9%99-aciq-s%c9%99kild%c9%99-yayilmasi-yanlisdir","status":"publish","type":"post","link":"https:\/\/arantv.az\/?p=398458","title":{"rendered":"MTR\u015e s\u0259dri televiziyalar\u0131 t\u0259nqid edib: \u201cAzya\u015fl\u0131lar\u0131n kimliyinin efird\u0259 a\u00e7\u0131q \u015f\u0259kild\u0259 yay\u0131lmas\u0131 yanl\u0131\u015fd\u0131r\u201d"},"content":{"rendered":"<p>Bu g\u00fcn\u00a0Milli Televiziya v\u0259 Radio \u015euras\u0131nda \u00fcmum\u00f6lk\u0259 televiziya kanallar\u0131n\u0131n proqram direktorlar\u0131 v\u0259 x\u0259b\u0259r departamentl\u0259rinin r\u0259hb\u0259rl\u0259ri il\u0259 g\u00f6r\u00fc\u015f ke\u00e7irilib.<\/p>\n<p>\u015euradan veril\u0259n m\u0259lumata g\u00f6r\u0259, g\u00f6r\u00fc\u015fd\u0259 son g\u00fcnl\u0259r cinsi t\u0259cav\u00fcz\u0259 m\u0259ruz qalm\u0131\u015f, d\u00fcnyaya u\u015faq g\u0259tirmi\u015f 11 ya\u015fl\u0131 q\u0131zla ba\u011fl\u0131 bir s\u0131ra televiziya kanallar\u0131nda yay\u0131lan x\u0259b\u0259rl\u0259rd\u0259 \u015f\u0259xsi toxunulmazl\u0131q m\u0259s\u0259l\u0259l\u0259rin\u0259 \u0259m\u0259l olunmamas\u0131ndan, bel\u0259 hallar\u0131n efir m\u0259kan\u0131nda geni\u015f m\u00fczakir\u0259y\u0259 s\u0259b\u0259b olmas\u0131n\u0131n m\u0259nfi t\u0259sirl\u0259rind\u0259n dan\u0131\u015f\u0131l\u0131b.<\/p>\n<div id=\"AdviadNativeVideo0\" class=\"AdviadNativeVideo\"><\/div>\n<p>\u015eura s\u0259dri \u0130sm\u0259t S\u0259ttarov bildirib ki, m\u00fcxt\u0259lif cinay\u0259t \u0259m\u0259ll\u0259ri il\u0259 ba\u011fl\u0131 azya\u015fl\u0131lar\u0131n kimliyinin efird\u0259 a\u00e7\u0131q \u015f\u0259kild\u0259 yay\u0131lmas\u0131 yanl\u0131\u015fd\u0131r. Az\u0259rbaycan v\u0259 \u00fcmum\u0259n dig\u0259r \u00f6lk\u0259l\u0259rd\u0259 jurnalistl\u0259rin pe\u015f\u0259 etikas\u0131 kodeksind\u0259 bu m\u0259s\u0259l\u0259 a\u00e7\u0131q \u015f\u0259kild\u0259 \u0259ksini tap\u0131b ki, u\u015faqlar cinsi istismara m\u0259ruz qal\u0131bsa, yaxud cinay\u0259t t\u00f6r\u0259dibs\u0259, efird\u0259 onlar\u0131n anonimliyi qorunmal\u0131, proqramlarda hadis\u0259l\u0259r t\u0259qdim olunduqda \u015f\u0259xsi toxunulmazl\u0131q il\u0259 ba\u011fl\u0131 t\u0259l\u0259bl\u0259r\u0259 \u0259m\u0259l olunmal\u0131d\u0131r \u2013 \u00fcz g\u00f6st\u0259rilm\u0259m\u0259li, ad v\u0259 soyad d\u0259yi\u015fdirilm\u0259li, z\u0259r\u0259r\u00e7\u0259k\u0259nin tan\u0131nmas\u0131 v\u0259 bununlada \u0259lav\u0259 psixoloji t\u0259zyiq\u0259 m\u0259ruz qalmamas\u0131 \u00fc\u00e7\u00fcn laz\u0131mi t\u0259dbirl\u0259r g\u00f6r\u00fclm\u0259lidir. Ba\u015f vermi\u015f hadis\u0259nin \u00fcmumi v\u0259 ya birt\u0259r\u0259fli \u015f\u0259rh olunmas\u0131, z\u0259r\u0259r\u00e7\u0259kmi\u015f u\u015faqlardan m\u00fcsahib\u0259 al\u0131nmas\u0131, subyektiv fikir y\u00fcr\u00fcd\u00fclm\u0259si, hadis\u0259 \u0259traf\u0131nda sosial \u015f\u0259b\u0259k\u0259l\u0259rd\u0259 ged\u0259n m\u00fczakir\u0259l\u0259rin \u00fcmum\u00f6lk\u0259 efirin\u0259 da\u015f\u0131nmas\u0131 yolverilm\u0259zdir.<\/p>\n<p>G\u00f6r\u00fc\u015f zaman\u0131, h\u0259m\u00e7inin\u00a0V\u0259t\u0259n m\u00fcharib\u0259si \u015f\u0259hidl\u0259ri il\u0259 ba\u011fl\u0131 televiziya kanallar\u0131nda yay\u0131mlanan s\u00fcjet v\u0259 reportajlar\u0131n statistikas\u0131 \u0259traf\u0131nda fikir m\u00fcbadil\u0259si apar\u0131l\u0131b, haqq\u0131nda he\u00e7 bir kanalda efir\u0259 s\u00fcjet v\u0259 ya reportaj getm\u0259mi\u015f \u015f\u0259hidl\u0259r bar\u0259d\u0259 materiallar\u0131n haz\u0131llanmas\u0131 v\u0259 yay\u0131mlanmas\u0131 t\u00f6vsiy\u0259 olunub.<\/p>\n","protected":false},"excerpt":{"rendered":"<p>Bu g\u00fcn\u00a0Milli Televiziya v\u0259 Radio \u015euras\u0131nda \u00fcmum\u00f6lk\u0259 televiziya kanallar\u0131n\u0131n proqram direktorlar\u0131 v\u0259 x\u0259b\u0259r departamentl\u0259rinin r\u0259hb\u0259rl\u0259ri il\u0259 g\u00f6r\u00fc\u015f ke\u00e7irilib. \u015euradan veril\u0259n m\u0259lumata g\u00f6r\u0259, g\u00f6r\u00fc\u015fd\u0259 son g\u00fcnl\u0259r cinsi t\u0259cav\u00fcz\u0259 m\u0259ruz qalm\u0131\u015f, d\u00fcnyaya u\u015faq g\u0259tirmi\u015f 11 ya\u015fl\u0131 q\u0131zla ba\u011fl\u0131 bir s\u0131ra televiziya kanallar\u0131nda yay\u0131lan x\u0259b\u0259rl\u0259rd\u0259 \u015f\u0259xsi toxunulmazl\u0131q m\u0259s\u0259l\u0259l\u0259rin\u0259 \u0259m\u0259l olunmamas\u0131ndan, bel\u0259 hallar\u0131n efir m\u0259kan\u0131nda geni\u015f m\u00fczakir\u0259y\u0259 s\u0259b\u0259b olmas\u0131n\u0131n m\u0259nfi t\u0259sirl\u0259rind\u0259n dan\u0131\u015f\u0131l\u0131b. \u015eura s\u0259dri \u0130sm\u0259t S\u0259ttarov bildirib ki, m\u00fcxt\u0259lif cinay\u0259t \u0259m\u0259ll\u0259ri il\u0259 ba\u011fl\u0131 azya\u015fl\u0131lar\u0131n kimliyinin efird\u0259 a\u00e7\u0131q \u015f\u0259kild\u0259 yay\u0131lmas\u0131 yanl\u0131\u015fd\u0131r. Az\u0259rbaycan v\u0259 \u00fcmum\u0259n dig\u0259r \u00f6lk\u0259l\u0259rd\u0259 jurnalistl\u0259rin pe\u015f\u0259 etikas\u0131 kodeksind\u0259 bu m\u0259s\u0259l\u0259 a\u00e7\u0131q \u015f\u0259kild\u0259 \u0259ksini&hellip;<\/p>\n","protected":false},"author":2,"featured_media":398459,"comment_status":"closed","ping_status":"closed","sticky":false,"template":"","format":"standard","meta":{"om_disable_all_campaigns":false,"_monsterinsights_skip_tracking":false,"_monsterinsights_sitenote_active":false,"_monsterinsights_sitenote_note":"","_monsterinsights_sitenote_category":0},"categories":[26],"tags":[],"aioseo_notices":[],"gutentor_comment":0,"rttpg_featured_image_url":{"full":["https:\/\/arantv.az\/wp-content\/uploads\/2021\/11\/fe827e7b-a34a-4bdb-9f60-a482dac2ab95-1.jpg",620,413,false],"landscape":["https:\/\/arantv.az\/wp-content\/uploads\/2021\/11\/fe827e7b-a34a-4bdb-9f60-a482dac2ab95-1.jpg",620,413,false],"portraits":["https:\/\/arantv.az\/wp-content\/uploads\/2021\/11\/fe827e7b-a34a-4bdb-9f60-a482dac2ab95-1.jpg",620,413,false],"thumbnail":["https:\/\/arantv.az\/wp-content\/uploads\/2021\/11\/fe827e7b-a34a-4bdb-9f60-a482dac2ab95-1-500x280.jpg",500,280,true],"medium":["https:\/\/arantv.az\/wp-content\/uploads\/2021\/11\/fe827e7b-a34a-4bdb-9f60-a482dac2ab95-1-548x365.jpg",548,365,true],"large":["https:\/\/arantv.az\/wp-content\/uploads\/2021\/11\/fe827e7b-a34a-4bdb-9f60-a482dac2ab95-1.jpg",620,413,false],"1536x1536":["https:\/\/arantv.az\/wp-content\/uploads\/2021\/11\/fe827e7b-a34a-4bdb-9f60-a482dac2ab95-1.jpg",620,413,false],"2048x2048":["https:\/\/arantv.az\/wp-content\/uploads\/2021\/11\/fe827e7b-a34a-4bdb-9f60-a482dac2ab95-1.jpg",620,413,false],"post-thumbnail":["https:\/\/arantv.az\/wp-content\/uploads\/2021\/11\/fe827e7b-a34a-4bdb-9f60-a482dac2ab95-1-240x172.jpg",240,172,true],"advps-thumb-one":["https:\/\/arantv.az\/wp-content\/uploads\/2021\/11\/fe827e7b-a34a-4bdb-9f60-a482dac2ab95-1.jpg",620,413,false]},"rttpg_author":{"display_name":"V\u00fcsal Rafiqo\u011flu","author_link":"https:\/\/arantv.az\/?author=2"},"rttpg_comment":0,"rttpg_category":"<a href=\"https:\/\/arantv.az\/?cat=26\" rel=\"category\">Sosial<\/a>","rttpg_excerpt":"Bu g\u00fcn\u00a0Milli Televiziya v\u0259 Radio \u015euras\u0131nda \u00fcmum\u00f6lk\u0259 televiziya kanallar\u0131n\u0131n proqram direktorlar\u0131 v\u0259 x\u0259b\u0259r departamentl\u0259rinin r\u0259hb\u0259rl\u0259ri il\u0259 g\u00f6r\u00fc\u015f ke\u00e7irilib. \u015euradan veril\u0259n m\u0259lumata g\u00f6r\u0259, g\u00f6r\u00fc\u015fd\u0259 son g\u00fcnl\u0259r cinsi t\u0259cav\u00fcz\u0259 m\u0259ruz qalm\u0131\u015f, d\u00fcnyaya u\u015faq g\u0259tirmi\u015f 11 ya\u015fl\u0131 q\u0131zla ba\u011fl\u0131 bir s\u0131ra televiziya kanallar\u0131nda yay\u0131lan x\u0259b\u0259rl\u0259rd\u0259 \u015f\u0259xsi toxunulmazl\u0131q m\u0259s\u0259l\u0259l\u0259rin\u0259 \u0259m\u0259l olunmamas\u0131ndan, bel\u0259 hallar\u0131n efir m\u0259kan\u0131nda geni\u015f m\u00fczakir\u0259y\u0259 s\u0259b\u0259b olmas\u0131n\u0131n&hellip;","_links":{"self":[{"href":"https:\/\/arantv.az\/index.php?rest_route=\/wp\/v2\/posts\/398458"}],"collection":[{"href":"https:\/\/arantv.az\/index.php?rest_route=\/wp\/v2\/posts"}],"about":[{"href":"https:\/\/arantv.az\/index.php?rest_route=\/wp\/v2\/types\/post"}],"author":[{"embeddable":true,"href":"https:\/\/arantv.az\/index.php?rest_route=\/wp\/v2\/users\/2"}],"replies":[{"embeddable":true,"href":"https:\/\/arantv.az\/index.php?rest_route=%2Fwp%2Fv2%2Fcomments&post=398458"}],"version-history":[{"count":0,"href":"https:\/\/arantv.az\/index.php?rest_route=\/wp\/v2\/posts\/398458\/revisions"}],"wp:featuredmedia":[{"embeddable":true,"href":"https:\/\/arantv.az\/index.php?rest_route=\/wp\/v2\/media\/398459"}],"wp:attachment":[{"href":"https:\/\/arantv.az\/index.php?rest_route=%2Fwp%2Fv2%2Fmedia&parent=398458"}],"wp:term":[{"taxonomy":"category","embeddable":true,"href":"https:\/\/arantv.az\/index.php?rest_route=%2Fwp%2Fv2%2Fcategories&post=398458"},{"taxonomy":"post_tag","embeddable":true,"href":"https:\/\/arantv.az\/index.php?rest_route=%2Fwp%2Fv2%2Ftags&post=398458"}],"curies":[{"name":"wp","href":"https:\/\/api.w.org\/{rel}","templated":true}]}}