{"id":39855,"date":"2019-02-19T14:30:34","date_gmt":"2019-02-19T11:30:34","guid":{"rendered":"http:\/\/arantv.az\/?p=39855"},"modified":"2019-02-19T14:30:34","modified_gmt":"2019-02-19T11:30:34","slug":"t%c9%99hsili-qizil-medalla-basa-vuranlar-ali-m%c9%99kt%c9%99bl%c9%99r%c9%99-q%c9%99bul-imtahanindan-azad-oluna-bil%c9%99r","status":"publish","type":"post","link":"https:\/\/arantv.az\/?p=39855","title":{"rendered":"T\u0259hsili q\u0131z\u0131l medalla ba\u015fa vuranlar ali m\u0259kt\u0259bl\u0259r\u0259 q\u0259bul imtahan\u0131ndan azad oluna bil\u0259r"},"content":{"rendered":"<p>Az\u0259rbaycanda orta t\u0259hsilini q\u0131z\u0131l medalla ba\u015fa vuran m\u0259zunlar ali m\u0259kt\u0259bl\u0259r\u0259 q\u0259bul imtahan\u0131ndan azad olunacaq.<\/p>\n<p><strong>ARANTV.AZ<\/strong> trend-\u0259 istinad\u0259n x\u0259b\u0259r verir ki, bu bar\u0259d\u0259 m\u0259s\u0259l\u0259 Milli M\u0259clisin bu g\u00fcn ke\u00e7iril\u0259n plenar iclas\u0131nda m\u00fczakir\u0259y\u0259 \u00e7\u0131xar\u0131lan yeni haz\u0131rlanm\u0131\u015f &#8220;\u00dcmumi t\u0259hsil haqq\u0131nda&#8221; qanun layih\u0259sind\u0259 \u00f6z \u0259ksini tap\u0131b.<\/p>\n<p>Qanun layih\u0259sinin 13-c\u00fc (\u00dcmumi t\u0259hsilin t\u0259\u015fkili) madd\u0259sind\u0259 bildirilir ki, t\u0259hsilini q\u0131z\u0131l medalla ba\u015fa vuran m\u0259zunlar imtahandan azad olunaraq yaln\u0131z m\u00fcvafiq ixtisas \u00fczr\u0259 bir imtahan verm\u0259kl\u0259 ali m\u0259kt\u0259bl\u0259r\u0259 q\u0259bul olunacaqlar.<\/p>\n<div id=\"AdributorNativeVideo0\" class=\"AdributorNativeVideo\"><\/div>\n<p>Yeni qanun layih\u0259si m\u00fczakir\u0259l\u0259rd\u0259n sonra s\u0259sverm\u0259y\u0259 qoyularaq ikinci oxunu\u015fda q\u0259bul edilib.<\/p>\n","protected":false},"excerpt":{"rendered":"<p>Az\u0259rbaycanda orta t\u0259hsilini q\u0131z\u0131l medalla ba\u015fa vuran m\u0259zunlar ali m\u0259kt\u0259bl\u0259r\u0259 q\u0259bul imtahan\u0131ndan azad olunacaq. ARANTV.AZ trend-\u0259 istinad\u0259n x\u0259b\u0259r verir ki, bu bar\u0259d\u0259 m\u0259s\u0259l\u0259 Milli M\u0259clisin bu g\u00fcn ke\u00e7iril\u0259n plenar iclas\u0131nda m\u00fczakir\u0259y\u0259 \u00e7\u0131xar\u0131lan yeni haz\u0131rlanm\u0131\u015f &#8220;\u00dcmumi t\u0259hsil haqq\u0131nda&#8221; qanun layih\u0259sind\u0259 \u00f6z \u0259ksini tap\u0131b. Qanun layih\u0259sinin 13-c\u00fc (\u00dcmumi t\u0259hsilin t\u0259\u015fkili) madd\u0259sind\u0259 bildirilir ki, t\u0259hsilini q\u0131z\u0131l medalla ba\u015fa vuran m\u0259zunlar imtahandan azad olunaraq yaln\u0131z m\u00fcvafiq ixtisas \u00fczr\u0259 bir imtahan verm\u0259kl\u0259 ali m\u0259kt\u0259bl\u0259r\u0259 q\u0259bul olunacaqlar. Yeni qanun layih\u0259si m\u00fczakir\u0259l\u0259rd\u0259n sonra s\u0259sverm\u0259y\u0259 qoyularaq ikinci oxunu\u015fda q\u0259bul edilib.<\/p>\n","protected":false},"author":2,"featured_media":39856,"comment_status":"closed","ping_status":"closed","sticky":false,"template":"","format":"standard","meta":{"om_disable_all_campaigns":false,"_monsterinsights_skip_tracking":false,"_monsterinsights_sitenote_active":false,"_monsterinsights_sitenote_note":"","_monsterinsights_sitenote_category":0},"categories":[1],"tags":[],"aioseo_notices":[],"gutentor_comment":0,"rttpg_featured_image_url":{"full":["https:\/\/arantv.az\/wp-content\/uploads\/2019\/02\/732045.jpg",800,600,false],"landscape":["https:\/\/arantv.az\/wp-content\/uploads\/2019\/02\/732045.jpg",800,600,false],"portraits":["https:\/\/arantv.az\/wp-content\/uploads\/2019\/02\/732045.jpg",800,600,false],"thumbnail":["https:\/\/arantv.az\/wp-content\/uploads\/2019\/02\/732045-150x150.jpg",150,150,true],"medium":["https:\/\/arantv.az\/wp-content\/uploads\/2019\/02\/732045-300x225.jpg",300,225,true],"large":["https:\/\/arantv.az\/wp-content\/uploads\/2019\/02\/732045.jpg",640,480,false],"1536x1536":["https:\/\/arantv.az\/wp-content\/uploads\/2019\/02\/732045.jpg",800,600,false],"2048x2048":["https:\/\/arantv.az\/wp-content\/uploads\/2019\/02\/732045.jpg",800,600,false],"post-thumbnail":["https:\/\/arantv.az\/wp-content\/uploads\/2019\/02\/732045-240x172.jpg",240,172,true],"advps-thumb-one":["https:\/\/arantv.az\/wp-content\/uploads\/2019\/02\/732045.jpg",800,600,false]},"rttpg_author":{"display_name":"V\u00fcsal Rafiqo\u011flu","author_link":"https:\/\/arantv.az\/?author=2"},"rttpg_comment":0,"rttpg_category":"<a href=\"https:\/\/arantv.az\/?cat=1\" rel=\"category\">C\u0259miyy\u0259t<\/a>","rttpg_excerpt":"Az\u0259rbaycanda orta t\u0259hsilini q\u0131z\u0131l medalla ba\u015fa vuran m\u0259zunlar ali m\u0259kt\u0259bl\u0259r\u0259 q\u0259bul imtahan\u0131ndan azad olunacaq. ARANTV.AZ trend-\u0259 istinad\u0259n x\u0259b\u0259r verir ki, bu bar\u0259d\u0259 m\u0259s\u0259l\u0259 Milli M\u0259clisin bu g\u00fcn ke\u00e7iril\u0259n plenar iclas\u0131nda m\u00fczakir\u0259y\u0259 \u00e7\u0131xar\u0131lan yeni haz\u0131rlanm\u0131\u015f &#8220;\u00dcmumi t\u0259hsil haqq\u0131nda&#8221; qanun layih\u0259sind\u0259 \u00f6z \u0259ksini tap\u0131b. Qanun layih\u0259sinin 13-c\u00fc (\u00dcmumi t\u0259hsilin t\u0259\u015fkili) madd\u0259sind\u0259 bildirilir ki, t\u0259hsilini q\u0131z\u0131l medalla ba\u015fa&hellip;","_links":{"self":[{"href":"https:\/\/arantv.az\/index.php?rest_route=\/wp\/v2\/posts\/39855"}],"collection":[{"href":"https:\/\/arantv.az\/index.php?rest_route=\/wp\/v2\/posts"}],"about":[{"href":"https:\/\/arantv.az\/index.php?rest_route=\/wp\/v2\/types\/post"}],"author":[{"embeddable":true,"href":"https:\/\/arantv.az\/index.php?rest_route=\/wp\/v2\/users\/2"}],"replies":[{"embeddable":true,"href":"https:\/\/arantv.az\/index.php?rest_route=%2Fwp%2Fv2%2Fcomments&post=39855"}],"version-history":[{"count":0,"href":"https:\/\/arantv.az\/index.php?rest_route=\/wp\/v2\/posts\/39855\/revisions"}],"wp:featuredmedia":[{"embeddable":true,"href":"https:\/\/arantv.az\/index.php?rest_route=\/wp\/v2\/media\/39856"}],"wp:attachment":[{"href":"https:\/\/arantv.az\/index.php?rest_route=%2Fwp%2Fv2%2Fmedia&parent=39855"}],"wp:term":[{"taxonomy":"category","embeddable":true,"href":"https:\/\/arantv.az\/index.php?rest_route=%2Fwp%2Fv2%2Fcategories&post=39855"},{"taxonomy":"post_tag","embeddable":true,"href":"https:\/\/arantv.az\/index.php?rest_route=%2Fwp%2Fv2%2Ftags&post=39855"}],"curies":[{"name":"wp","href":"https:\/\/api.w.org\/{rel}","templated":true}]}}