{"id":398787,"date":"2021-11-03T11:36:58","date_gmt":"2021-11-03T08:36:58","guid":{"rendered":"http:\/\/arantv.az\/?p=398787"},"modified":"2021-11-03T11:36:58","modified_gmt":"2021-11-03T08:36:58","slug":"onlar-boyuk-kalonlarla-mes%c9%99y%c9%99-girirl%c9%99r-s%c9%99rh%c9%99d%c9%99-t%c9%99r%c9%99f-ir%c9%99lil%c9%99yirl%c9%99r","status":"publish","type":"post","link":"https:\/\/arantv.az\/?p=398787","title":{"rendered":"\u201cOnlar b\u00f6y\u00fck kalonlarla me\u015f\u0259y\u0259 girirl\u0259r, s\u0259rh\u0259d\u0259 t\u0259r\u0259f ir\u0259lil\u0259yirl\u0259r&#8230;\u201d"},"content":{"rendered":"<p><strong>Rusiyan\u0131n Ukrayna s\u0259rh\u0259dl\u0259rin\u0259 iri qo\u015fun qrupla\u015fmalar\u0131 c\u0259ml\u0259\u015fdirm\u0259sin\u0259 dair yeni m\u0259lumatlar v\u0259 faktlar \u00fcz\u0259 \u00e7\u0131x\u0131b.<\/strong><\/p>\n<p><strong>ARANTV.AZ<\/strong>\u00a0 virtualaz.org-a istinad\u0259n x\u0259b\u0259r verir ki, &#8220;Conflict Intelligence Team&#8221; qrupu Ukrayna s\u0259rh\u0259dl\u0259rin\u0259 c\u0259ml\u0259\u015fdiril\u0259n Rusiya qo\u015funlar\u0131 bar\u0259d\u0259 \u015fahidl\u0259r t\u0259r\u0259find\u0259n \u00e7\u0259kilmi\u015f 15-\u0259 yax\u0131n videog\u00f6r\u00fcnt\u00fcy\u0259 malik olduqlar\u0131n\u0131 a\u00e7\u0131qlay\u0131b.<\/p>\n<p>&#8220;Biz t\u0259hdidedici h\u00fccum \u0259m\u0259liyyat\u0131 kimi g\u00f6r\u00fcn\u0259n b\u00f6y\u00fck h\u0259rbi texnika kalonar\u0131 g\u00f6r\u00fcr\u00fck. Bunlar t\u0259kc\u0259 \u0259sg\u0259rl\u0259ri da\u015f\u0131yan y\u00fck ma\u015f\u0131nlar\u0131 deyil, artilleriya qur\u011fular\u0131d\u0131r, raket kompleksl\u0259ridir, tanklard\u0131r&#8221;,-qrupun \u0259sas\u0131n\u0131 qoyan Ruslan Leviyev bildirib. Onun s\u00f6zl\u0259rin\u0259 g\u00f6r\u0259, bel\u0259 aktivlik &#8220;\u015f\u00fcbh\u0259lidir v\u0259 narahatl\u0131q do\u011furur&#8221;. Ekspert qeyd edib ki, h\u0259min rayonda Rusiya ordusunun h\u0259r hans\u0131 t\u0259liml\u0259ri planla\u015fd\u0131r\u0131lmay\u0131b. Buna baxmayaraq Rusiya olduqca n\u00fcmayi\u015fkar\u0259n\u0259 \u015f\u0259kild\u0259, g\u00fcn\u00fcn g\u00fcnortas\u0131nda Ukrayna s\u0259rh\u0259dl\u0259rin\u0259 do\u011fru h\u0259rbi texnika kalonlar\u0131 yeridir.<\/p>\n<p>&#8220;B\u0259zi videoyaz\u0131larda biz g\u00f6r\u00fcr\u00fck ki, onlar Rostov vilay\u0259ti yax\u0131nl\u0131\u011f\u0131nda, \u015eaxta \u015f\u0259h\u0259ri yax\u0131nl\u0131\u011f\u0131nda \u015fosse yoldan birba\u015fa \u00e7\u00f6ll\u00fcy\u0259 nec\u0259 d\u00f6n\u00fcrl\u0259r v\u0259 b\u00f6y\u00fck kalonlar \u015f\u0259klind\u0259 me\u015f\u0259l\u0259r\u0259 girib Ukrayna s\u0259rh\u0259dl\u0259rin\u0259 t\u0259r\u0259f h\u0259r\u0259k\u0259t edirl\u0259r&#8221;,-Leviyev qeyd edib. O, bildirib ki, Rusiya Silahl\u0131 Q\u00fcvv\u0259l\u0259ri Ukrayna s\u0259rh\u0259dl\u0259ri yax\u0131nl\u0131\u011f\u0131nda hans\u0131sa s\u0259hra d\u00fc\u015f\u0259rg\u0259si sal\u0131r. Amma d\u00fc\u015f\u0259rg\u0259nin yeri h\u0259l\u0259lik m\u0259lum deyil.<\/p>\n<p>&#8220;Conflict Intelligence Team&#8221; qrupunun r\u0259hb\u0259ri qeyd edib ki, Rusiyan\u0131n Ukrayna s\u0259rh\u0259dl\u0259rin\u0259 qo\u015fun c\u0259ml\u0259\u015fdirm\u0259sinin miqyas\u0131 bu ilin yaz\u0131nda oldu\u011fundan daha b\u00f6y\u00fckd\u00fcr. O vaxt Rusiya Ukrayna s\u0259rh\u0259dl\u0259ri yax\u0131nl\u0131\u011f\u0131na t\u0259xmin\u0259n 150 minlik canl\u0131 q\u00fcvv\u0259 v\u0259 minl\u0259rl\u0259 texnika, o c\u00fcml\u0259d\u0259n y\u00fczl\u0259rl\u0259 d\u00f6y\u00fc\u015f t\u0259yyar\u0259si c\u0259ml\u0259\u015fdirmi\u015fdi.<\/p>\n<p>Xat\u0131rladaq ki, Rusiyan\u0131n Ukrayna s\u0259rh\u0259dl\u0259rin\u0259 qo\u015fun c\u0259ml\u0259\u015fdirm\u0259si bar\u0259d\u0259 m\u0259lumatlar \u0259vv\u0259lc\u0259 bir s\u0131ra Telegram-kanallarda yer al\u0131b. Daha sonra &#8220;The Washington Post&#8221; q\u0259zeti amerikal\u0131 v\u0259 avropal\u0131 r\u0259smil\u0259r\u0259 istinad\u0259n bu haqda yaz\u0131b, v\u0259ziyy\u0259tin h\u0259yacanverici oldu\u011funu qeyd edib. Bir g\u00fcn \u0259vv\u0259l is\u0259 AB\u015e-\u0131n &#8220;Politico&#8221; n\u0259\u015fri Ukrayna s\u0259rh\u0259dl\u0259ri yax\u0131nl\u0131\u011f\u0131na c\u0259ml\u0259\u015fdirilmi\u015f Rusiya h\u0259rbi texnikas\u0131n\u0131n peykd\u0259n \u00e7\u0259kilmi\u015f g\u00f6r\u00fcnt\u00fcl\u0259rini yay\u0131b. Kreml bunu &#8220;feyk&#8221; adland\u0131r\u0131b, eyni zamanda bildirib ki, Rusiyan\u0131n \u00f6z s\u0259rh\u0259dl\u0259ri daxilind\u0259 \u00f6z ordu b\u00f6lm\u0259l\u0259rinin h\u0259r hans\u0131 yerd\u0259yi\u015fm\u0259sini h\u0259yata ke\u00e7irm\u0259si onun suveren h\u00fcququdur.<\/p>\n<p>Ukrayna Silahl\u0131 Q\u00fcvv\u0259l\u0259ri d\u0259 Rusiyan\u0131n m\u00fcmk\u00fcn irimiqyasl\u0131 h\u00fccum \u0259m\u0259liyyat\u0131na qar\u015f\u0131 haz\u0131rl\u0131qlar g\u00f6r\u00fcr. Ukrayna Silahl\u0131 Q\u00fcvv\u0259l\u0259rinin Ba\u015f q\u0259rargah r\u0259isinin ke\u00e7mi\u015f m\u00fcavini, general \u0130qor Romanenko &#8220;Qlavred&#8221; portal\u0131 \u00fc\u00e7\u00fcn yazd\u0131\u011f\u0131 m\u0259qal\u0259d\u0259 bildirib ki, Rusiyan\u0131n Ukrayna s\u0259rh\u0259dl\u0259ri yax\u0131nl\u0131\u011f\u0131na qo\u015fun c\u0259ml\u0259\u015fdirm\u0259si t\u0259hl\u00fck\u0259li v\u0259ziyy\u0259t yarad\u0131r v\u0259 z\u0259rur\u0259t yaranarsa \u00f6lk\u0259d\u0259 h\u0259rbi v\u0259ziyy\u0259t elan edilm\u0259lidir. Lakin onun fikrinc\u0259, Vladimir Putin \u00fc\u00e7\u00fcn Ukraynaya qar\u015f\u0131 tammiqyasl\u0131 h\u0259rbi \u0259m\u0259liyyatlar m\u0259s\u0259l\u0259si h\u0259l\u0259 tam ayd\u0131n deyil. &#8220;\u015e\u00fcbh\u0259siz ki, onlar buna haz\u0131rla\u015f\u0131rlar, amma \u0259g\u0259r Putin m\u00fcharib\u0259y\u0259 ba\u015flasa onu Ukraynada &#8220;qanl\u0131 hamam&#8221; g\u00f6zl\u0259yir v\u0259 m\u0259s\u0259l\u0259 \u0259razil\u0259rin z\u0259bt edilm\u0259si il\u0259 bitm\u0259y\u0259c\u0259k. X\u00fcsus\u0259n d\u0259 indi Donbass Putin \u00fc\u00e7\u00fcn qulpsuz \u00e7amadand\u0131r v\u0259 d\u00f6y\u00fc\u015f \u0259m\u0259liyyatlar\u0131n\u0131n geni\u015fl\u0259nm\u0259si il\u0259 situasiya daha da q\u0259lizl\u0259\u015f\u0259 bil\u0259r&#8221;,-general bildirib.<\/p>\n<p>Ukraynan\u0131n Donbassdak\u0131 birl\u0259\u015fmi\u015f q\u00fcvv\u0259l\u0259rinin komandan\u0131, general Aleksandr Pavlyuk is\u0259 deyib ki, onun \u00f6lk\u0259si v\u0259ziyy\u0259ti k\u0259skinl\u0259\u015fm\u0259sin\u0259 v\u0259 Rusiya il\u0259 h\u0259rbi \u0259m\u0259liyyatlar\u0131n yeni m\u0259rh\u0259l\u0259sin\u0259 haz\u0131rd\u0131r. Onun s\u00f6zl\u0259rin\u0259 g\u00f6r\u0259, Ukrayna ordu b\u00f6lm\u0259l\u0259ri h\u0259m m\u00fcdafi\u0259, h\u0259m \u0259ks-h\u00fccum \u0259m\u0259liyyatlar\u0131na haz\u0131rla\u015f\u0131r.<\/p>\n<p>Pavlyuk qeyd edib ki, separat\u00e7\u0131lar\u0131n s\u0131ralar\u0131nda yer alan rusiyal\u0131 h\u0259rb\u00e7il\u0259r h\u0259m \u00f6z m\u00f6vqel\u0259rin\u0259, h\u0259m Ukrayna ordusunun m\u00f6vqel\u0259rin\u0259 at\u0259\u015f a\u00e7\u0131rlar v\u0259 cavab reaksiyas\u0131 g\u00f6zl\u0259yirl\u0259r. Bununla da v\u0259ziyy\u0259ti q\u0131z\u0131\u015fd\u0131rma\u011fa \u00e7al\u0131\u015f\u0131rlar. Lakin Ukrayna ordusu bu t\u0259xribatlara getmir v\u0259 at\u0259\u015fk\u0259s\u0259 \u0259m\u0259l edir.<\/p>\n","protected":false},"excerpt":{"rendered":"<p>Rusiyan\u0131n Ukrayna s\u0259rh\u0259dl\u0259rin\u0259 iri qo\u015fun qrupla\u015fmalar\u0131 c\u0259ml\u0259\u015fdirm\u0259sin\u0259 dair yeni m\u0259lumatlar v\u0259 faktlar \u00fcz\u0259 \u00e7\u0131x\u0131b. ARANTV.AZ\u00a0 virtualaz.org-a istinad\u0259n x\u0259b\u0259r verir ki, &#8220;Conflict Intelligence Team&#8221; qrupu Ukrayna s\u0259rh\u0259dl\u0259rin\u0259 c\u0259ml\u0259\u015fdiril\u0259n Rusiya qo\u015funlar\u0131 bar\u0259d\u0259 \u015fahidl\u0259r t\u0259r\u0259find\u0259n \u00e7\u0259kilmi\u015f 15-\u0259 yax\u0131n videog\u00f6r\u00fcnt\u00fcy\u0259 malik olduqlar\u0131n\u0131 a\u00e7\u0131qlay\u0131b. &#8220;Biz t\u0259hdidedici h\u00fccum \u0259m\u0259liyyat\u0131 kimi g\u00f6r\u00fcn\u0259n b\u00f6y\u00fck h\u0259rbi texnika kalonar\u0131 g\u00f6r\u00fcr\u00fck. Bunlar t\u0259kc\u0259 \u0259sg\u0259rl\u0259ri da\u015f\u0131yan y\u00fck ma\u015f\u0131nlar\u0131 deyil, artilleriya qur\u011fular\u0131d\u0131r, raket kompleksl\u0259ridir, tanklard\u0131r&#8221;,-qrupun \u0259sas\u0131n\u0131 qoyan Ruslan Leviyev bildirib. Onun s\u00f6zl\u0259rin\u0259 g\u00f6r\u0259, bel\u0259 aktivlik &#8220;\u015f\u00fcbh\u0259lidir v\u0259 narahatl\u0131q do\u011furur&#8221;. Ekspert qeyd edib ki, h\u0259min rayonda Rusiya ordusunun h\u0259r hans\u0131 t\u0259liml\u0259ri planla\u015fd\u0131r\u0131lmay\u0131b. Buna baxmayaraq&hellip;<\/p>\n","protected":false},"author":2,"featured_media":398788,"comment_status":"closed","ping_status":"closed","sticky":false,"template":"","format":"standard","meta":{"om_disable_all_campaigns":false,"_monsterinsights_skip_tracking":false,"_monsterinsights_sitenote_active":false,"_monsterinsights_sitenote_note":"","_monsterinsights_sitenote_category":0},"categories":[7],"tags":[],"aioseo_notices":[],"gutentor_comment":0,"rttpg_featured_image_url":{"full":["https:\/\/arantv.az\/wp-content\/uploads\/2021\/11\/992816.jpg",800,600,false],"landscape":["https:\/\/arantv.az\/wp-content\/uploads\/2021\/11\/992816.jpg",800,600,false],"portraits":["https:\/\/arantv.az\/wp-content\/uploads\/2021\/11\/992816.jpg",800,600,false],"thumbnail":["https:\/\/arantv.az\/wp-content\/uploads\/2021\/11\/992816-500x280.jpg",500,280,true],"medium":["https:\/\/arantv.az\/wp-content\/uploads\/2021\/11\/992816-487x365.jpg",487,365,true],"large":["https:\/\/arantv.az\/wp-content\/uploads\/2021\/11\/992816.jpg",640,480,false],"1536x1536":["https:\/\/arantv.az\/wp-content\/uploads\/2021\/11\/992816.jpg",800,600,false],"2048x2048":["https:\/\/arantv.az\/wp-content\/uploads\/2021\/11\/992816.jpg",800,600,false],"post-thumbnail":["https:\/\/arantv.az\/wp-content\/uploads\/2021\/11\/992816-240x172.jpg",240,172,true],"advps-thumb-one":["https:\/\/arantv.az\/wp-content\/uploads\/2021\/11\/992816.jpg",800,600,false]},"rttpg_author":{"display_name":"V\u00fcsal Rafiqo\u011flu","author_link":"https:\/\/arantv.az\/?author=2"},"rttpg_comment":0,"rttpg_category":"<a href=\"https:\/\/arantv.az\/?cat=7\" rel=\"category\">D\u00fcnya<\/a>","rttpg_excerpt":"Rusiyan\u0131n Ukrayna s\u0259rh\u0259dl\u0259rin\u0259 iri qo\u015fun qrupla\u015fmalar\u0131 c\u0259ml\u0259\u015fdirm\u0259sin\u0259 dair yeni m\u0259lumatlar v\u0259 faktlar \u00fcz\u0259 \u00e7\u0131x\u0131b. ARANTV.AZ\u00a0 virtualaz.org-a istinad\u0259n x\u0259b\u0259r verir ki, &#8220;Conflict Intelligence Team&#8221; qrupu Ukrayna s\u0259rh\u0259dl\u0259rin\u0259 c\u0259ml\u0259\u015fdiril\u0259n Rusiya qo\u015funlar\u0131 bar\u0259d\u0259 \u015fahidl\u0259r t\u0259r\u0259find\u0259n \u00e7\u0259kilmi\u015f 15-\u0259 yax\u0131n videog\u00f6r\u00fcnt\u00fcy\u0259 malik olduqlar\u0131n\u0131 a\u00e7\u0131qlay\u0131b. &#8220;Biz t\u0259hdidedici h\u00fccum \u0259m\u0259liyyat\u0131 kimi g\u00f6r\u00fcn\u0259n b\u00f6y\u00fck h\u0259rbi texnika kalonar\u0131 g\u00f6r\u00fcr\u00fck. Bunlar t\u0259kc\u0259 \u0259sg\u0259rl\u0259ri da\u015f\u0131yan y\u00fck&hellip;","_links":{"self":[{"href":"https:\/\/arantv.az\/index.php?rest_route=\/wp\/v2\/posts\/398787"}],"collection":[{"href":"https:\/\/arantv.az\/index.php?rest_route=\/wp\/v2\/posts"}],"about":[{"href":"https:\/\/arantv.az\/index.php?rest_route=\/wp\/v2\/types\/post"}],"author":[{"embeddable":true,"href":"https:\/\/arantv.az\/index.php?rest_route=\/wp\/v2\/users\/2"}],"replies":[{"embeddable":true,"href":"https:\/\/arantv.az\/index.php?rest_route=%2Fwp%2Fv2%2Fcomments&post=398787"}],"version-history":[{"count":0,"href":"https:\/\/arantv.az\/index.php?rest_route=\/wp\/v2\/posts\/398787\/revisions"}],"wp:featuredmedia":[{"embeddable":true,"href":"https:\/\/arantv.az\/index.php?rest_route=\/wp\/v2\/media\/398788"}],"wp:attachment":[{"href":"https:\/\/arantv.az\/index.php?rest_route=%2Fwp%2Fv2%2Fmedia&parent=398787"}],"wp:term":[{"taxonomy":"category","embeddable":true,"href":"https:\/\/arantv.az\/index.php?rest_route=%2Fwp%2Fv2%2Fcategories&post=398787"},{"taxonomy":"post_tag","embeddable":true,"href":"https:\/\/arantv.az\/index.php?rest_route=%2Fwp%2Fv2%2Ftags&post=398787"}],"curies":[{"name":"wp","href":"https:\/\/api.w.org\/{rel}","templated":true}]}}