{"id":398793,"date":"2021-11-03T11:38:33","date_gmt":"2021-11-03T08:38:33","guid":{"rendered":"http:\/\/arantv.az\/?p=398793"},"modified":"2021-11-03T11:38:33","modified_gmt":"2021-11-03T08:38:33","slug":"sokulmus-binalarda-evi-olan-s%c9%99xsl%c9%99r%c9%99-yeni-guz%c9%99stl%c9%99r-t%c9%99tbiq-edil%c9%99c%c9%99k","status":"publish","type":"post","link":"https:\/\/arantv.az\/?p=398793","title":{"rendered":"S\u00f6k\u00fclm\u00fc\u015f binalarda evi olan \u015f\u0259xsl\u0259r\u0259 yeni g\u00fcz\u0259\u015ftl\u0259r t\u0259tbiq edil\u0259c\u0259k"},"content":{"rendered":"<p><strong>S\u00f6k\u00fclm\u00fc\u015f binalarda evi olan \u015f\u0259xsl\u0259r\u0259 yeni g\u00fcz\u0259\u015ftl\u0259r t\u0259tbiq edil\u0259c\u0259k.<\/strong><\/p>\n<p><strong>ARANTV.AZ\u00a0<\/strong> x\u0259b\u0259r verir ki, bununla ba\u011fl\u0131 m\u0259s\u0259l\u0259 Milli M\u0259clisin \u0130qtisadi siyas\u0259t, s\u0259naye v\u0259 sahibkarl\u0131q komit\u0259sinin bu g\u00fcn ke\u00e7iril\u0259n iclas\u0131nda m\u00fczakir\u0259y\u0259 \u00e7\u0131xar\u0131lan Vergi M\u0259c\u0259ll\u0259sin\u0259 t\u0259klif edil\u0259n d\u0259yi\u015fiklikd\u0259 \u0259ksini tap\u0131b.<\/p>\n<p>D\u0259yi\u015fikliy\u0259 \u0259sas\u0259n, fiziki \u015f\u0259xs s\u00f6k\u00fclm\u00fc\u015f binada yerl\u0259\u015f\u0259n ya\u015fay\u0131\u015f sah\u0259sind\u0259 az\u0131 3 t\u0259qvim ili \u0259rzind\u0259 (s\u00f6k\u00fclm\u00fc\u015f v\u0259 s\u00f6k\u00fclm\u00fc\u015f binan\u0131n yerind\u0259 tikil\u0259n yeni binada ya\u015fay\u0131\u015f yeri \u00fczr\u0259 qeydiyyatda oldu\u011fu m\u00fcdd\u0259tl\u0259r c\u0259ml\u0259nm\u0259kl\u0259) ya\u015fay\u0131\u015f yeri \u00fczr\u0259 qeydiyyatda oldu\u011fu halda, s\u00f6k\u00fclm\u00fc\u015f binan\u0131n yerind\u0259 tikil\u0259n yeni binadan h\u0259min fiziki \u015f\u0259xs\u0259 veril\u0259n ya\u015fay\u0131\u015f sah\u0259sinin t\u0259qdim edilm\u0259sin\u0259 d\u0259 sad\u0259l\u0259\u015fdirilmi\u015f vergid\u0259n azadolmalar v\u0259 g\u00fcz\u0259\u015ftl\u0259r t\u0259tbiq edilir.<\/p>\n<p>Bu zaman sad\u0259l\u0259\u015fdirilmi\u015f vergid\u0259n azadolma yerli icra hakimiyy\u0259ti orqan\u0131 t\u0259r\u0259find\u0259n verilmi\u015f v\u0259 \u00f6z\u00fcnd\u0259 ya\u015fay\u0131\u015f sah\u0259l\u0259rinin s\u00f6k\u00fclm\u0259sini v\u0259 s\u00f6k\u00fclm\u00fc\u015f ya\u015fay\u0131\u015f sah\u0259sinin m\u00fcqabilind\u0259 yeni ya\u015fay\u0131\u015f sah\u0259sinin verilm\u0259sini t\u0259sdiq ed\u0259n aray\u0131\u015f \u0259sas\u0131nda fiziki \u015f\u0259xsin s\u00f6k\u00fclm\u00fc\u015f ya\u015fay\u0131\u015f sah\u0259sinin sah\u0259si h\u0259ddind\u0259 (art\u0131q sah\u0259 verildiyi halda is\u0259 s\u00f6k\u00fclm\u00fc\u015f ya\u015fay\u0131\u015f sah\u0259sinin 20 faizi h\u0259ddind\u0259 art\u0131q sah\u0259 \u00fczr\u0259) t\u0259tbiq edilir.<\/p>\n","protected":false},"excerpt":{"rendered":"<p>S\u00f6k\u00fclm\u00fc\u015f binalarda evi olan \u015f\u0259xsl\u0259r\u0259 yeni g\u00fcz\u0259\u015ftl\u0259r t\u0259tbiq edil\u0259c\u0259k. ARANTV.AZ\u00a0 x\u0259b\u0259r verir ki, bununla ba\u011fl\u0131 m\u0259s\u0259l\u0259 Milli M\u0259clisin \u0130qtisadi siyas\u0259t, s\u0259naye v\u0259 sahibkarl\u0131q komit\u0259sinin bu g\u00fcn ke\u00e7iril\u0259n iclas\u0131nda m\u00fczakir\u0259y\u0259 \u00e7\u0131xar\u0131lan Vergi M\u0259c\u0259ll\u0259sin\u0259 t\u0259klif edil\u0259n d\u0259yi\u015fiklikd\u0259 \u0259ksini tap\u0131b. D\u0259yi\u015fikliy\u0259 \u0259sas\u0259n, fiziki \u015f\u0259xs s\u00f6k\u00fclm\u00fc\u015f binada yerl\u0259\u015f\u0259n ya\u015fay\u0131\u015f sah\u0259sind\u0259 az\u0131 3 t\u0259qvim ili \u0259rzind\u0259 (s\u00f6k\u00fclm\u00fc\u015f v\u0259 s\u00f6k\u00fclm\u00fc\u015f binan\u0131n yerind\u0259 tikil\u0259n yeni binada ya\u015fay\u0131\u015f yeri \u00fczr\u0259 qeydiyyatda oldu\u011fu m\u00fcdd\u0259tl\u0259r c\u0259ml\u0259nm\u0259kl\u0259) ya\u015fay\u0131\u015f yeri \u00fczr\u0259 qeydiyyatda oldu\u011fu halda, s\u00f6k\u00fclm\u00fc\u015f binan\u0131n yerind\u0259 tikil\u0259n yeni binadan h\u0259min fiziki \u015f\u0259xs\u0259 veril\u0259n ya\u015fay\u0131\u015f sah\u0259sinin t\u0259qdim edilm\u0259sin\u0259 d\u0259 sad\u0259l\u0259\u015fdirilmi\u015f vergid\u0259n azadolmalar&hellip;<\/p>\n","protected":false},"author":2,"featured_media":398794,"comment_status":"closed","ping_status":"closed","sticky":false,"template":"","format":"standard","meta":{"om_disable_all_campaigns":false,"_monsterinsights_skip_tracking":false,"_monsterinsights_sitenote_active":false,"_monsterinsights_sitenote_note":"","_monsterinsights_sitenote_category":0},"categories":[26],"tags":[],"aioseo_notices":[],"gutentor_comment":0,"rttpg_featured_image_url":{"full":["https:\/\/arantv.az\/wp-content\/uploads\/2021\/11\/992870.jpg",800,600,false],"landscape":["https:\/\/arantv.az\/wp-content\/uploads\/2021\/11\/992870.jpg",800,600,false],"portraits":["https:\/\/arantv.az\/wp-content\/uploads\/2021\/11\/992870.jpg",800,600,false],"thumbnail":["https:\/\/arantv.az\/wp-content\/uploads\/2021\/11\/992870-500x280.jpg",500,280,true],"medium":["https:\/\/arantv.az\/wp-content\/uploads\/2021\/11\/992870-487x365.jpg",487,365,true],"large":["https:\/\/arantv.az\/wp-content\/uploads\/2021\/11\/992870.jpg",640,480,false],"1536x1536":["https:\/\/arantv.az\/wp-content\/uploads\/2021\/11\/992870.jpg",800,600,false],"2048x2048":["https:\/\/arantv.az\/wp-content\/uploads\/2021\/11\/992870.jpg",800,600,false],"post-thumbnail":["https:\/\/arantv.az\/wp-content\/uploads\/2021\/11\/992870-240x172.jpg",240,172,true],"advps-thumb-one":["https:\/\/arantv.az\/wp-content\/uploads\/2021\/11\/992870.jpg",800,600,false]},"rttpg_author":{"display_name":"V\u00fcsal Rafiqo\u011flu","author_link":"https:\/\/arantv.az\/?author=2"},"rttpg_comment":0,"rttpg_category":"<a href=\"https:\/\/arantv.az\/?cat=26\" rel=\"category\">Sosial<\/a>","rttpg_excerpt":"S\u00f6k\u00fclm\u00fc\u015f binalarda evi olan \u015f\u0259xsl\u0259r\u0259 yeni g\u00fcz\u0259\u015ftl\u0259r t\u0259tbiq edil\u0259c\u0259k. ARANTV.AZ\u00a0 x\u0259b\u0259r verir ki, bununla ba\u011fl\u0131 m\u0259s\u0259l\u0259 Milli M\u0259clisin \u0130qtisadi siyas\u0259t, s\u0259naye v\u0259 sahibkarl\u0131q komit\u0259sinin bu g\u00fcn ke\u00e7iril\u0259n iclas\u0131nda m\u00fczakir\u0259y\u0259 \u00e7\u0131xar\u0131lan Vergi M\u0259c\u0259ll\u0259sin\u0259 t\u0259klif edil\u0259n d\u0259yi\u015fiklikd\u0259 \u0259ksini tap\u0131b. D\u0259yi\u015fikliy\u0259 \u0259sas\u0259n, fiziki \u015f\u0259xs s\u00f6k\u00fclm\u00fc\u015f binada yerl\u0259\u015f\u0259n ya\u015fay\u0131\u015f sah\u0259sind\u0259 az\u0131 3 t\u0259qvim ili \u0259rzind\u0259 (s\u00f6k\u00fclm\u00fc\u015f v\u0259 s\u00f6k\u00fclm\u00fc\u015f binan\u0131n&hellip;","_links":{"self":[{"href":"https:\/\/arantv.az\/index.php?rest_route=\/wp\/v2\/posts\/398793"}],"collection":[{"href":"https:\/\/arantv.az\/index.php?rest_route=\/wp\/v2\/posts"}],"about":[{"href":"https:\/\/arantv.az\/index.php?rest_route=\/wp\/v2\/types\/post"}],"author":[{"embeddable":true,"href":"https:\/\/arantv.az\/index.php?rest_route=\/wp\/v2\/users\/2"}],"replies":[{"embeddable":true,"href":"https:\/\/arantv.az\/index.php?rest_route=%2Fwp%2Fv2%2Fcomments&post=398793"}],"version-history":[{"count":0,"href":"https:\/\/arantv.az\/index.php?rest_route=\/wp\/v2\/posts\/398793\/revisions"}],"wp:featuredmedia":[{"embeddable":true,"href":"https:\/\/arantv.az\/index.php?rest_route=\/wp\/v2\/media\/398794"}],"wp:attachment":[{"href":"https:\/\/arantv.az\/index.php?rest_route=%2Fwp%2Fv2%2Fmedia&parent=398793"}],"wp:term":[{"taxonomy":"category","embeddable":true,"href":"https:\/\/arantv.az\/index.php?rest_route=%2Fwp%2Fv2%2Fcategories&post=398793"},{"taxonomy":"post_tag","embeddable":true,"href":"https:\/\/arantv.az\/index.php?rest_route=%2Fwp%2Fv2%2Ftags&post=398793"}],"curies":[{"name":"wp","href":"https:\/\/api.w.org\/{rel}","templated":true}]}}