{"id":398833,"date":"2021-11-03T12:21:49","date_gmt":"2021-11-03T09:21:49","guid":{"rendered":"http:\/\/arantv.az\/?p=398833"},"modified":"2021-11-03T12:21:49","modified_gmt":"2021-11-03T09:21:49","slug":"prezident-nizami-g%c9%99nc%c9%99vi-beyn%c9%99lxalq-m%c9%99rk%c9%99zinin-h%c9%99ms%c9%99drl%c9%99rini-v%c9%99-idar%c9%99-hey%c9%99tinin-uzvl%c9%99rini-q%c9%99bul-edib","status":"publish","type":"post","link":"https:\/\/arantv.az\/?p=398833","title":{"rendered":"Prezident Nizami G\u0259nc\u0259vi Beyn\u0259lxalq M\u0259rk\u0259zinin h\u0259ms\u0259drl\u0259rini v\u0259 \u0130dar\u0259 Hey\u0259tinin \u00fczvl\u0259rini q\u0259bul edib"},"content":{"rendered":"<p>Az\u0259rbaycan Respublikas\u0131n\u0131n Prezidenti \u0130lham \u018fliyev noyabr\u0131n 3-d\u0259 Nizami G\u0259nc\u0259vi Beyn\u0259lxalq M\u0259rk\u0259zinin h\u0259ms\u0259drl\u0259ri Vayra Vike-Freyberqan\u0131 v\u0259 \u0130smail Serageldini, ke\u00e7mi\u015f d\u00f6vl\u0259t v\u0259 h\u00f6kum\u0259t ba\u015f\u00e7\u0131lar\u0131n\u0131, M\u0259rk\u0259zin \u0130dar\u0259 Hey\u0259tinin \u00fczvl\u0259rini q\u0259bul edib.<\/p>\n<p><strong>ARANTV.AZ\u00a0 x\u0259b\u0259r verir ki,<\/strong>\u00a0Nizami G\u0259nc\u0259vi Beyn\u0259lxalq M\u0259rk\u0259zinin \u0130dar\u0259 Hey\u0259tinin \u00fczvl\u0259ri M\u0259rk\u0259zin f\u0259aliyy\u0259tin\u0259 g\u00f6st\u0259rdiyi diqq\u0259t\u0259 v\u0259 d\u0259st\u0259y\u0259 g\u00f6r\u0259 Prezident \u0130lham \u018fliyev\u0259 minn\u0259tdarl\u0131qlar\u0131n\u0131 bildirdil\u0259r. 44 g\u00fcnl\u00fck V\u0259t\u0259n m\u00fcharib\u0259si zaman\u0131 M\u0259rk\u0259zin \u0130dar\u0259 Hey\u0259tinin \u00fczvl\u0259rinin Az\u0259rbaycan\u0131n haql\u0131 v\u0259 \u0259dal\u0259tli m\u00f6vqeyini d\u0259st\u0259kl\u0259y\u0259n \u00e7oxsayl\u0131 b\u0259yanatlarla \u00e7\u0131x\u0131\u015f etdikl\u0259ri qeyd olundu. Nizami G\u0259nc\u0259vi Beyn\u0259lxalq M\u0259rk\u0259zinin beyn\u0259lxalq t\u0259sisat kimi d\u00fcnyada rolunun v\u0259 n\u00fcfuzunun artmas\u0131 x\u00fcsusi vur\u011fuland\u0131.<\/p>\n<p>S\u00f6hb\u0259t zaman\u0131 noyabr\u0131n 4-d\u0259n 6-d\u0259k \u201cCOVID-19-dan sonrak\u0131 d\u00fcnya\u201d ad\u0131 alt\u0131nda ke\u00e7iril\u0259c\u0259k VIII Qlobal Bak\u0131 Forumunun \u00e7ox aktual m\u00f6vzuya h\u0259sr olundu\u011fu qeyd edildi. Nizami G\u0259nc\u0259vi Beyn\u0259lxalq M\u0259rk\u0259zinin \u0130dar\u0259 Hey\u0259tinin \u00fczvl\u0259ri pandemiyaya baxmayaraq, M\u0259rk\u0259zin aktiv f\u0259aliyy\u0259t g\u00f6st\u0259rm\u0259kd\u0259 davam etdiyini, \u00e7oxsayl\u0131 konfranslar ke\u00e7irdiyini v\u0259 dig\u0259r beyn\u0259lxalq t\u0259\u015fkilatlarla \u0259m\u0259kda\u015fl\u0131\u011f\u0131 inki\u015faf etdirdiyini bildirdil\u0259r. Forum \u00e7\u0259r\u00e7iv\u0259sind\u0259 M\u0259rk\u0259zin \u0130dar\u0259 Hey\u0259tinin \u00fczvl\u0259rinin v\u0259 dig\u0259r i\u015ftirak\u00e7\u0131lar\u0131n Az\u0259rbaycan\u0131n m\u0259d\u0259niyy\u0259t paytaxt\u0131 \u015eu\u015faya s\u0259f\u0259r ed\u0259c\u0259kl\u0259ri vur\u011fuland\u0131.<\/p>\n","protected":false},"excerpt":{"rendered":"<p>Az\u0259rbaycan Respublikas\u0131n\u0131n Prezidenti \u0130lham \u018fliyev noyabr\u0131n 3-d\u0259 Nizami G\u0259nc\u0259vi Beyn\u0259lxalq M\u0259rk\u0259zinin h\u0259ms\u0259drl\u0259ri Vayra Vike-Freyberqan\u0131 v\u0259 \u0130smail Serageldini, ke\u00e7mi\u015f d\u00f6vl\u0259t v\u0259 h\u00f6kum\u0259t ba\u015f\u00e7\u0131lar\u0131n\u0131, M\u0259rk\u0259zin \u0130dar\u0259 Hey\u0259tinin \u00fczvl\u0259rini q\u0259bul edib. ARANTV.AZ\u00a0 x\u0259b\u0259r verir ki,\u00a0Nizami G\u0259nc\u0259vi Beyn\u0259lxalq M\u0259rk\u0259zinin \u0130dar\u0259 Hey\u0259tinin \u00fczvl\u0259ri M\u0259rk\u0259zin f\u0259aliyy\u0259tin\u0259 g\u00f6st\u0259rdiyi diqq\u0259t\u0259 v\u0259 d\u0259st\u0259y\u0259 g\u00f6r\u0259 Prezident \u0130lham \u018fliyev\u0259 minn\u0259tdarl\u0131qlar\u0131n\u0131 bildirdil\u0259r. 44 g\u00fcnl\u00fck V\u0259t\u0259n m\u00fcharib\u0259si zaman\u0131 M\u0259rk\u0259zin \u0130dar\u0259 Hey\u0259tinin \u00fczvl\u0259rinin Az\u0259rbaycan\u0131n haql\u0131 v\u0259 \u0259dal\u0259tli m\u00f6vqeyini d\u0259st\u0259kl\u0259y\u0259n \u00e7oxsayl\u0131 b\u0259yanatlarla \u00e7\u0131x\u0131\u015f etdikl\u0259ri qeyd olundu. Nizami G\u0259nc\u0259vi Beyn\u0259lxalq M\u0259rk\u0259zinin beyn\u0259lxalq t\u0259sisat kimi d\u00fcnyada rolunun v\u0259 n\u00fcfuzunun artmas\u0131 x\u00fcsusi vur\u011fuland\u0131. S\u00f6hb\u0259t zaman\u0131 noyabr\u0131n 4-d\u0259n 6-d\u0259k&hellip;<\/p>\n","protected":false},"author":2,"featured_media":398834,"comment_status":"closed","ping_status":"closed","sticky":false,"template":"","format":"standard","meta":{"om_disable_all_campaigns":false,"_monsterinsights_skip_tracking":false,"_monsterinsights_sitenote_active":false,"_monsterinsights_sitenote_note":"","_monsterinsights_sitenote_category":0},"categories":[4],"tags":[],"aioseo_notices":[],"gutentor_comment":0,"rttpg_featured_image_url":{"full":["https:\/\/arantv.az\/wp-content\/uploads\/2021\/11\/4c5a9985163593108245135687910687182.jpg",975,540,false],"landscape":["https:\/\/arantv.az\/wp-content\/uploads\/2021\/11\/4c5a9985163593108245135687910687182.jpg",975,540,false],"portraits":["https:\/\/arantv.az\/wp-content\/uploads\/2021\/11\/4c5a9985163593108245135687910687182.jpg",975,540,false],"thumbnail":["https:\/\/arantv.az\/wp-content\/uploads\/2021\/11\/4c5a9985163593108245135687910687182-500x280.jpg",500,280,true],"medium":["https:\/\/arantv.az\/wp-content\/uploads\/2021\/11\/4c5a9985163593108245135687910687182-660x365.jpg",660,365,true],"large":["https:\/\/arantv.az\/wp-content\/uploads\/2021\/11\/4c5a9985163593108245135687910687182-840x465.jpg",640,354,true],"1536x1536":["https:\/\/arantv.az\/wp-content\/uploads\/2021\/11\/4c5a9985163593108245135687910687182.jpg",975,540,false],"2048x2048":["https:\/\/arantv.az\/wp-content\/uploads\/2021\/11\/4c5a9985163593108245135687910687182.jpg",975,540,false],"post-thumbnail":["https:\/\/arantv.az\/wp-content\/uploads\/2021\/11\/4c5a9985163593108245135687910687182-240x172.jpg",240,172,true],"advps-thumb-one":["https:\/\/arantv.az\/wp-content\/uploads\/2021\/11\/4c5a9985163593108245135687910687182.jpg",975,540,false]},"rttpg_author":{"display_name":"V\u00fcsal Rafiqo\u011flu","author_link":"https:\/\/arantv.az\/?author=2"},"rttpg_comment":0,"rttpg_category":"<a href=\"https:\/\/arantv.az\/?cat=4\" rel=\"category\">Siyas\u0259t<\/a>","rttpg_excerpt":"Az\u0259rbaycan Respublikas\u0131n\u0131n Prezidenti \u0130lham \u018fliyev noyabr\u0131n 3-d\u0259 Nizami G\u0259nc\u0259vi Beyn\u0259lxalq M\u0259rk\u0259zinin h\u0259ms\u0259drl\u0259ri Vayra Vike-Freyberqan\u0131 v\u0259 \u0130smail Serageldini, ke\u00e7mi\u015f d\u00f6vl\u0259t v\u0259 h\u00f6kum\u0259t ba\u015f\u00e7\u0131lar\u0131n\u0131, M\u0259rk\u0259zin \u0130dar\u0259 Hey\u0259tinin \u00fczvl\u0259rini q\u0259bul edib. ARANTV.AZ\u00a0 x\u0259b\u0259r verir ki,\u00a0Nizami G\u0259nc\u0259vi Beyn\u0259lxalq M\u0259rk\u0259zinin \u0130dar\u0259 Hey\u0259tinin \u00fczvl\u0259ri M\u0259rk\u0259zin f\u0259aliyy\u0259tin\u0259 g\u00f6st\u0259rdiyi diqq\u0259t\u0259 v\u0259 d\u0259st\u0259y\u0259 g\u00f6r\u0259 Prezident \u0130lham \u018fliyev\u0259 minn\u0259tdarl\u0131qlar\u0131n\u0131 bildirdil\u0259r. 44 g\u00fcnl\u00fck V\u0259t\u0259n m\u00fcharib\u0259si zaman\u0131&hellip;","_links":{"self":[{"href":"https:\/\/arantv.az\/index.php?rest_route=\/wp\/v2\/posts\/398833"}],"collection":[{"href":"https:\/\/arantv.az\/index.php?rest_route=\/wp\/v2\/posts"}],"about":[{"href":"https:\/\/arantv.az\/index.php?rest_route=\/wp\/v2\/types\/post"}],"author":[{"embeddable":true,"href":"https:\/\/arantv.az\/index.php?rest_route=\/wp\/v2\/users\/2"}],"replies":[{"embeddable":true,"href":"https:\/\/arantv.az\/index.php?rest_route=%2Fwp%2Fv2%2Fcomments&post=398833"}],"version-history":[{"count":0,"href":"https:\/\/arantv.az\/index.php?rest_route=\/wp\/v2\/posts\/398833\/revisions"}],"wp:featuredmedia":[{"embeddable":true,"href":"https:\/\/arantv.az\/index.php?rest_route=\/wp\/v2\/media\/398834"}],"wp:attachment":[{"href":"https:\/\/arantv.az\/index.php?rest_route=%2Fwp%2Fv2%2Fmedia&parent=398833"}],"wp:term":[{"taxonomy":"category","embeddable":true,"href":"https:\/\/arantv.az\/index.php?rest_route=%2Fwp%2Fv2%2Fcategories&post=398833"},{"taxonomy":"post_tag","embeddable":true,"href":"https:\/\/arantv.az\/index.php?rest_route=%2Fwp%2Fv2%2Ftags&post=398833"}],"curies":[{"name":"wp","href":"https:\/\/api.w.org\/{rel}","templated":true}]}}