{"id":398842,"date":"2021-11-03T12:40:30","date_gmt":"2021-11-03T09:40:30","guid":{"rendered":"http:\/\/arantv.az\/?p=398842"},"modified":"2021-11-03T12:40:30","modified_gmt":"2021-11-03T09:40:30","slug":"z%c9%99f%c9%99r-gunun%c9%99-h%c9%99sr-edil%c9%99n-qarabag-z%c9%99f%c9%99ri-susa-kitabi-capdan-cixib","status":"publish","type":"post","link":"https:\/\/arantv.az\/?p=398842","title":{"rendered":"Z\u0259f\u0259r G\u00fcn\u00fcn\u0259 h\u0259sr edil\u0259n \u201cQaraba\u011f Z\u0259f\u0259ri-\u015eu\u015fa\u201d kitab\u0131 \u00e7apdan \u00e7\u0131x\u0131b"},"content":{"rendered":"<p>Siyasi elml\u0259r \u00fczr\u0259 f\u0259ls\u0259f\u0259 doktoru, dosent Zaur \u018fliyevin \u201cQaraba\u011f Z\u0259f\u0259ri-\u015eu\u015fa\u201d kitab\u0131 \u00e7apdan \u00e7\u0131x\u0131b.<\/p>\n<p>Kitab 44 g\u00fcnl\u00fck m\u00fcharib\u0259nin memarlar\u0131 olan Az\u0259rbaycan Ordusuna v\u0259 bu g\u00fcnl\u0259r \u0259rzind\u0259 ordunun yan\u0131nda olan Az\u0259rbaycan xalq\u0131n\u0131n \u0259zmin\u0259 v\u0259 q\u0259l\u0259b\u0259sin\u0259 h\u0259sr edilib.<\/p>\n<p>\u015eu\u015fa ist\u0259r yerl\u0259\u015fdiyi co\u011frafi m\u00f6vqe, ist\u0259rs\u0259 d\u0259 tarixi v\u0259 m\u0259d\u0259ni imkanlar\u0131na g\u00f6r\u0259 ciddi \u015f\u0259kild\u0259 f\u0259rql\u0259nir. \u015eu\u015fa\u00a0sad\u0259c\u0259\u00a0co\u011frafi bax\u0131mdan\u00a0Az\u0259rbaycan\u0131n\u00a0Qaraba\u011f \u00fcz\u0259rind\u0259 suveren h\u00fcququnu n\u00fcmayi\u015f etdir\u0259n \u0259sas ya\u015fay\u0131\u015f m\u0259nt\u0259q\u0259si kimi strateji \u0259h\u0259miyy\u0259t k\u0259sb ed\u0259n bir yer deyil, eyni zamanda m\u0259d\u0259niyy\u0259tin be\u015fiyi, bir \u00e7ox g\u00f6rk\u0259mli s\u0259n\u0259tkarlar\u0131n, musiqi\u00e7i, memar, r\u0259ssam v\u0259 \u0259dibl\u0259rin, d\u00fcnya m\u0259d\u0259niyy\u0259t x\u0259zin\u0259sin\u0259 b\u00f6y\u00fck t\u00f6hf\u0259l\u0259r vermi\u015f \u015f\u0259xsiyy\u0259tl\u0259rin yeti\u015fdiyi bir \u015f\u0259h\u0259rdir.<\/p>\n<div id=\"AdviadNativeVideo0\" class=\"AdviadNativeVideo\"><\/div>\n<p>M\u0259hz bu bax\u0131mdan \u015eu\u015fa \u015f\u0259h\u0259rinin tarixini v\u0259 toponiml\u0259rini, omoniml\u0259rini v\u0259\u00a0oykoniml\u0259rini \u00f6yr\u0259nm\u0259k Az\u0259rbaycan elmind\u0259 m\u00fch\u00fcm i\u015fl\u0259rd\u0259n biri hesab edilir. T\u0259qdim edil\u0259n kitabda Az\u0259rbaycan\u0131n \u0259n q\u0259dim \u015f\u0259h\u0259ri olan \u015eu\u015fan\u0131n tarixi v\u0259 i\u015f\u011fala q\u0259d\u0259r olan d\u00f6vr\u00fc, h\u0259m\u00e7inin 2020-ci ild\u0259 azad olunmas\u0131 v\u0259 ondan sonra at\u0131lan add\u0131mlar ara\u015fd\u0131r\u0131l\u0131b.<\/p>\n<p>Az\u0259rbaycan xalq\u0131n\u0131n m\u0259d\u0259niyy\u0259tind\u0259 m\u00fch\u00fcm rol oynayan \u015eu\u015fa \u015f\u0259h\u0259rind\u0259 ba\u015f ver\u0259n vacib hadis\u0259l\u0259r, \u015f\u0259h\u0259rin iqtisadi, siyasi, tarixi, m\u0259d\u0259ni h\u0259yat\u0131 s\u0259n\u0259dl\u0259rl\u0259, qaynaqlarda, arxiv s\u0259n\u0259dl\u0259rind\u0259, yerli v\u0259 xarici aliml\u0259rin t\u0259dqiqatlar\u0131n bilgisi il\u0259 q\u0259l\u0259m\u0259 al\u0131n\u0131b oxucular\u0131n \u00f6n\u00fcn\u0259 \u00e7\u0131xar\u0131l\u0131b. Ayd\u0131nd\u0131r ki, xalq\u0131n tarixi kimi, s\u00f6z\u00fcn d\u0259 tarixi var. Bu m\u0259nada\u00a0tarixi-toponimik ara\u015fd\u0131rmalar ke\u00e7mi\u015f v\u0259 \u00f6t\u0259nl\u0259r haqq\u0131nda olsa da, ke\u00e7mi\u015f \u00fc\u00e7\u00fcn yox, bu g\u00fcn \u00fc\u00e7\u00fcn, bu g\u00fcn\u00fc d\u0259rk etm\u0259k v\u0259 sabahlara yol a\u00e7maq \u00fc\u00e7\u00fcnd\u00fcr. Qeyd ed\u0259k ki, t\u0259qdim edil\u0259n kitab Zaur \u018fliyevin sayca 170-ci kitab\u0131d\u0131r v\u0259 burada d\u0259y\u0259rli aliml\u0259rin v\u0259 diaspor \u00fczvl\u0259rinin r\u0259yl\u0259ri \u00f6z \u0259ksini tap\u0131b.<\/p>\n<p>Kitab geni\u015f oxucu k\u00fctl\u0259si v\u0259 Qaraba\u011f tarixini ara\u015fd\u0131ran t\u0259dqiqat\u00e7\u0131lar \u00fc\u00e7\u00fcn n\u0259z\u0259rd\u0259 tutulub.<\/p>\n","protected":false},"excerpt":{"rendered":"<p>Siyasi elml\u0259r \u00fczr\u0259 f\u0259ls\u0259f\u0259 doktoru, dosent Zaur \u018fliyevin \u201cQaraba\u011f Z\u0259f\u0259ri-\u015eu\u015fa\u201d kitab\u0131 \u00e7apdan \u00e7\u0131x\u0131b. Kitab 44 g\u00fcnl\u00fck m\u00fcharib\u0259nin memarlar\u0131 olan Az\u0259rbaycan Ordusuna v\u0259 bu g\u00fcnl\u0259r \u0259rzind\u0259 ordunun yan\u0131nda olan Az\u0259rbaycan xalq\u0131n\u0131n \u0259zmin\u0259 v\u0259 q\u0259l\u0259b\u0259sin\u0259 h\u0259sr edilib. \u015eu\u015fa ist\u0259r yerl\u0259\u015fdiyi co\u011frafi m\u00f6vqe, ist\u0259rs\u0259 d\u0259 tarixi v\u0259 m\u0259d\u0259ni imkanlar\u0131na g\u00f6r\u0259 ciddi \u015f\u0259kild\u0259 f\u0259rql\u0259nir. \u015eu\u015fa\u00a0sad\u0259c\u0259\u00a0co\u011frafi bax\u0131mdan\u00a0Az\u0259rbaycan\u0131n\u00a0Qaraba\u011f \u00fcz\u0259rind\u0259 suveren h\u00fcququnu n\u00fcmayi\u015f etdir\u0259n \u0259sas ya\u015fay\u0131\u015f m\u0259nt\u0259q\u0259si kimi strateji \u0259h\u0259miyy\u0259t k\u0259sb ed\u0259n bir yer deyil, eyni zamanda m\u0259d\u0259niyy\u0259tin be\u015fiyi, bir \u00e7ox g\u00f6rk\u0259mli s\u0259n\u0259tkarlar\u0131n, musiqi\u00e7i, memar, r\u0259ssam v\u0259 \u0259dibl\u0259rin, d\u00fcnya m\u0259d\u0259niyy\u0259t x\u0259zin\u0259sin\u0259 b\u00f6y\u00fck t\u00f6hf\u0259l\u0259r vermi\u015f \u015f\u0259xsiyy\u0259tl\u0259rin yeti\u015fdiyi bir&hellip;<\/p>\n","protected":false},"author":2,"featured_media":398843,"comment_status":"closed","ping_status":"closed","sticky":false,"template":"","format":"standard","meta":{"om_disable_all_campaigns":false,"_monsterinsights_skip_tracking":false,"_monsterinsights_sitenote_active":false,"_monsterinsights_sitenote_note":"","_monsterinsights_sitenote_category":0},"categories":[26],"tags":[],"aioseo_notices":[],"gutentor_comment":0,"rttpg_featured_image_url":{"full":["https:\/\/arantv.az\/wp-content\/uploads\/2021\/11\/zaur.jpg",620,436,false],"landscape":["https:\/\/arantv.az\/wp-content\/uploads\/2021\/11\/zaur.jpg",620,436,false],"portraits":["https:\/\/arantv.az\/wp-content\/uploads\/2021\/11\/zaur.jpg",620,436,false],"thumbnail":["https:\/\/arantv.az\/wp-content\/uploads\/2021\/11\/zaur-500x280.jpg",500,280,true],"medium":["https:\/\/arantv.az\/wp-content\/uploads\/2021\/11\/zaur-519x365.jpg",519,365,true],"large":["https:\/\/arantv.az\/wp-content\/uploads\/2021\/11\/zaur.jpg",620,436,false],"1536x1536":["https:\/\/arantv.az\/wp-content\/uploads\/2021\/11\/zaur.jpg",620,436,false],"2048x2048":["https:\/\/arantv.az\/wp-content\/uploads\/2021\/11\/zaur.jpg",620,436,false],"post-thumbnail":["https:\/\/arantv.az\/wp-content\/uploads\/2021\/11\/zaur-240x172.jpg",240,172,true],"advps-thumb-one":["https:\/\/arantv.az\/wp-content\/uploads\/2021\/11\/zaur.jpg",620,436,false]},"rttpg_author":{"display_name":"V\u00fcsal Rafiqo\u011flu","author_link":"https:\/\/arantv.az\/?author=2"},"rttpg_comment":0,"rttpg_category":"<a href=\"https:\/\/arantv.az\/?cat=26\" rel=\"category\">Sosial<\/a>","rttpg_excerpt":"Siyasi elml\u0259r \u00fczr\u0259 f\u0259ls\u0259f\u0259 doktoru, dosent Zaur \u018fliyevin \u201cQaraba\u011f Z\u0259f\u0259ri-\u015eu\u015fa\u201d kitab\u0131 \u00e7apdan \u00e7\u0131x\u0131b. Kitab 44 g\u00fcnl\u00fck m\u00fcharib\u0259nin memarlar\u0131 olan Az\u0259rbaycan Ordusuna v\u0259 bu g\u00fcnl\u0259r \u0259rzind\u0259 ordunun yan\u0131nda olan Az\u0259rbaycan xalq\u0131n\u0131n \u0259zmin\u0259 v\u0259 q\u0259l\u0259b\u0259sin\u0259 h\u0259sr edilib. \u015eu\u015fa ist\u0259r yerl\u0259\u015fdiyi co\u011frafi m\u00f6vqe, ist\u0259rs\u0259 d\u0259 tarixi v\u0259 m\u0259d\u0259ni imkanlar\u0131na g\u00f6r\u0259 ciddi \u015f\u0259kild\u0259 f\u0259rql\u0259nir. \u015eu\u015fa\u00a0sad\u0259c\u0259\u00a0co\u011frafi bax\u0131mdan\u00a0Az\u0259rbaycan\u0131n\u00a0Qaraba\u011f \u00fcz\u0259rind\u0259 suveren h\u00fcququnu&hellip;","_links":{"self":[{"href":"https:\/\/arantv.az\/index.php?rest_route=\/wp\/v2\/posts\/398842"}],"collection":[{"href":"https:\/\/arantv.az\/index.php?rest_route=\/wp\/v2\/posts"}],"about":[{"href":"https:\/\/arantv.az\/index.php?rest_route=\/wp\/v2\/types\/post"}],"author":[{"embeddable":true,"href":"https:\/\/arantv.az\/index.php?rest_route=\/wp\/v2\/users\/2"}],"replies":[{"embeddable":true,"href":"https:\/\/arantv.az\/index.php?rest_route=%2Fwp%2Fv2%2Fcomments&post=398842"}],"version-history":[{"count":0,"href":"https:\/\/arantv.az\/index.php?rest_route=\/wp\/v2\/posts\/398842\/revisions"}],"wp:featuredmedia":[{"embeddable":true,"href":"https:\/\/arantv.az\/index.php?rest_route=\/wp\/v2\/media\/398843"}],"wp:attachment":[{"href":"https:\/\/arantv.az\/index.php?rest_route=%2Fwp%2Fv2%2Fmedia&parent=398842"}],"wp:term":[{"taxonomy":"category","embeddable":true,"href":"https:\/\/arantv.az\/index.php?rest_route=%2Fwp%2Fv2%2Fcategories&post=398842"},{"taxonomy":"post_tag","embeddable":true,"href":"https:\/\/arantv.az\/index.php?rest_route=%2Fwp%2Fv2%2Ftags&post=398842"}],"curies":[{"name":"wp","href":"https:\/\/api.w.org\/{rel}","templated":true}]}}