{"id":398845,"date":"2021-11-03T12:41:22","date_gmt":"2021-11-03T09:41:22","guid":{"rendered":"http:\/\/arantv.az\/?p=398845"},"modified":"2021-11-03T12:41:22","modified_gmt":"2021-11-03T09:41:22","slug":"s%c9%99lim-muslumovun-atasi-ona-hec-azadliq-da-arzulamiram","status":"publish","type":"post","link":"https:\/\/arantv.az\/?p=398845","title":{"rendered":"S\u0259lim M\u00fcsl\u00fcmovun atas\u0131: \u201cOna he\u00e7 azadl\u0131q da arzulam\u0131ram\u201d"},"content":{"rendered":"<p>1 noyabr 1961-ci ild\u0259 d\u00fcnyaya g\u0259l\u0259n\u00a0sabiq\u00a0\u0259m\u0259k v\u0259 \u0259halinin sosial m\u00fcdafi\u0259si naziri S\u0259lim M\u00fcsl\u00fcmov 60 illik yubileyini d\u0259mir barmaql\u0131qlar arxas\u0131nda qeyd edib.<\/p>\n<p>Bu bar\u0259d\u0259\u00a0Modern.az-a dan\u0131\u015fan sabiq nazirin atas\u0131 Yanvar M\u00fcsl\u00fcmov o\u011fluna arzular\u0131n\u0131 dil\u0259 g\u0259tirib:<\/p>\n<p>\u201cS\u0259lim\u0259 ancaq v\u0259 ancaq can sa\u011fl\u0131\u011f\u0131 arzulay\u0131ram. \u0130ndiki zamanda bundan m\u00fch\u00fcm, bundan ali\u00a0he\u00e7 n\u0259 yoxdur. Ona g\u00f6r\u0259 d\u0259 o\u011fluma yaln\u0131z can sa\u011fl\u0131\u011f\u0131 arzulay\u0131ram. \u0130nan\u0131n ki, he\u00e7 azadl\u0131q da arzulam\u0131ram. Birc\u0259 can\u0131 sa\u011f olsun, bu d\u00fcnyan\u0131 b\u00fcr\u00fcy\u0259n koronavirus ondan uzaq olsun, ba\u015fqa he\u00e7 n\u0259 ist\u0259mir\u0259m\u201d.<\/p>\n<div id=\"AdviadNativeVideo0\" class=\"AdviadNativeVideo\"><\/div>\n<p>Y.M\u00fcsl\u00fcmov eyni zamanda, \u00f6z s\u0259hh\u0259tind\u0259n d\u0259 dan\u0131\u015f\u0131b:<\/p>\n<p>\u201cYa\u015fl\u0131 adamam, bir yerim d\u00fcz\u0259lir, o biri yerim a\u011fr\u0131y\u0131r. Ya\u015f\u0131ma g\u00f6r\u0259 d\u00fc\u015f\u00fcn\u00fcr\u0259m ki, normald\u0131r, bel\u0259 d\u0259 olmal\u0131d\u0131r. Ayaqlar\u0131m da \u00e7ox a\u011fr\u0131y\u0131r, uzaq yol da ged\u0259 bilmir\u0259m ki, S\u0259lim\u0259 ba\u015f \u00e7\u0259kim. Dan\u0131\u015fanda ancaq deyir ki, yax\u015f\u0131yam, narahat olma m\u0259nd\u0259n. M\u0259nim d\u0259 g\u00fcc\u00fcm dua etm\u0259y\u0259 \u00e7at\u0131r. Allah he\u00e7 kimi azadl\u0131q demir\u0259m, can sa\u011fl\u0131\u011f\u0131 il\u0259 s\u0131na\u011fa \u00e7\u0259km\u0259sin birc\u0259\u201d.<\/p>\n<p>D\u00f6vl\u0259t T\u0259hl\u00fck\u0259sizliyi Xidm\u0259tinin (DTX) m\u0259lumat\u0131na g\u00f6r\u0259, S\u0259lim M\u00fcsl\u00fcmov Az\u0259rbaycan Respublikas\u0131 Cinay\u0259t M\u0259c\u0259ll\u0259sinin 308.2-ci (a\u011f\u0131r n\u0259tic\u0259l\u0259r\u0259 s\u0259b\u0259b olan v\u0259zif\u0259 s\u0259lahiyy\u0259tl\u0259rind\u0259n sui-istifad\u0259), 311.3.2-ci v\u0259 311.3.3-c\u00fc madd\u0259l\u0259ri (t\u0259krar k\u00fclli miqdarda r\u00fc\u015fv\u0259t alma) il\u0259 t\u0259qsirl\u0259ndiril\u0259n \u015f\u0259xs qismind\u0259 m\u0259suliyy\u0259t\u0259 c\u0259lb olunaraq bar\u0259sind\u0259 m\u0259hk\u0259m\u0259nin q\u0259rar\u0131 il\u0259 h\u0259bs q\u0259timkan t\u0259dbiri se\u00e7ilib. Haz\u0131rda istintaq-\u0259m\u0259liyyat t\u0259dbirl\u0259ri davam etdirilir.<\/p>\n<p>S\u0259lim M\u00fcsl\u00fcmov 1995-ci ild\u0259n b\u0259ri y\u00fcks\u0259k v\u0259zif\u0259l\u0259r tutub. Bel\u0259 ki, o, 1995-ci ilin iyulundan 2000-ci ilin mart\u0131nad\u0259k Maliyy\u0259 Nazirliyind\u0259 idar\u0259 r\u0259isi v\u0259zif\u0259sind\u0259 \u00e7al\u0131\u015f\u0131b. 2000-ci ilin mart\u0131nda D\u00f6vl\u0259t G\u00f6mr\u00fck Komit\u0259sinin s\u0259dr m\u00fcavini t\u0259yin edilib. 2002-ci ilin 17 dekabr\u0131nda D\u00f6vl\u0259t Sosial M\u00fcdafi\u0259 Fondunun s\u0259dri v\u0259zif\u0259sin\u0259 g\u0259tirilib. 2013-c\u00fc ild\u0259n 2018-ci ilin 21 aprelin\u0259 kimi is\u0259 \u0259m\u0259k v\u0259 \u0259halinin sosial m\u00fcdafi\u0259si naziri i\u015fl\u0259yib. 2018-ci ilin sentyabr\u0131nda Milli Aviasiya Akademiyas\u0131n\u0131n D\u00fcnya iqtisadiyyat\u0131 kafedras\u0131nda m\u00fcdir v\u0259zif\u0259sin\u0259 t\u0259yin olunub. \u0130qtisad elml\u0259ri doktoru, professordur.<\/p>\n<p>Yeri g\u0259lmi\u015fk\u0259n, eks-nazirin y\u00fcks\u0259k r\u00fctb\u0259si d\u0259 var &#8211; 17 yanvar 2002-ci ild\u0259 \u00f6lk\u0259 Prezidentinin f\u0259rman\u0131 il\u0259 ona g\u00f6mr\u00fck xidm\u0259ti general-mayoru r\u00fctb\u0259si verilib.<\/p>\n<p>Bu, S\u0259lim M\u00fcsl\u00fcmovun ilk h\u0259bsi deyil.\u00a0Onun ad\u0131 maliyy\u0259 qalmaqal\u0131nda ilk d\u0259f\u0259 1995-ci ild\u0259 hallan\u0131b. O zaman Az\u0259rbaycan \u018fman\u0259t Bank\u0131n\u0131n\u00a0S\u0259bail filial\u0131n\u0131n r\u0259hb\u0259ri B\u0259\u015f\u0259r Hac\u0131yev, Maliyy\u0259 Nazirliyinin idar\u0259 r\u0259isi S\u0259lim M\u00fcsl\u00fcmov v\u0259 S\u0259bailin icra ba\u015f\u00e7\u0131s\u0131n\u0131n birinci m\u00fcavini H\u00fcseyn H\u00fcseynov 50 milyon dollar\u0131 m\u0259nims\u0259m\u0259kd\u0259 ittiham edilmi\u015fdil\u0259r. Bel\u0259 ki, bununla ba\u011fl\u0131 yay\u0131lan m\u0259lumatlarda bildirilirdi ki, S\u0259lim M\u00fcsl\u00fcmov Maliyy\u0259 Nazirliyind\u0259 idar\u0259 r\u0259isi v\u0259zif\u0259sind\u0259 \u00e7al\u0131\u015fark\u0259n Az\u0259rbaycan \u018fman\u0259t Bank\u0131ndan (indiki Kapital Bank) milyonlarla v\u0259saitin \u201cyoxa\u201d \u00e7\u0131xmas\u0131 il\u0259 \u0259laq\u0259dar m\u0259suliyy\u0259t\u0259 c\u0259lb olunub. H\u0259min d\u00f6n\u0259md\u0259 saxlan\u0131lan S\u0259lim M\u00fcsl\u00fcmov alt\u0131\u00a0aydan sonra azadl\u0131\u011fa burax\u0131l\u0131b.<\/p>\n","protected":false},"excerpt":{"rendered":"<p>1 noyabr 1961-ci ild\u0259 d\u00fcnyaya g\u0259l\u0259n\u00a0sabiq\u00a0\u0259m\u0259k v\u0259 \u0259halinin sosial m\u00fcdafi\u0259si naziri S\u0259lim M\u00fcsl\u00fcmov 60 illik yubileyini d\u0259mir barmaql\u0131qlar arxas\u0131nda qeyd edib. Bu bar\u0259d\u0259\u00a0Modern.az-a dan\u0131\u015fan sabiq nazirin atas\u0131 Yanvar M\u00fcsl\u00fcmov o\u011fluna arzular\u0131n\u0131 dil\u0259 g\u0259tirib: \u201cS\u0259lim\u0259 ancaq v\u0259 ancaq can sa\u011fl\u0131\u011f\u0131 arzulay\u0131ram. \u0130ndiki zamanda bundan m\u00fch\u00fcm, bundan ali\u00a0he\u00e7 n\u0259 yoxdur. Ona g\u00f6r\u0259 d\u0259 o\u011fluma yaln\u0131z can sa\u011fl\u0131\u011f\u0131 arzulay\u0131ram. \u0130nan\u0131n ki, he\u00e7 azadl\u0131q da arzulam\u0131ram. Birc\u0259 can\u0131 sa\u011f olsun, bu d\u00fcnyan\u0131 b\u00fcr\u00fcy\u0259n koronavirus ondan uzaq olsun, ba\u015fqa he\u00e7 n\u0259 ist\u0259mir\u0259m\u201d. Y.M\u00fcsl\u00fcmov eyni zamanda, \u00f6z s\u0259hh\u0259tind\u0259n d\u0259 dan\u0131\u015f\u0131b: \u201cYa\u015fl\u0131 adamam, bir yerim d\u00fcz\u0259lir, o&hellip;<\/p>\n","protected":false},"author":2,"featured_media":398846,"comment_status":"closed","ping_status":"closed","sticky":false,"template":"","format":"standard","meta":{"om_disable_all_campaigns":false,"_monsterinsights_skip_tracking":false,"_monsterinsights_sitenote_active":false,"_monsterinsights_sitenote_note":"","_monsterinsights_sitenote_category":0},"categories":[26],"tags":[],"aioseo_notices":[],"gutentor_comment":0,"rttpg_featured_image_url":{"full":["https:\/\/arantv.az\/wp-content\/uploads\/2021\/11\/FotoJet-2021-11-03T123749.259.jpg",620,413,false],"landscape":["https:\/\/arantv.az\/wp-content\/uploads\/2021\/11\/FotoJet-2021-11-03T123749.259.jpg",620,413,false],"portraits":["https:\/\/arantv.az\/wp-content\/uploads\/2021\/11\/FotoJet-2021-11-03T123749.259.jpg",620,413,false],"thumbnail":["https:\/\/arantv.az\/wp-content\/uploads\/2021\/11\/FotoJet-2021-11-03T123749.259-500x280.jpg",500,280,true],"medium":["https:\/\/arantv.az\/wp-content\/uploads\/2021\/11\/FotoJet-2021-11-03T123749.259-548x365.jpg",548,365,true],"large":["https:\/\/arantv.az\/wp-content\/uploads\/2021\/11\/FotoJet-2021-11-03T123749.259.jpg",620,413,false],"1536x1536":["https:\/\/arantv.az\/wp-content\/uploads\/2021\/11\/FotoJet-2021-11-03T123749.259.jpg",620,413,false],"2048x2048":["https:\/\/arantv.az\/wp-content\/uploads\/2021\/11\/FotoJet-2021-11-03T123749.259.jpg",620,413,false],"post-thumbnail":["https:\/\/arantv.az\/wp-content\/uploads\/2021\/11\/FotoJet-2021-11-03T123749.259-240x172.jpg",240,172,true],"advps-thumb-one":["https:\/\/arantv.az\/wp-content\/uploads\/2021\/11\/FotoJet-2021-11-03T123749.259.jpg",620,413,false]},"rttpg_author":{"display_name":"V\u00fcsal Rafiqo\u011flu","author_link":"https:\/\/arantv.az\/?author=2"},"rttpg_comment":0,"rttpg_category":"<a href=\"https:\/\/arantv.az\/?cat=26\" rel=\"category\">Sosial<\/a>","rttpg_excerpt":"1 noyabr 1961-ci ild\u0259 d\u00fcnyaya g\u0259l\u0259n\u00a0sabiq\u00a0\u0259m\u0259k v\u0259 \u0259halinin sosial m\u00fcdafi\u0259si naziri S\u0259lim M\u00fcsl\u00fcmov 60 illik yubileyini d\u0259mir barmaql\u0131qlar arxas\u0131nda qeyd edib. Bu bar\u0259d\u0259\u00a0Modern.az-a dan\u0131\u015fan sabiq nazirin atas\u0131 Yanvar M\u00fcsl\u00fcmov o\u011fluna arzular\u0131n\u0131 dil\u0259 g\u0259tirib: \u201cS\u0259lim\u0259 ancaq v\u0259 ancaq can sa\u011fl\u0131\u011f\u0131 arzulay\u0131ram. \u0130ndiki zamanda bundan m\u00fch\u00fcm, bundan ali\u00a0he\u00e7 n\u0259 yoxdur. Ona g\u00f6r\u0259 d\u0259 o\u011fluma yaln\u0131z can sa\u011fl\u0131\u011f\u0131&hellip;","_links":{"self":[{"href":"https:\/\/arantv.az\/index.php?rest_route=\/wp\/v2\/posts\/398845"}],"collection":[{"href":"https:\/\/arantv.az\/index.php?rest_route=\/wp\/v2\/posts"}],"about":[{"href":"https:\/\/arantv.az\/index.php?rest_route=\/wp\/v2\/types\/post"}],"author":[{"embeddable":true,"href":"https:\/\/arantv.az\/index.php?rest_route=\/wp\/v2\/users\/2"}],"replies":[{"embeddable":true,"href":"https:\/\/arantv.az\/index.php?rest_route=%2Fwp%2Fv2%2Fcomments&post=398845"}],"version-history":[{"count":0,"href":"https:\/\/arantv.az\/index.php?rest_route=\/wp\/v2\/posts\/398845\/revisions"}],"wp:featuredmedia":[{"embeddable":true,"href":"https:\/\/arantv.az\/index.php?rest_route=\/wp\/v2\/media\/398846"}],"wp:attachment":[{"href":"https:\/\/arantv.az\/index.php?rest_route=%2Fwp%2Fv2%2Fmedia&parent=398845"}],"wp:term":[{"taxonomy":"category","embeddable":true,"href":"https:\/\/arantv.az\/index.php?rest_route=%2Fwp%2Fv2%2Fcategories&post=398845"},{"taxonomy":"post_tag","embeddable":true,"href":"https:\/\/arantv.az\/index.php?rest_route=%2Fwp%2Fv2%2Ftags&post=398845"}],"curies":[{"name":"wp","href":"https:\/\/api.w.org\/{rel}","templated":true}]}}