{"id":398848,"date":"2021-11-03T12:42:47","date_gmt":"2021-11-03T09:42:47","guid":{"rendered":"http:\/\/arantv.az\/?p=398848"},"modified":"2021-11-03T12:42:47","modified_gmt":"2021-11-03T09:42:47","slug":"q%c9%99hr%c9%99man-s%c9%99hidimiz-elxan-rzayev-o-4-medalla-t%c9%99ltif-edilib-video","status":"publish","type":"post","link":"https:\/\/arantv.az\/?p=398848","title":{"rendered":"Q\u0259hr\u0259man \u015f\u0259hidimiz Elxan Rzayev &#8211; O, 4 medalla t\u0259ltif edilib &#8211; V\u0130DEO"},"content":{"rendered":"<div class=\"article_text\">\n<p><strong>V\u0259t\u0259n m\u00fcharib\u0259sind\u0259 \u015f\u0259had\u0259t\u0259 ucalm\u0131\u015f q\u0259hr\u0259manlar\u0131m\u0131zdan biri d\u0259 Sabirabad rayon sakini Elxan Rzayevdir.<\/strong><\/p>\n<p>Xezerxeber.az-\u0131n m\u0259lumat\u0131na g\u00f6r\u0259, Elxan Rzayev 1994-c\u00fc ild\u0259 rayonun Q\u0259zli k\u0259ndind\u0259 anadan olub.<\/p>\n<p>Orta m\u0259kt\u0259bi bitirdikd\u0259n sonra, 2012-2014-c\u00fc ill\u0259rd\u0259 h\u0259rbi xidm\u0259td\u0259 olub. Daha sonra Bak\u0131 D\u00f6vl\u0259t Komp\u00fcter Kollecind\u0259 t\u0259hsil al\u0131b v\u0259 k\u0259ndl\u0259rind\u0259ki m\u0259kt\u0259bd\u0259 informatika m\u00fc\u0259llimi kimi pedaqoji f\u0259aliyy\u0259t\u0259 ba\u015flay\u0131b.<\/p>\n<p>Elxan Rzayev 2020-ci ild\u0259 Sumqay\u0131t D\u00f6vl\u0259t Universitetin\u0259 daxil olsa da, \u0130kinci Qaraba\u011f m\u00fcharib\u0259sinin ba\u015flanmas\u0131 onun yolunu universitet auditoriyas\u0131ndan deyil, c\u0259bh\u0259d\u0259n sal\u0131b.<\/p>\n<p>Sentyabr\u0131n 29-dan d\u00f6y\u00fc\u015fl\u0259r\u0259 qat\u0131lan Elxan Rzayev C\u0259bray\u0131l u\u011frunda ged\u0259n \u015fidd\u0259tli d\u00f6y\u00fc\u015fl\u0259r zaman\u0131 yaralan\u0131b. Tibbi yard\u0131m g\u00f6st\u0259rildikd\u0259n sonra d\u00f6y\u00fc\u015f\u0259 davam edib.<\/p>\n<p>Q\u0259hr\u0259man\u0131m\u0131z Qudadl\u0131 istiqam\u0259tind\u0259 ged\u0259n d\u00f6y\u00fc\u015fl\u0259rd\u0259 d\u0259 b\u00f6y\u00fck \u015f\u00fcca\u0259t g\u00f6st\u0259rib. O, noyabr\u0131n 1-d\u0259 Qubadl\u0131n\u0131n \u00c7ardaxl\u0131 k\u0259ndind\u0259 ged\u0259n a\u011f\u0131r d\u00f6y\u00fc\u015fl\u0259rd\u0259 q\u0259hr\u0259mancas\u0131na \u015f\u0259hid olub.<\/p>\n<p>Elxan Rzayev \u00f6l\u00fcm\u00fcnd\u0259n sonra &#8220;V\u0259t\u0259n u\u011frunda&#8221;, &#8220;C\u0259bray\u0131l\u0131n azad olunmas\u0131na g\u00f6r\u0259&#8221;, &#8220;Qubadl\u0131n\u0131n azad olunmas\u0131na g\u00f6r\u0259&#8221; v\u0259 &#8220;C\u0259sur d\u00f6y\u00fc\u015f\u00e7\u00fc&#8221; medallar\u0131 il\u0259 t\u0259ltif olunub.<\/p>\n<p>M\u00f6vzu il\u0259 ba\u011fl\u0131 daha \u0259trafl\u0131 videomaterial\u0131 t\u0259qdim edirik:<\/p>\n<p>&nbsp;<\/p>\n<p><iframe loading=\"lazy\" src=\"https:\/\/daytube.az\/az\/embed\/117800\" width=\"670\" height=\"400\" frameborder=\"0\" allowfullscreen=\"allowfullscreen\" data-mce-fragment=\"1\"><\/iframe><\/div>\n<p>&nbsp;<\/p>\n","protected":false},"excerpt":{"rendered":"<p>V\u0259t\u0259n m\u00fcharib\u0259sind\u0259 \u015f\u0259had\u0259t\u0259 ucalm\u0131\u015f q\u0259hr\u0259manlar\u0131m\u0131zdan biri d\u0259 Sabirabad rayon sakini Elxan Rzayevdir. Xezerxeber.az-\u0131n m\u0259lumat\u0131na g\u00f6r\u0259, Elxan Rzayev 1994-c\u00fc ild\u0259 rayonun Q\u0259zli k\u0259ndind\u0259 anadan olub. Orta m\u0259kt\u0259bi bitirdikd\u0259n sonra, 2012-2014-c\u00fc ill\u0259rd\u0259 h\u0259rbi xidm\u0259td\u0259 olub. Daha sonra Bak\u0131 D\u00f6vl\u0259t Komp\u00fcter Kollecind\u0259 t\u0259hsil al\u0131b v\u0259 k\u0259ndl\u0259rind\u0259ki m\u0259kt\u0259bd\u0259 informatika m\u00fc\u0259llimi kimi pedaqoji f\u0259aliyy\u0259t\u0259 ba\u015flay\u0131b. Elxan Rzayev 2020-ci ild\u0259 Sumqay\u0131t D\u00f6vl\u0259t Universitetin\u0259 daxil olsa da, \u0130kinci Qaraba\u011f m\u00fcharib\u0259sinin ba\u015flanmas\u0131 onun yolunu universitet auditoriyas\u0131ndan deyil, c\u0259bh\u0259d\u0259n sal\u0131b. Sentyabr\u0131n 29-dan d\u00f6y\u00fc\u015fl\u0259r\u0259 qat\u0131lan Elxan Rzayev C\u0259bray\u0131l u\u011frunda ged\u0259n \u015fidd\u0259tli d\u00f6y\u00fc\u015fl\u0259r zaman\u0131 yaralan\u0131b. Tibbi yard\u0131m g\u00f6st\u0259rildikd\u0259n sonra d\u00f6y\u00fc\u015f\u0259 davam&hellip;<\/p>\n","protected":false},"author":2,"featured_media":398849,"comment_status":"closed","ping_status":"closed","sticky":false,"template":"","format":"standard","meta":{"om_disable_all_campaigns":false,"_monsterinsights_skip_tracking":false,"_monsterinsights_sitenote_active":false,"_monsterinsights_sitenote_note":"","_monsterinsights_sitenote_category":0},"categories":[26],"tags":[],"aioseo_notices":[],"gutentor_comment":0,"rttpg_featured_image_url":{"full":["https:\/\/arantv.az\/wp-content\/uploads\/2021\/11\/992861.jpg",800,600,false],"landscape":["https:\/\/arantv.az\/wp-content\/uploads\/2021\/11\/992861.jpg",800,600,false],"portraits":["https:\/\/arantv.az\/wp-content\/uploads\/2021\/11\/992861.jpg",800,600,false],"thumbnail":["https:\/\/arantv.az\/wp-content\/uploads\/2021\/11\/992861-500x280.jpg",500,280,true],"medium":["https:\/\/arantv.az\/wp-content\/uploads\/2021\/11\/992861-487x365.jpg",487,365,true],"large":["https:\/\/arantv.az\/wp-content\/uploads\/2021\/11\/992861.jpg",640,480,false],"1536x1536":["https:\/\/arantv.az\/wp-content\/uploads\/2021\/11\/992861.jpg",800,600,false],"2048x2048":["https:\/\/arantv.az\/wp-content\/uploads\/2021\/11\/992861.jpg",800,600,false],"post-thumbnail":["https:\/\/arantv.az\/wp-content\/uploads\/2021\/11\/992861-240x172.jpg",240,172,true],"advps-thumb-one":["https:\/\/arantv.az\/wp-content\/uploads\/2021\/11\/992861.jpg",800,600,false]},"rttpg_author":{"display_name":"V\u00fcsal Rafiqo\u011flu","author_link":"https:\/\/arantv.az\/?author=2"},"rttpg_comment":0,"rttpg_category":"<a href=\"https:\/\/arantv.az\/?cat=26\" rel=\"category\">Sosial<\/a>","rttpg_excerpt":"V\u0259t\u0259n m\u00fcharib\u0259sind\u0259 \u015f\u0259had\u0259t\u0259 ucalm\u0131\u015f q\u0259hr\u0259manlar\u0131m\u0131zdan biri d\u0259 Sabirabad rayon sakini Elxan Rzayevdir. Xezerxeber.az-\u0131n m\u0259lumat\u0131na g\u00f6r\u0259, Elxan Rzayev 1994-c\u00fc ild\u0259 rayonun Q\u0259zli k\u0259ndind\u0259 anadan olub. Orta m\u0259kt\u0259bi bitirdikd\u0259n sonra, 2012-2014-c\u00fc ill\u0259rd\u0259 h\u0259rbi xidm\u0259td\u0259 olub. Daha sonra Bak\u0131 D\u00f6vl\u0259t Komp\u00fcter Kollecind\u0259 t\u0259hsil al\u0131b v\u0259 k\u0259ndl\u0259rind\u0259ki m\u0259kt\u0259bd\u0259 informatika m\u00fc\u0259llimi kimi pedaqoji f\u0259aliyy\u0259t\u0259 ba\u015flay\u0131b. Elxan Rzayev 2020-ci ild\u0259 Sumqay\u0131t&hellip;","_links":{"self":[{"href":"https:\/\/arantv.az\/index.php?rest_route=\/wp\/v2\/posts\/398848"}],"collection":[{"href":"https:\/\/arantv.az\/index.php?rest_route=\/wp\/v2\/posts"}],"about":[{"href":"https:\/\/arantv.az\/index.php?rest_route=\/wp\/v2\/types\/post"}],"author":[{"embeddable":true,"href":"https:\/\/arantv.az\/index.php?rest_route=\/wp\/v2\/users\/2"}],"replies":[{"embeddable":true,"href":"https:\/\/arantv.az\/index.php?rest_route=%2Fwp%2Fv2%2Fcomments&post=398848"}],"version-history":[{"count":0,"href":"https:\/\/arantv.az\/index.php?rest_route=\/wp\/v2\/posts\/398848\/revisions"}],"wp:featuredmedia":[{"embeddable":true,"href":"https:\/\/arantv.az\/index.php?rest_route=\/wp\/v2\/media\/398849"}],"wp:attachment":[{"href":"https:\/\/arantv.az\/index.php?rest_route=%2Fwp%2Fv2%2Fmedia&parent=398848"}],"wp:term":[{"taxonomy":"category","embeddable":true,"href":"https:\/\/arantv.az\/index.php?rest_route=%2Fwp%2Fv2%2Fcategories&post=398848"},{"taxonomy":"post_tag","embeddable":true,"href":"https:\/\/arantv.az\/index.php?rest_route=%2Fwp%2Fv2%2Ftags&post=398848"}],"curies":[{"name":"wp","href":"https:\/\/api.w.org\/{rel}","templated":true}]}}