{"id":398854,"date":"2021-11-03T13:02:14","date_gmt":"2021-11-03T10:02:14","guid":{"rendered":"http:\/\/arantv.az\/?p=398854"},"modified":"2021-11-03T13:02:14","modified_gmt":"2021-11-03T10:02:14","slug":"z%c9%99f%c9%99r-gunu-paradi-susada-olacaq","status":"publish","type":"post","link":"https:\/\/arantv.az\/?p=398854","title":{"rendered":"Z\u0259f\u0259r G\u00fcn\u00fc parad\u0131 \u015eu\u015fada olacaq?"},"content":{"rendered":"<p>8 Noyabr &#8211; Z\u0259f\u0259r G\u00fcn\u00fc m\u00fcnasib\u0259til\u0259 \u015eu\u015fada h\u0259rbi parad ke\u00e7iril\u0259c\u0259k.<\/p>\n<p>Bunu Modern.az-a a\u00e7\u0131qlamas\u0131nda \u015f\u0259h\u0259rin d\u00fc\u015fm\u0259n i\u015f\u011fal\u0131ndan azad olunmas\u0131nda q\u0259hr\u0259manl\u0131q g\u00f6st\u0259r\u0259nl\u0259rd\u0259n biri v\u0259 Az\u0259rbaycan bayra\u011f\u0131n\u0131 ora sancan h\u0259rb\u00e7imiz, \u0259sl\u0259n \u015fu\u015fal\u0131 S\u0259buhi Abdullayev bildirib.<\/p>\n<p>S.Abdullayev qeyd-\u015f\u0259rtsiz Z\u0259f\u0259r G\u00fcn\u00fcn\u00fc \u015eu\u015fada qeyd ed\u0259c\u0259yini vur\u011fulay\u0131b:<\/p>\n<p>\u201cBununla ba\u011fl\u0131 m\u0259n\u0259 t\u0259klif g\u0259ldi, \u00e7ox b\u00f6y\u00fck m\u0259mnuniyy\u0259tl\u0259, \u00e7ox b\u00f6y\u00fck q\u00fcrurla paradda i\u015ftirak ed\u0259c\u0259y\u0259m. Z\u0259f\u0259r G\u00fcn\u00fc Ali\u00a0Ba\u015f Komandanla bir yerd\u0259 \u015eu\u015fada olmaq x\u00fcsusi q\u00fcrurdur\u201d.<\/p>\n<p>H\u0259rb\u00e7imiz deyib ki, 14 ya\u015f\u0131nda t\u0259rk el\u0259m\u0259k m\u0259cburiyy\u0259tind\u0259 qald\u0131\u011f\u0131 \u015eu\u015faya 26 il 8 aydan sonra qay\u0131d\u0131b:<\/p>\n<p>\u201c\u015eu\u015faya bayraq sancmaq \u0259v\u0259zsiz hiss idi. \u015eu\u015fada do\u011fulub, 14 ya\u015f\u0131ma kimi orada ya\u015fam\u0131\u015fam. 26 il 8 aydan sonra ora qay\u0131td\u0131m v\u0259 bayra\u011f\u0131 sancd\u0131m. Bir il \u00f6tm\u0259sin\u0259 baxmayaraq, h\u0259l\u0259 d\u0259 bu g\u00f6z\u0259l hisl\u0259rin t\u0259sirind\u0259y\u0259m\u201d.<\/p>\n","protected":false},"excerpt":{"rendered":"<p>8 Noyabr &#8211; Z\u0259f\u0259r G\u00fcn\u00fc m\u00fcnasib\u0259til\u0259 \u015eu\u015fada h\u0259rbi parad ke\u00e7iril\u0259c\u0259k. Bunu Modern.az-a a\u00e7\u0131qlamas\u0131nda \u015f\u0259h\u0259rin d\u00fc\u015fm\u0259n i\u015f\u011fal\u0131ndan azad olunmas\u0131nda q\u0259hr\u0259manl\u0131q g\u00f6st\u0259r\u0259nl\u0259rd\u0259n biri v\u0259 Az\u0259rbaycan bayra\u011f\u0131n\u0131 ora sancan h\u0259rb\u00e7imiz, \u0259sl\u0259n \u015fu\u015fal\u0131 S\u0259buhi Abdullayev bildirib. S.Abdullayev qeyd-\u015f\u0259rtsiz Z\u0259f\u0259r G\u00fcn\u00fcn\u00fc \u015eu\u015fada qeyd ed\u0259c\u0259yini vur\u011fulay\u0131b: \u201cBununla ba\u011fl\u0131 m\u0259n\u0259 t\u0259klif g\u0259ldi, \u00e7ox b\u00f6y\u00fck m\u0259mnuniyy\u0259tl\u0259, \u00e7ox b\u00f6y\u00fck q\u00fcrurla paradda i\u015ftirak ed\u0259c\u0259y\u0259m. Z\u0259f\u0259r G\u00fcn\u00fc Ali\u00a0Ba\u015f Komandanla bir yerd\u0259 \u015eu\u015fada olmaq x\u00fcsusi q\u00fcrurdur\u201d. H\u0259rb\u00e7imiz deyib ki, 14 ya\u015f\u0131nda t\u0259rk el\u0259m\u0259k m\u0259cburiyy\u0259tind\u0259 qald\u0131\u011f\u0131 \u015eu\u015faya 26 il 8 aydan sonra qay\u0131d\u0131b: \u201c\u015eu\u015faya bayraq sancmaq \u0259v\u0259zsiz hiss idi. \u015eu\u015fada do\u011fulub, 14 ya\u015f\u0131ma&hellip;<\/p>\n","protected":false},"author":2,"featured_media":254361,"comment_status":"closed","ping_status":"closed","sticky":false,"template":"","format":"standard","meta":{"om_disable_all_campaigns":false,"_monsterinsights_skip_tracking":false,"_monsterinsights_sitenote_active":false,"_monsterinsights_sitenote_note":"","_monsterinsights_sitenote_category":0},"categories":[19],"tags":[],"aioseo_notices":[],"gutentor_comment":0,"rttpg_featured_image_url":{"full":["https:\/\/arantv.az\/wp-content\/uploads\/2020\/12\/susa-1.jpg",620,322,false],"landscape":["https:\/\/arantv.az\/wp-content\/uploads\/2020\/12\/susa-1.jpg",620,322,false],"portraits":["https:\/\/arantv.az\/wp-content\/uploads\/2020\/12\/susa-1.jpg",620,322,false],"thumbnail":["https:\/\/arantv.az\/wp-content\/uploads\/2020\/12\/susa-1-150x150.jpg",150,150,true],"medium":["https:\/\/arantv.az\/wp-content\/uploads\/2020\/12\/susa-1-300x156.jpg",300,156,true],"large":["https:\/\/arantv.az\/wp-content\/uploads\/2020\/12\/susa-1.jpg",620,322,false],"1536x1536":["https:\/\/arantv.az\/wp-content\/uploads\/2020\/12\/susa-1.jpg",620,322,false],"2048x2048":["https:\/\/arantv.az\/wp-content\/uploads\/2020\/12\/susa-1.jpg",620,322,false],"post-thumbnail":["https:\/\/arantv.az\/wp-content\/uploads\/2020\/12\/susa-1-240x172.jpg",240,172,true],"advps-thumb-one":["https:\/\/arantv.az\/wp-content\/uploads\/2020\/12\/susa-1.jpg",620,322,false]},"rttpg_author":{"display_name":"V\u00fcsal Rafiqo\u011flu","author_link":"https:\/\/arantv.az\/?author=2"},"rttpg_comment":0,"rttpg_category":"<a href=\"https:\/\/arantv.az\/?cat=19\" rel=\"category\">G\u00fcnd\u0259m<\/a>","rttpg_excerpt":"8 Noyabr &#8211; Z\u0259f\u0259r G\u00fcn\u00fc m\u00fcnasib\u0259til\u0259 \u015eu\u015fada h\u0259rbi parad ke\u00e7iril\u0259c\u0259k. Bunu Modern.az-a a\u00e7\u0131qlamas\u0131nda \u015f\u0259h\u0259rin d\u00fc\u015fm\u0259n i\u015f\u011fal\u0131ndan azad olunmas\u0131nda q\u0259hr\u0259manl\u0131q g\u00f6st\u0259r\u0259nl\u0259rd\u0259n biri v\u0259 Az\u0259rbaycan bayra\u011f\u0131n\u0131 ora sancan h\u0259rb\u00e7imiz, \u0259sl\u0259n \u015fu\u015fal\u0131 S\u0259buhi Abdullayev bildirib. S.Abdullayev qeyd-\u015f\u0259rtsiz Z\u0259f\u0259r G\u00fcn\u00fcn\u00fc \u015eu\u015fada qeyd ed\u0259c\u0259yini vur\u011fulay\u0131b: \u201cBununla ba\u011fl\u0131 m\u0259n\u0259 t\u0259klif g\u0259ldi, \u00e7ox b\u00f6y\u00fck m\u0259mnuniyy\u0259tl\u0259, \u00e7ox b\u00f6y\u00fck q\u00fcrurla paradda i\u015ftirak ed\u0259c\u0259y\u0259m. Z\u0259f\u0259r&hellip;","_links":{"self":[{"href":"https:\/\/arantv.az\/index.php?rest_route=\/wp\/v2\/posts\/398854"}],"collection":[{"href":"https:\/\/arantv.az\/index.php?rest_route=\/wp\/v2\/posts"}],"about":[{"href":"https:\/\/arantv.az\/index.php?rest_route=\/wp\/v2\/types\/post"}],"author":[{"embeddable":true,"href":"https:\/\/arantv.az\/index.php?rest_route=\/wp\/v2\/users\/2"}],"replies":[{"embeddable":true,"href":"https:\/\/arantv.az\/index.php?rest_route=%2Fwp%2Fv2%2Fcomments&post=398854"}],"version-history":[{"count":0,"href":"https:\/\/arantv.az\/index.php?rest_route=\/wp\/v2\/posts\/398854\/revisions"}],"wp:featuredmedia":[{"embeddable":true,"href":"https:\/\/arantv.az\/index.php?rest_route=\/wp\/v2\/media\/254361"}],"wp:attachment":[{"href":"https:\/\/arantv.az\/index.php?rest_route=%2Fwp%2Fv2%2Fmedia&parent=398854"}],"wp:term":[{"taxonomy":"category","embeddable":true,"href":"https:\/\/arantv.az\/index.php?rest_route=%2Fwp%2Fv2%2Fcategories&post=398854"},{"taxonomy":"post_tag","embeddable":true,"href":"https:\/\/arantv.az\/index.php?rest_route=%2Fwp%2Fv2%2Ftags&post=398854"}],"curies":[{"name":"wp","href":"https:\/\/api.w.org\/{rel}","templated":true}]}}