{"id":398897,"date":"2021-11-03T14:01:15","date_gmt":"2021-11-03T11:01:15","guid":{"rendered":"http:\/\/arantv.az\/?p=398897"},"modified":"2021-11-03T14:01:15","modified_gmt":"2021-11-03T11:01:15","slug":"s%c9%99hid-vusal-teymurovun-barelyefi-qoyuldu-video","status":"publish","type":"post","link":"https:\/\/arantv.az\/?p=398897","title":{"rendered":"\u015e\u0259hid V\u00fcsal Teymurovun barelyefi qoyuldu &#8211; V\u0130DEO"},"content":{"rendered":"<blockquote><p><strong>O, \u015eu\u015fan\u0131n azad edilm\u0259si u\u011frunda can\u0131ndan ke\u00e7ib<\/strong><\/p><\/blockquote>\n<p>D\u00fcz bir il \u0259vv\u0259l q\u0259hr\u0259man Az\u0259rbaycan h\u0259rb\u00e7il\u0259ri \u015eu\u015fan\u0131n azadl\u0131\u011f\u0131 u\u011frunda ged\u0259n g\u0259rgin d\u00f6y\u00fc\u015fl\u0259rd\u0259 sava\u015f\u0131rd\u0131lar.<\/p>\n<p>Onlardan kimil\u0259ri q\u0259hr\u0259manca d\u00f6y\u00fc\u015f\u00fcb qazi oldu, kimil\u0259ri d\u0259 \u015f\u0259hid olub \u0259b\u0259diyy\u0259t zirv\u0259sin\u0259 y\u00fcks\u0259ldil\u0259r.<\/p>\n<p>Bu g\u00fcn d\u0259 Az\u0259rbaycan\u0131n daha bir q\u0259hr\u0259man o\u011flu, \u015eu\u015fan\u0131n azadl\u0131\u011f\u0131 u\u011frunda vuru\u015fark\u0259n can\u0131ndan ke\u00e7\u0259n \u015f\u0259hid\u00a0V\u00fcsal Teymurovun ruhu yad edildi.<\/p>\n<div class=\"article_text\">\n<p>&nbsp;<\/p>\n<p><iframe loading=\"lazy\" src=\"https:\/\/daytube.az\/az\/embed\/117807\" width=\"670\" height=\"400\" frameborder=\"0\" allowfullscreen=\"allowfullscreen\" data-mce-fragment=\"1\"><\/iframe><\/div>\n<p>&nbsp;<\/p>\n","protected":false},"excerpt":{"rendered":"<p>O, \u015eu\u015fan\u0131n azad edilm\u0259si u\u011frunda can\u0131ndan ke\u00e7ib D\u00fcz bir il \u0259vv\u0259l q\u0259hr\u0259man Az\u0259rbaycan h\u0259rb\u00e7il\u0259ri \u015eu\u015fan\u0131n azadl\u0131\u011f\u0131 u\u011frunda ged\u0259n g\u0259rgin d\u00f6y\u00fc\u015fl\u0259rd\u0259 sava\u015f\u0131rd\u0131lar. Onlardan kimil\u0259ri q\u0259hr\u0259manca d\u00f6y\u00fc\u015f\u00fcb qazi oldu, kimil\u0259ri d\u0259 \u015f\u0259hid olub \u0259b\u0259diyy\u0259t zirv\u0259sin\u0259 y\u00fcks\u0259ldil\u0259r. Bu g\u00fcn d\u0259 Az\u0259rbaycan\u0131n daha bir q\u0259hr\u0259man o\u011flu, \u015eu\u015fan\u0131n azadl\u0131\u011f\u0131 u\u011frunda vuru\u015fark\u0259n can\u0131ndan ke\u00e7\u0259n \u015f\u0259hid\u00a0V\u00fcsal Teymurovun ruhu yad edildi. &nbsp; &nbsp;<\/p>\n","protected":false},"author":2,"featured_media":398899,"comment_status":"closed","ping_status":"closed","sticky":false,"template":"","format":"standard","meta":{"om_disable_all_campaigns":false,"_monsterinsights_skip_tracking":false,"_monsterinsights_sitenote_active":false,"_monsterinsights_sitenote_note":"","_monsterinsights_sitenote_category":0},"categories":[26],"tags":[],"aioseo_notices":[],"gutentor_comment":0,"rttpg_featured_image_url":{"full":["https:\/\/arantv.az\/wp-content\/uploads\/2021\/11\/992876.jpg",800,600,false],"landscape":["https:\/\/arantv.az\/wp-content\/uploads\/2021\/11\/992876.jpg",800,600,false],"portraits":["https:\/\/arantv.az\/wp-content\/uploads\/2021\/11\/992876.jpg",800,600,false],"thumbnail":["https:\/\/arantv.az\/wp-content\/uploads\/2021\/11\/992876-500x280.jpg",500,280,true],"medium":["https:\/\/arantv.az\/wp-content\/uploads\/2021\/11\/992876-487x365.jpg",487,365,true],"large":["https:\/\/arantv.az\/wp-content\/uploads\/2021\/11\/992876.jpg",640,480,false],"1536x1536":["https:\/\/arantv.az\/wp-content\/uploads\/2021\/11\/992876.jpg",800,600,false],"2048x2048":["https:\/\/arantv.az\/wp-content\/uploads\/2021\/11\/992876.jpg",800,600,false],"post-thumbnail":["https:\/\/arantv.az\/wp-content\/uploads\/2021\/11\/992876-240x172.jpg",240,172,true],"advps-thumb-one":["https:\/\/arantv.az\/wp-content\/uploads\/2021\/11\/992876.jpg",800,600,false]},"rttpg_author":{"display_name":"V\u00fcsal Rafiqo\u011flu","author_link":"https:\/\/arantv.az\/?author=2"},"rttpg_comment":0,"rttpg_category":"<a href=\"https:\/\/arantv.az\/?cat=26\" rel=\"category\">Sosial<\/a>","rttpg_excerpt":"O, \u015eu\u015fan\u0131n azad edilm\u0259si u\u011frunda can\u0131ndan ke\u00e7ib D\u00fcz bir il \u0259vv\u0259l q\u0259hr\u0259man Az\u0259rbaycan h\u0259rb\u00e7il\u0259ri \u015eu\u015fan\u0131n azadl\u0131\u011f\u0131 u\u011frunda ged\u0259n g\u0259rgin d\u00f6y\u00fc\u015fl\u0259rd\u0259 sava\u015f\u0131rd\u0131lar. Onlardan kimil\u0259ri q\u0259hr\u0259manca d\u00f6y\u00fc\u015f\u00fcb qazi oldu, kimil\u0259ri d\u0259 \u015f\u0259hid olub \u0259b\u0259diyy\u0259t zirv\u0259sin\u0259 y\u00fcks\u0259ldil\u0259r. Bu g\u00fcn d\u0259 Az\u0259rbaycan\u0131n daha bir q\u0259hr\u0259man o\u011flu, \u015eu\u015fan\u0131n azadl\u0131\u011f\u0131 u\u011frunda vuru\u015fark\u0259n can\u0131ndan ke\u00e7\u0259n \u015f\u0259hid\u00a0V\u00fcsal Teymurovun ruhu yad edildi. &nbsp; &nbsp;","_links":{"self":[{"href":"https:\/\/arantv.az\/index.php?rest_route=\/wp\/v2\/posts\/398897"}],"collection":[{"href":"https:\/\/arantv.az\/index.php?rest_route=\/wp\/v2\/posts"}],"about":[{"href":"https:\/\/arantv.az\/index.php?rest_route=\/wp\/v2\/types\/post"}],"author":[{"embeddable":true,"href":"https:\/\/arantv.az\/index.php?rest_route=\/wp\/v2\/users\/2"}],"replies":[{"embeddable":true,"href":"https:\/\/arantv.az\/index.php?rest_route=%2Fwp%2Fv2%2Fcomments&post=398897"}],"version-history":[{"count":0,"href":"https:\/\/arantv.az\/index.php?rest_route=\/wp\/v2\/posts\/398897\/revisions"}],"wp:featuredmedia":[{"embeddable":true,"href":"https:\/\/arantv.az\/index.php?rest_route=\/wp\/v2\/media\/398899"}],"wp:attachment":[{"href":"https:\/\/arantv.az\/index.php?rest_route=%2Fwp%2Fv2%2Fmedia&parent=398897"}],"wp:term":[{"taxonomy":"category","embeddable":true,"href":"https:\/\/arantv.az\/index.php?rest_route=%2Fwp%2Fv2%2Fcategories&post=398897"},{"taxonomy":"post_tag","embeddable":true,"href":"https:\/\/arantv.az\/index.php?rest_route=%2Fwp%2Fv2%2Ftags&post=398897"}],"curies":[{"name":"wp","href":"https:\/\/api.w.org\/{rel}","templated":true}]}}