{"id":398904,"date":"2021-11-03T14:32:29","date_gmt":"2021-11-03T11:32:29","guid":{"rendered":"http:\/\/arantv.az\/?p=398904"},"modified":"2021-11-03T14:32:29","modified_gmt":"2021-11-03T11:32:29","slug":"s%c9%99hid-%c9%99fqan-s%c9%99f%c9%99rov-yad-edildi-video","status":"publish","type":"post","link":"https:\/\/arantv.az\/?p=398904","title":{"rendered":"\u015e\u0259hid \u018ffqan S\u0259f\u0259rov yad edildi &#8211; V\u0130DEO"},"content":{"rendered":"<div class=\"article_text\">\n<blockquote><p><strong>Q\u0259hr\u0259man\u0131n ad\u0131na do\u011fuldu\u011fu k\u0259ndd\u0259 bulaq in\u015fa olunub<\/strong><\/p><\/blockquote>\n<p>\u015e\u0259hid\u00a0\u018ffqan S\u0259f\u0259rovun ali m\u0259qama ucalmas\u0131ndan-\u015f\u0259had\u0259tind\u0259n bir il \u00f6t\u00fcb.<\/p>\n<p>\u018ffqan S\u0259f\u0259rov 1997-ci il mart\u0131n 8-d\u0259 A\u011fstafa rayonunun H\u0259s\u0259nsu k\u0259ndind\u0259 anadan olub. M\u00fcharib\u0259 ba\u015flamazdan \u0259vv\u0259l paytaxtda tikinti sektorunda \u00e7al\u0131\u015f\u0131rd\u0131. M\u00fcharib\u0259 ba\u015flayanda o da v\u0259t\u0259n e\u015fqi il\u0259 c\u0259bh\u0259y\u0259 yollan\u0131r. \u018ffqan S\u0259f\u0259rov 2020-ci il sentyabr\u0131n 27-d\u0259 Az\u0259rbaycan\u0131n \u0259z\u0259li torpaqlar\u0131n\u0131n azadl\u0131\u011f\u0131 u\u011frunda ba\u015flanan d\u00f6y\u00fc\u015fl\u0259r\u0259 at\u0131l\u0131r. V\u0259t\u0259n m\u00fcharib\u0259si zaman\u0131 \u0259vv\u0259lc\u0259 F\u00fczuli, sonra is\u0259 Qubadl\u0131n\u0131n azadl\u0131\u011f\u0131 u\u011frunda candan \u0259ziz sayd\u0131\u011f\u0131 torpa\u011fa can\u0131n\u0131 sip\u0259r edir.<\/p>\n<p>Oktyabr ay\u0131n\u0131n 26-da V\u0259t\u0259ninin q\u0259hr\u0259man o\u011flu \u018ffqan S\u0259f\u0259rov ad\u0131n\u0131 d\u0259yi\u015f\u0259r\u0259k \u015e\u0259hid \u018ffqan S\u0259f\u0259rov olur. O, F\u00fczulinin azadl\u0131\u011f\u0131 u\u011frunda ged\u0259n d\u00f6y\u00fc\u015fl\u0259rd\u0259 \u015f\u0259hidlik zirv\u0259sini f\u0259th edir. Oktyabr\u0131n 30-da boya-ba\u015fa \u00e7atd\u0131\u011f\u0131 H\u0259s\u0259nsu k\u0259ndind\u0259 d\u0259fn olunub. Bug\u00fcn H\u0259min k\u0259ndd\u0259 \u015f\u0259hidimizin ad\u0131na bulaq komleksinin a\u00e7\u0131l\u0131\u015f\u0131 olub.<\/p>\n<p>D\u00f6y\u00fc\u015f yolda\u015f\u0131 da \u018ffqan\u0131n c\u0259surlu\u011fundan, qorxmazl\u0131\u011f\u0131ndan dan\u0131\u015f\u0131b.<\/p>\n<p>Az\u0259rbaycan\u0131n \u0259razi b\u00fct\u00f6vl\u00fcy\u00fc, Qaraba\u011f\u0131n azadl\u0131\u011f\u0131 u\u011frunda d\u00f6y\u00fc\u015fl\u0259rd\u0259 g\u00f6st\u0259rdiyi \u015f\u00fcca\u0259t\u0259 g\u00f6r\u0259 &#8220;V\u0259t\u0259n u\u011frunda&#8221;, &#8220;D\u00f6y\u00fc\u015fd\u0259 f\u0259rql\u0259nm\u0259y\u0259 g\u00f6r\u0259&#8221; v\u0259 &#8220;F\u00fczulinin azad olunmas\u0131na g\u00f6r\u0259&#8221; medallar\u0131 il\u0259 t\u0259ltif edilib.<\/p>\n<div>\n<div id=\"AdviadNativeVideo0\" class=\"AdviadNativeVideo\"><\/div>\n<\/div>\n<p>Ali m\u0259qam\u0131n-\u015f\u0259had\u0259tin m\u00fcbar\u0259k, elinin igid o\u011flu.<\/p>\n<p>&nbsp;<\/p>\n<p><iframe loading=\"lazy\" src=\"https:\/\/daytube.az\/az\/embed\/117808\" width=\"670\" height=\"400\" frameborder=\"0\" allowfullscreen=\"allowfullscreen\" data-mce-fragment=\"1\"><\/iframe><\/div>\n<p>&nbsp;<\/p>\n","protected":false},"excerpt":{"rendered":"<p>Q\u0259hr\u0259man\u0131n ad\u0131na do\u011fuldu\u011fu k\u0259ndd\u0259 bulaq in\u015fa olunub \u015e\u0259hid\u00a0\u018ffqan S\u0259f\u0259rovun ali m\u0259qama ucalmas\u0131ndan-\u015f\u0259had\u0259tind\u0259n bir il \u00f6t\u00fcb. \u018ffqan S\u0259f\u0259rov 1997-ci il mart\u0131n 8-d\u0259 A\u011fstafa rayonunun H\u0259s\u0259nsu k\u0259ndind\u0259 anadan olub. M\u00fcharib\u0259 ba\u015flamazdan \u0259vv\u0259l paytaxtda tikinti sektorunda \u00e7al\u0131\u015f\u0131rd\u0131. M\u00fcharib\u0259 ba\u015flayanda o da v\u0259t\u0259n e\u015fqi il\u0259 c\u0259bh\u0259y\u0259 yollan\u0131r. \u018ffqan S\u0259f\u0259rov 2020-ci il sentyabr\u0131n 27-d\u0259 Az\u0259rbaycan\u0131n \u0259z\u0259li torpaqlar\u0131n\u0131n azadl\u0131\u011f\u0131 u\u011frunda ba\u015flanan d\u00f6y\u00fc\u015fl\u0259r\u0259 at\u0131l\u0131r. V\u0259t\u0259n m\u00fcharib\u0259si zaman\u0131 \u0259vv\u0259lc\u0259 F\u00fczuli, sonra is\u0259 Qubadl\u0131n\u0131n azadl\u0131\u011f\u0131 u\u011frunda candan \u0259ziz sayd\u0131\u011f\u0131 torpa\u011fa can\u0131n\u0131 sip\u0259r edir. Oktyabr ay\u0131n\u0131n 26-da V\u0259t\u0259ninin q\u0259hr\u0259man o\u011flu \u018ffqan S\u0259f\u0259rov ad\u0131n\u0131 d\u0259yi\u015f\u0259r\u0259k \u015e\u0259hid \u018ffqan S\u0259f\u0259rov olur. O, F\u00fczulinin&hellip;<\/p>\n","protected":false},"author":2,"featured_media":398905,"comment_status":"closed","ping_status":"closed","sticky":false,"template":"","format":"standard","meta":{"om_disable_all_campaigns":false,"_monsterinsights_skip_tracking":false,"_monsterinsights_sitenote_active":false,"_monsterinsights_sitenote_note":"","_monsterinsights_sitenote_category":0},"categories":[26],"tags":[],"aioseo_notices":[],"gutentor_comment":0,"rttpg_featured_image_url":{"full":["https:\/\/arantv.az\/wp-content\/uploads\/2021\/11\/992878.jpg",800,600,false],"landscape":["https:\/\/arantv.az\/wp-content\/uploads\/2021\/11\/992878.jpg",800,600,false],"portraits":["https:\/\/arantv.az\/wp-content\/uploads\/2021\/11\/992878.jpg",800,600,false],"thumbnail":["https:\/\/arantv.az\/wp-content\/uploads\/2021\/11\/992878-500x280.jpg",500,280,true],"medium":["https:\/\/arantv.az\/wp-content\/uploads\/2021\/11\/992878-487x365.jpg",487,365,true],"large":["https:\/\/arantv.az\/wp-content\/uploads\/2021\/11\/992878.jpg",640,480,false],"1536x1536":["https:\/\/arantv.az\/wp-content\/uploads\/2021\/11\/992878.jpg",800,600,false],"2048x2048":["https:\/\/arantv.az\/wp-content\/uploads\/2021\/11\/992878.jpg",800,600,false],"post-thumbnail":["https:\/\/arantv.az\/wp-content\/uploads\/2021\/11\/992878-240x172.jpg",240,172,true],"advps-thumb-one":["https:\/\/arantv.az\/wp-content\/uploads\/2021\/11\/992878.jpg",800,600,false]},"rttpg_author":{"display_name":"V\u00fcsal Rafiqo\u011flu","author_link":"https:\/\/arantv.az\/?author=2"},"rttpg_comment":0,"rttpg_category":"<a href=\"https:\/\/arantv.az\/?cat=26\" rel=\"category\">Sosial<\/a>","rttpg_excerpt":"Q\u0259hr\u0259man\u0131n ad\u0131na do\u011fuldu\u011fu k\u0259ndd\u0259 bulaq in\u015fa olunub \u015e\u0259hid\u00a0\u018ffqan S\u0259f\u0259rovun ali m\u0259qama ucalmas\u0131ndan-\u015f\u0259had\u0259tind\u0259n bir il \u00f6t\u00fcb. \u018ffqan S\u0259f\u0259rov 1997-ci il mart\u0131n 8-d\u0259 A\u011fstafa rayonunun H\u0259s\u0259nsu k\u0259ndind\u0259 anadan olub. M\u00fcharib\u0259 ba\u015flamazdan \u0259vv\u0259l paytaxtda tikinti sektorunda \u00e7al\u0131\u015f\u0131rd\u0131. M\u00fcharib\u0259 ba\u015flayanda o da v\u0259t\u0259n e\u015fqi il\u0259 c\u0259bh\u0259y\u0259 yollan\u0131r. \u018ffqan S\u0259f\u0259rov 2020-ci il sentyabr\u0131n 27-d\u0259 Az\u0259rbaycan\u0131n \u0259z\u0259li torpaqlar\u0131n\u0131n azadl\u0131\u011f\u0131 u\u011frunda ba\u015flanan&hellip;","_links":{"self":[{"href":"https:\/\/arantv.az\/index.php?rest_route=\/wp\/v2\/posts\/398904"}],"collection":[{"href":"https:\/\/arantv.az\/index.php?rest_route=\/wp\/v2\/posts"}],"about":[{"href":"https:\/\/arantv.az\/index.php?rest_route=\/wp\/v2\/types\/post"}],"author":[{"embeddable":true,"href":"https:\/\/arantv.az\/index.php?rest_route=\/wp\/v2\/users\/2"}],"replies":[{"embeddable":true,"href":"https:\/\/arantv.az\/index.php?rest_route=%2Fwp%2Fv2%2Fcomments&post=398904"}],"version-history":[{"count":0,"href":"https:\/\/arantv.az\/index.php?rest_route=\/wp\/v2\/posts\/398904\/revisions"}],"wp:featuredmedia":[{"embeddable":true,"href":"https:\/\/arantv.az\/index.php?rest_route=\/wp\/v2\/media\/398905"}],"wp:attachment":[{"href":"https:\/\/arantv.az\/index.php?rest_route=%2Fwp%2Fv2%2Fmedia&parent=398904"}],"wp:term":[{"taxonomy":"category","embeddable":true,"href":"https:\/\/arantv.az\/index.php?rest_route=%2Fwp%2Fv2%2Fcategories&post=398904"},{"taxonomy":"post_tag","embeddable":true,"href":"https:\/\/arantv.az\/index.php?rest_route=%2Fwp%2Fv2%2Ftags&post=398904"}],"curies":[{"name":"wp","href":"https:\/\/api.w.org\/{rel}","templated":true}]}}