{"id":398945,"date":"2021-11-03T14:43:54","date_gmt":"2021-11-03T11:43:54","guid":{"rendered":"http:\/\/arantv.az\/?p=398945"},"modified":"2021-11-03T14:43:54","modified_gmt":"2021-11-03T11:43:54","slug":"azay-quliyev-bir-qrup-qazi-il%c9%99-gorus-kecirib-foto","status":"publish","type":"post","link":"https:\/\/arantv.az\/?p=398945","title":{"rendered":"Azay Quliyev bir qrup qazi il\u0259 g\u00f6r\u00fc\u015f ke\u00e7irib &#8211; FOTO"},"content":{"rendered":"<p>Az\u0259rbaycan Respublikas\u0131n\u0131n Qeyri-H\u00f6kum\u0259t T\u0259\u015fkilatlar\u0131na D\u00f6vl\u0259t D\u0259st\u0259yi Agentliyinin M\u00fc\u015fahid\u0259 \u015euras\u0131n\u0131n s\u0259dri Azay Quliyev V\u0259t\u0259n M\u00fcharib\u0259sind\u0259 g\u00f6st\u0259rdikl\u0259ri q\u0259hr\u0259manl\u0131\u011fa g\u00f6r\u0259 M\u00fcz\u0259ff\u0259r Ali Ba\u015f Komandan\u00a0\u0130lham \u018fliyev t\u0259r\u0259find\u0259n orden v\u0259 medallarla t\u0259ltif olunmu\u015f bir qrup qazi il\u0259 g\u00f6r\u00fc\u015f ke\u00e7irib v\u0259\u00a0onlara h\u0259diyy\u0259l\u0259r t\u0259qdim edib.<\/p>\n<p>Agentlikd\u0259n bildidirilib ki,\u00a0Azay Quliyev qazil\u0259ri salamlayaraq 44 g\u00fcnl\u00fck V\u0259t\u0259n m\u00fcharib\u0259si zaman\u0131 z\u0259f\u0259r\u0259 ged\u0259n yolda g\u00f6st\u0259rdikl\u0259ri \u015f\u00fcca\u0259tl\u0259r\u0259 g\u00f6r\u0259 onlara minn\u0259tdarl\u0131\u011f\u0131n\u0131 bildirib.<\/p>\n<div id=\"AdviadNativeVideo0\" class=\"AdviadNativeVideo\"><\/div>\n<p>Sonra V\u0259t\u0259n M\u00fcharib\u0259si Q\u0259hr\u0259man\u0131 Az\u0259r Abdullazad\u0259, rayon v\u0259 \u015f\u0259h\u0259rl\u0259rimizin azad olunmas\u0131nda x\u00fcsusi igidlik v\u0259 m\u0259rdlik n\u00fcmayi\u015f etdirdikl\u0259rin\u0259 g\u00f6r\u0259 m\u00fcxt\u0259lif medallarla t\u0259ltif edilmi\u015f\u00a0Cavid H\u0259s\u0259nov, R\u0259c\u0259b Novruzov, Xanki\u015fi Yusifov v\u0259 \u00c7ingiz Q\u0259dimov onlara g\u00f6st\u0259ril\u0259n diqq\u0259t\u0259 g\u00f6r\u0259 Agentliyin r\u0259hb\u0259rliyin\u0259 t\u0259\u015f\u0259kk\u00fcr edibl\u0259r.<\/p>\n<p>G\u00f6r\u00fc\u015fd\u0259 Agentliyin M\u00fc\u015fahid\u0259 \u015euras\u0131n\u0131n s\u0259dr m\u00fcavini V\u00fcsal Quliyev v\u0259 Agentliyin icra\u00e7\u0131 direktorunun v\u0259zif\u0259l\u0259rini m\u00fcv\u0259qq\u0259ti\u00a0icra ed\u0259n Emil \u00c7aparl\u0131 da i\u015ftirak edib.<\/p>\n<p>&nbsp;<\/p>\n<div class=\"gallery\">\n<div class=\"gallery-i\"><img src=\"https:\/\/cdn.oxu.az\/uploads\/W1siZiIsIjIwMjEvMTEvMDMvMTUvMzAvNTYvZjc4ZGQ3MDAtMDQ3Yy00YWU3LTkxMzUtNGMxODUzZjA5M2ExLzI1MTU5Mzc4M180NjUwMDExNzgyNjM3NjNfNzgzNzU5NjI5NTA0ODY2NzQwMl9uICgxKS5qcGciXSxbInAiLCJlbmNvZGUiLCJqcGciLCItcXVhbGl0eSA4MCJdLFsicCIsInRodW1iIiwiNTkweDU5MFx1MDAzZSJdXQ?sha=785f3a8ff9a5f68f\" alt=\"\" \/><\/p>\n<div class=\"gallery-i-caption\"><\/div>\n<\/div>\n<div class=\"gallery-i\"><img src=\"https:\/\/cdn.oxu.az\/uploads\/W1siZiIsIjIwMjEvMTEvMDMvMTUvMzAvNTYvMTQzOTk2MzYtODE5Mi00NTEwLWI0ZjUtNzE0ZjY1NjU5OTBlLzI1MTU5NTg3Nl8xMDQxODIxNDg2NjMwMzg0XzMwMzA0Nzc0MTY4NzA5MDIyMDhfbi5qcGciXSxbInAiLCJlbmNvZGUiLCJqcGciLCItcXVhbGl0eSA4MCJdLFsicCIsInRodW1iIiwiNTkweDU5MFx1MDAzZSJdXQ?sha=014aae8ec3483b69\" alt=\"\" \/><\/p>\n<div class=\"gallery-i-caption\"><\/div>\n<\/div>\n<div class=\"gallery-i\"><img src=\"https:\/\/cdn.oxu.az\/uploads\/W1siZiIsIjIwMjEvMTEvMDMvMTUvMzAvNTcvODRlNzdkMTMtMTY4NS00MTQ1LTllODgtODZmYWU2NjdlZTlhLzI1MTE3MzA3NF85NDgyNzQ5NDkzNjkwOTRfMjY1ODA0ODk4MjA0Mjg1MTc3X24uanBnIl0sWyJwIiwiZW5jb2RlIiwianBnIiwiLXF1YWxpdHkgODAiXSxbInAiLCJ0aHVtYiIsIjU5MHg1OTBcdTAwM2UiXV0?sha=3e9bf68f6484d0f9\" alt=\"\" \/><\/p>\n<div class=\"gallery-i-caption\"><\/div>\n<\/div>\n<div class=\"gallery-i\"><img src=\"https:\/\/cdn.oxu.az\/uploads\/W1siZiIsIjIwMjEvMTEvMDMvMTUvMzEvMTgvYTk4YWQyZTYtOTdiOS00YWM2LTkwZDEtMDlkMmU5OTI1ZmU2LzI1MTg2NjI2NF8zMDczMDExMjc2MjI1MTBfMjY4MTAxNjM3ODcxMjY2MjQzNF9uLmpwZyJdLFsicCIsImVuY29kZSIsImpwZyIsIi1xdWFsaXR5IDgwIl0sWyJwIiwidGh1bWIiLCI1OTB4NTkwXHUwMDNlIl1d?sha=09b7d7b1899091bf\" alt=\"\" \/><\/div>\n<\/div>\n","protected":false},"excerpt":{"rendered":"<p>Az\u0259rbaycan Respublikas\u0131n\u0131n Qeyri-H\u00f6kum\u0259t T\u0259\u015fkilatlar\u0131na D\u00f6vl\u0259t D\u0259st\u0259yi Agentliyinin M\u00fc\u015fahid\u0259 \u015euras\u0131n\u0131n s\u0259dri Azay Quliyev V\u0259t\u0259n M\u00fcharib\u0259sind\u0259 g\u00f6st\u0259rdikl\u0259ri q\u0259hr\u0259manl\u0131\u011fa g\u00f6r\u0259 M\u00fcz\u0259ff\u0259r Ali Ba\u015f Komandan\u00a0\u0130lham \u018fliyev t\u0259r\u0259find\u0259n orden v\u0259 medallarla t\u0259ltif olunmu\u015f bir qrup qazi il\u0259 g\u00f6r\u00fc\u015f ke\u00e7irib v\u0259\u00a0onlara h\u0259diyy\u0259l\u0259r t\u0259qdim edib. Agentlikd\u0259n bildidirilib ki,\u00a0Azay Quliyev qazil\u0259ri salamlayaraq 44 g\u00fcnl\u00fck V\u0259t\u0259n m\u00fcharib\u0259si zaman\u0131 z\u0259f\u0259r\u0259 ged\u0259n yolda g\u00f6st\u0259rdikl\u0259ri \u015f\u00fcca\u0259tl\u0259r\u0259 g\u00f6r\u0259 onlara minn\u0259tdarl\u0131\u011f\u0131n\u0131 bildirib. Sonra V\u0259t\u0259n M\u00fcharib\u0259si Q\u0259hr\u0259man\u0131 Az\u0259r Abdullazad\u0259, rayon v\u0259 \u015f\u0259h\u0259rl\u0259rimizin azad olunmas\u0131nda x\u00fcsusi igidlik v\u0259 m\u0259rdlik n\u00fcmayi\u015f etdirdikl\u0259rin\u0259 g\u00f6r\u0259 m\u00fcxt\u0259lif medallarla t\u0259ltif edilmi\u015f\u00a0Cavid H\u0259s\u0259nov, R\u0259c\u0259b Novruzov, Xanki\u015fi Yusifov v\u0259 \u00c7ingiz Q\u0259dimov onlara g\u00f6st\u0259ril\u0259n&hellip;<\/p>\n","protected":false},"author":2,"featured_media":398946,"comment_status":"closed","ping_status":"closed","sticky":false,"template":"","format":"standard","meta":{"om_disable_all_campaigns":false,"_monsterinsights_skip_tracking":false,"_monsterinsights_sitenote_active":false,"_monsterinsights_sitenote_note":"","_monsterinsights_sitenote_category":0},"categories":[26],"tags":[],"aioseo_notices":[],"gutentor_comment":0,"rttpg_featured_image_url":{"full":["https:\/\/arantv.az\/wp-content\/uploads\/2021\/11\/c2d561bd-adca-4900-812a-103a7c8bd244.jpg",620,413,false],"landscape":["https:\/\/arantv.az\/wp-content\/uploads\/2021\/11\/c2d561bd-adca-4900-812a-103a7c8bd244.jpg",620,413,false],"portraits":["https:\/\/arantv.az\/wp-content\/uploads\/2021\/11\/c2d561bd-adca-4900-812a-103a7c8bd244.jpg",620,413,false],"thumbnail":["https:\/\/arantv.az\/wp-content\/uploads\/2021\/11\/c2d561bd-adca-4900-812a-103a7c8bd244-500x280.jpg",500,280,true],"medium":["https:\/\/arantv.az\/wp-content\/uploads\/2021\/11\/c2d561bd-adca-4900-812a-103a7c8bd244-548x365.jpg",548,365,true],"large":["https:\/\/arantv.az\/wp-content\/uploads\/2021\/11\/c2d561bd-adca-4900-812a-103a7c8bd244.jpg",620,413,false],"1536x1536":["https:\/\/arantv.az\/wp-content\/uploads\/2021\/11\/c2d561bd-adca-4900-812a-103a7c8bd244.jpg",620,413,false],"2048x2048":["https:\/\/arantv.az\/wp-content\/uploads\/2021\/11\/c2d561bd-adca-4900-812a-103a7c8bd244.jpg",620,413,false],"post-thumbnail":["https:\/\/arantv.az\/wp-content\/uploads\/2021\/11\/c2d561bd-adca-4900-812a-103a7c8bd244-240x172.jpg",240,172,true],"advps-thumb-one":["https:\/\/arantv.az\/wp-content\/uploads\/2021\/11\/c2d561bd-adca-4900-812a-103a7c8bd244.jpg",620,413,false]},"rttpg_author":{"display_name":"V\u00fcsal Rafiqo\u011flu","author_link":"https:\/\/arantv.az\/?author=2"},"rttpg_comment":0,"rttpg_category":"<a href=\"https:\/\/arantv.az\/?cat=26\" rel=\"category\">Sosial<\/a>","rttpg_excerpt":"Az\u0259rbaycan Respublikas\u0131n\u0131n Qeyri-H\u00f6kum\u0259t T\u0259\u015fkilatlar\u0131na D\u00f6vl\u0259t D\u0259st\u0259yi Agentliyinin M\u00fc\u015fahid\u0259 \u015euras\u0131n\u0131n s\u0259dri Azay Quliyev V\u0259t\u0259n M\u00fcharib\u0259sind\u0259 g\u00f6st\u0259rdikl\u0259ri q\u0259hr\u0259manl\u0131\u011fa g\u00f6r\u0259 M\u00fcz\u0259ff\u0259r Ali Ba\u015f Komandan\u00a0\u0130lham \u018fliyev t\u0259r\u0259find\u0259n orden v\u0259 medallarla t\u0259ltif olunmu\u015f bir qrup qazi il\u0259 g\u00f6r\u00fc\u015f ke\u00e7irib v\u0259\u00a0onlara h\u0259diyy\u0259l\u0259r t\u0259qdim edib. Agentlikd\u0259n bildidirilib ki,\u00a0Azay Quliyev qazil\u0259ri salamlayaraq 44 g\u00fcnl\u00fck V\u0259t\u0259n m\u00fcharib\u0259si zaman\u0131 z\u0259f\u0259r\u0259 ged\u0259n yolda g\u00f6st\u0259rdikl\u0259ri \u015f\u00fcca\u0259tl\u0259r\u0259 g\u00f6r\u0259&hellip;","_links":{"self":[{"href":"https:\/\/arantv.az\/index.php?rest_route=\/wp\/v2\/posts\/398945"}],"collection":[{"href":"https:\/\/arantv.az\/index.php?rest_route=\/wp\/v2\/posts"}],"about":[{"href":"https:\/\/arantv.az\/index.php?rest_route=\/wp\/v2\/types\/post"}],"author":[{"embeddable":true,"href":"https:\/\/arantv.az\/index.php?rest_route=\/wp\/v2\/users\/2"}],"replies":[{"embeddable":true,"href":"https:\/\/arantv.az\/index.php?rest_route=%2Fwp%2Fv2%2Fcomments&post=398945"}],"version-history":[{"count":0,"href":"https:\/\/arantv.az\/index.php?rest_route=\/wp\/v2\/posts\/398945\/revisions"}],"wp:featuredmedia":[{"embeddable":true,"href":"https:\/\/arantv.az\/index.php?rest_route=\/wp\/v2\/media\/398946"}],"wp:attachment":[{"href":"https:\/\/arantv.az\/index.php?rest_route=%2Fwp%2Fv2%2Fmedia&parent=398945"}],"wp:term":[{"taxonomy":"category","embeddable":true,"href":"https:\/\/arantv.az\/index.php?rest_route=%2Fwp%2Fv2%2Fcategories&post=398945"},{"taxonomy":"post_tag","embeddable":true,"href":"https:\/\/arantv.az\/index.php?rest_route=%2Fwp%2Fv2%2Ftags&post=398945"}],"curies":[{"name":"wp","href":"https:\/\/api.w.org\/{rel}","templated":true}]}}