{"id":398948,"date":"2021-11-03T15:00:07","date_gmt":"2021-11-03T12:00:07","guid":{"rendered":"http:\/\/arantv.az\/?p=398948"},"modified":"2021-11-03T15:00:07","modified_gmt":"2021-11-03T12:00:07","slug":"caydan-kisi-meyiti-tapildi-yenil%c9%99nib","status":"publish","type":"post","link":"https:\/\/arantv.az\/?p=398948","title":{"rendered":"\u00c7aydan ki\u015fi meyiti tap\u0131ld\u0131 &#8211; YEN\u0130L\u018fN\u0130B"},"content":{"rendered":"<p>G\u00f6yg\u00f6l rayonunda \u00e7ayda tap\u0131lan ki\u015fi meyitinin kimliyi m\u0259lum olub.<\/p>\n<p><strong>ARANTV.AZ<\/strong>-\u0131n m\u0259lumat\u0131na g\u00f6r\u0259,\u00a01971-ci il t\u0259v\u0259ll\u00fcdl\u00fc\u00a0Bak\u0131 \u015f\u0259h\u0259r sakini B\u0259xtiyar Kaz\u0131mov\u00a0h\u00fcnd\u00fcrl\u00fckd\u0259n \u00e7aya y\u0131x\u0131laraq \u00f6l\u00fcb.<\/p>\n<p>Faktla ba\u011fl\u0131 G\u00f6yg\u00f6l Rayon Prokurorlu\u011funda ara\u015fd\u0131rmalar davam etdirilir.<\/p>\n<div id=\"AdviadNativeVideo0\" class=\"AdviadNativeVideo\"><\/div>\n<p><strong>15:44<\/strong><\/p>\n<p>G\u00f6yg\u00f6l rayonunda ki\u015fi meyiti tap\u0131l\u0131b.<\/p>\n<p><strong>ARANTV.AZ<\/strong>-\u0131n m\u0259lumat\u0131na g\u00f6r\u0259, meyit rayonun Alm\u0259d\u0259tli k\u0259ndind\u0259ki \u00e7aydan tap\u0131l\u0131b.<\/p>\n<p>40-50 ya\u015flar\u0131nda olan \u015f\u0259xsin kimliyi m\u0259lum deyil.<\/p>\n<p>\u00dcz\u0259rind\u0259 h\u0259r hans\u0131 bir x\u0259sar\u0259tin olub-olmamas\u0131 bilinmir.<\/p>\n<p>Hadis\u0259 yerin\u0259 h\u00fcquq-m\u00fchafiz\u0259 orqanlar\u0131 c\u0259lb olunub.<\/p>\n","protected":false},"excerpt":{"rendered":"<p>G\u00f6yg\u00f6l rayonunda \u00e7ayda tap\u0131lan ki\u015fi meyitinin kimliyi m\u0259lum olub. ARANTV.AZ-\u0131n m\u0259lumat\u0131na g\u00f6r\u0259,\u00a01971-ci il t\u0259v\u0259ll\u00fcdl\u00fc\u00a0Bak\u0131 \u015f\u0259h\u0259r sakini B\u0259xtiyar Kaz\u0131mov\u00a0h\u00fcnd\u00fcrl\u00fckd\u0259n \u00e7aya y\u0131x\u0131laraq \u00f6l\u00fcb. Faktla ba\u011fl\u0131 G\u00f6yg\u00f6l Rayon Prokurorlu\u011funda ara\u015fd\u0131rmalar davam etdirilir. 15:44 G\u00f6yg\u00f6l rayonunda ki\u015fi meyiti tap\u0131l\u0131b. ARANTV.AZ-\u0131n m\u0259lumat\u0131na g\u00f6r\u0259, meyit rayonun Alm\u0259d\u0259tli k\u0259ndind\u0259ki \u00e7aydan tap\u0131l\u0131b. 40-50 ya\u015flar\u0131nda olan \u015f\u0259xsin kimliyi m\u0259lum deyil. \u00dcz\u0259rind\u0259 h\u0259r hans\u0131 bir x\u0259sar\u0259tin olub-olmamas\u0131 bilinmir. Hadis\u0259 yerin\u0259 h\u00fcquq-m\u00fchafiz\u0259 orqanlar\u0131 c\u0259lb olunub.<\/p>\n","protected":false},"author":2,"featured_media":163384,"comment_status":"closed","ping_status":"closed","sticky":false,"template":"","format":"standard","meta":{"om_disable_all_campaigns":false,"_monsterinsights_skip_tracking":false,"_monsterinsights_sitenote_active":false,"_monsterinsights_sitenote_note":"","_monsterinsights_sitenote_category":0},"categories":[5],"tags":[],"aioseo_notices":[],"gutentor_comment":0,"rttpg_featured_image_url":{"full":["https:\/\/arantv.az\/wp-content\/uploads\/2020\/05\/kur_cayi.jpg",800,450,false],"landscape":["https:\/\/arantv.az\/wp-content\/uploads\/2020\/05\/kur_cayi.jpg",800,450,false],"portraits":["https:\/\/arantv.az\/wp-content\/uploads\/2020\/05\/kur_cayi.jpg",800,450,false],"thumbnail":["https:\/\/arantv.az\/wp-content\/uploads\/2020\/05\/kur_cayi-150x150.jpg",150,150,true],"medium":["https:\/\/arantv.az\/wp-content\/uploads\/2020\/05\/kur_cayi-300x169.jpg",300,169,true],"large":["https:\/\/arantv.az\/wp-content\/uploads\/2020\/05\/kur_cayi.jpg",640,360,false],"1536x1536":["https:\/\/arantv.az\/wp-content\/uploads\/2020\/05\/kur_cayi.jpg",800,450,false],"2048x2048":["https:\/\/arantv.az\/wp-content\/uploads\/2020\/05\/kur_cayi.jpg",800,450,false],"post-thumbnail":["https:\/\/arantv.az\/wp-content\/uploads\/2020\/05\/kur_cayi-240x172.jpg",240,172,true],"advps-thumb-one":["https:\/\/arantv.az\/wp-content\/uploads\/2020\/05\/kur_cayi.jpg",800,450,false]},"rttpg_author":{"display_name":"V\u00fcsal Rafiqo\u011flu","author_link":"https:\/\/arantv.az\/?author=2"},"rttpg_comment":0,"rttpg_category":"<a href=\"https:\/\/arantv.az\/?cat=5\" rel=\"category\">Hadis\u0259<\/a>","rttpg_excerpt":"G\u00f6yg\u00f6l rayonunda \u00e7ayda tap\u0131lan ki\u015fi meyitinin kimliyi m\u0259lum olub. ARANTV.AZ-\u0131n m\u0259lumat\u0131na g\u00f6r\u0259,\u00a01971-ci il t\u0259v\u0259ll\u00fcdl\u00fc\u00a0Bak\u0131 \u015f\u0259h\u0259r sakini B\u0259xtiyar Kaz\u0131mov\u00a0h\u00fcnd\u00fcrl\u00fckd\u0259n \u00e7aya y\u0131x\u0131laraq \u00f6l\u00fcb. Faktla ba\u011fl\u0131 G\u00f6yg\u00f6l Rayon Prokurorlu\u011funda ara\u015fd\u0131rmalar davam etdirilir. 15:44 G\u00f6yg\u00f6l rayonunda ki\u015fi meyiti tap\u0131l\u0131b. ARANTV.AZ-\u0131n m\u0259lumat\u0131na g\u00f6r\u0259, meyit rayonun Alm\u0259d\u0259tli k\u0259ndind\u0259ki \u00e7aydan tap\u0131l\u0131b. 40-50 ya\u015flar\u0131nda olan \u015f\u0259xsin kimliyi m\u0259lum deyil. \u00dcz\u0259rind\u0259 h\u0259r hans\u0131 bir&hellip;","_links":{"self":[{"href":"https:\/\/arantv.az\/index.php?rest_route=\/wp\/v2\/posts\/398948"}],"collection":[{"href":"https:\/\/arantv.az\/index.php?rest_route=\/wp\/v2\/posts"}],"about":[{"href":"https:\/\/arantv.az\/index.php?rest_route=\/wp\/v2\/types\/post"}],"author":[{"embeddable":true,"href":"https:\/\/arantv.az\/index.php?rest_route=\/wp\/v2\/users\/2"}],"replies":[{"embeddable":true,"href":"https:\/\/arantv.az\/index.php?rest_route=%2Fwp%2Fv2%2Fcomments&post=398948"}],"version-history":[{"count":0,"href":"https:\/\/arantv.az\/index.php?rest_route=\/wp\/v2\/posts\/398948\/revisions"}],"wp:featuredmedia":[{"embeddable":true,"href":"https:\/\/arantv.az\/index.php?rest_route=\/wp\/v2\/media\/163384"}],"wp:attachment":[{"href":"https:\/\/arantv.az\/index.php?rest_route=%2Fwp%2Fv2%2Fmedia&parent=398948"}],"wp:term":[{"taxonomy":"category","embeddable":true,"href":"https:\/\/arantv.az\/index.php?rest_route=%2Fwp%2Fv2%2Fcategories&post=398948"},{"taxonomy":"post_tag","embeddable":true,"href":"https:\/\/arantv.az\/index.php?rest_route=%2Fwp%2Fv2%2Ftags&post=398948"}],"curies":[{"name":"wp","href":"https:\/\/api.w.org\/{rel}","templated":true}]}}