{"id":398956,"date":"2021-11-03T15:20:04","date_gmt":"2021-11-03T12:20:04","guid":{"rendered":"http:\/\/arantv.az\/?p=398956"},"modified":"2021-11-03T15:20:04","modified_gmt":"2021-11-03T12:20:04","slug":"z%c9%99f%c9%99r-gunu-prezident-susaya-ged%c9%99c%c9%99k-parad-olacaq-sevinc-telmanqizi-il%c9%99-canli-debat","status":"publish","type":"post","link":"https:\/\/arantv.az\/?p=398956","title":{"rendered":"Z\u0259f\u0259r g\u00fcn\u00fc prezident \u015eu\u015faya ged\u0259c\u0259k, parad olacaq \u2013 Sevinc Telmanq\u0131z\u0131 il\u0259 \u201cCanl\u0131 debat\u201d"},"content":{"rendered":"<p>Cavan\u015fir Feyziyev \u00c7ingiz Abdullayevin m\u00fcdafi\u0259sin\u0259 qalxd\u0131<\/p>\n<p>Pa\u015finyan Arutyunyanla Qaraba\u011fdan DANI\u015eDI<\/p>\n<p>\u201cVergi M\u0259c\u0259ll\u0259si d\u0259yi\u015fiklikl\u0259r\u0259 g\u00f6r\u0259 \u201cGinnesin Rekordlar Kitab\u0131\u201dna d\u00fc\u015f\u0259 bil\u0259r\u201d<\/p>\n<p>Vahid \u018fhm\u0259dovdan Vergi M\u0259c\u0259ll\u0259sin\u0259 edil\u0259n d\u0259yi\u015fiklikl\u0259r\u0259 ET\u0130RAZ<\/p>\n<p>M\u00fcharib\u0259d\u0259 H\u0259rbi Hava Q\u00fcvv\u0259l\u0259rinin qar\u015f\u0131s\u0131na qoyulmu\u015f d\u00f6rd tap\u015f\u0131r\u0131q &#8211; GENERAL A\u00c7IQLAYIR<\/p>\n<p>K\u00f6hn\u0259 avtomobill\u0259rd\u0259n xilas yolu-deputatlar \u00e7\u0131x\u0131\u015f yolunu t\u0259klif edir<\/p>\n<p>Z\u0259f\u0259r G\u00fcn\u00fc: Prezident \u015eu\u015faya ged\u0259c\u0259k, parad olacaq<\/p>\n<p>90 minlik rus qo\u015funu s\u0259rh\u0259dd\u0259 &#8211; R\u0259sm\u0259n t\u0259sdiql\u0259ndi<\/p>\n<p>Pa\u015fazad\u0259 yen\u0259 status yazd\u0131, savads\u0131zl\u0131\u011f\u0131 g\u00fcnd\u0259m oldu<\/p>\n<p>Bu v\u0259 g\u00fcnd\u0259md\u0259ki dig\u0259r x\u0259b\u0259rl\u0259ri bu g\u00fcn apar\u0131c\u0131 Sevinc Telmanq\u0131z\u0131n\u0131n t\u0259qdimat\u0131nda \u201cCanl\u0131 debat\u201d verili\u015find\u0259 m\u00fczakir\u0259 ed\u0259c\u0259yik. M\u00fczakir\u0259d\u0259 tama\u015fa\u00e7\u0131lar\u0131m\u0131z da i\u015ftirak ed\u0259 bil\u0259r.<\/p>\n<p><strong>Facebook s\u0259hif\u0259sinin \u00fcnvan\u0131:<\/strong><\/p>\n<p><a href=\"https:\/\/www.facebook.com\/NewMusavat\/\"><strong>https:\/\/www.facebook.com\/NewMusavat\/<\/strong><\/p>\n<p><iframe src=\"https:\/\/www.facebook.com\/plugins\/video.php?height=314&amp;href=https%3A%2F%2Fwww.facebook.com%2FNewMusavat%2Fvideos%2F442040167281831%2F&amp;show_text=false&amp;width=560&amp;t=0\" frameborder=\"0\" scrolling=\"no\" allowfullscreen=\"allowfullscreen\" data-mce-fragment=\"1\"><\/iframe><br \/>\n<\/a><\/p>\n<p><strong>Youtube s\u0259hif\u0259sinin \u00fcnvan\u0131:<\/strong><\/p>\n<p><a href=\"https:\/\/www.youtube.com\/user\/TVmusavat\"><strong>https:\/\/www.youtube.com\/user\/TVmusavat<\/strong><\/p>\n<p><iframe src=\"https:\/\/www.youtube.com\/embed\/ZrM-iwji6b0\" allowfullscreen=\"allowfullscreen\" data-mce-fragment=\"1\"><\/iframe><br \/>\n<\/a><\/p>\n<p><strong>Musavat.com<\/strong><\/p>\n","protected":false},"excerpt":{"rendered":"<p>Cavan\u015fir Feyziyev \u00c7ingiz Abdullayevin m\u00fcdafi\u0259sin\u0259 qalxd\u0131 Pa\u015finyan Arutyunyanla Qaraba\u011fdan DANI\u015eDI \u201cVergi M\u0259c\u0259ll\u0259si d\u0259yi\u015fiklikl\u0259r\u0259 g\u00f6r\u0259 \u201cGinnesin Rekordlar Kitab\u0131\u201dna d\u00fc\u015f\u0259 bil\u0259r\u201d Vahid \u018fhm\u0259dovdan Vergi M\u0259c\u0259ll\u0259sin\u0259 edil\u0259n d\u0259yi\u015fiklikl\u0259r\u0259 ET\u0130RAZ M\u00fcharib\u0259d\u0259 H\u0259rbi Hava Q\u00fcvv\u0259l\u0259rinin qar\u015f\u0131s\u0131na qoyulmu\u015f d\u00f6rd tap\u015f\u0131r\u0131q &#8211; GENERAL A\u00c7IQLAYIR K\u00f6hn\u0259 avtomobill\u0259rd\u0259n xilas yolu-deputatlar \u00e7\u0131x\u0131\u015f yolunu t\u0259klif edir Z\u0259f\u0259r G\u00fcn\u00fc: Prezident \u015eu\u015faya ged\u0259c\u0259k, parad olacaq 90 minlik rus qo\u015funu s\u0259rh\u0259dd\u0259 &#8211; R\u0259sm\u0259n t\u0259sdiql\u0259ndi Pa\u015fazad\u0259 yen\u0259 status yazd\u0131, savads\u0131zl\u0131\u011f\u0131 g\u00fcnd\u0259m oldu Bu v\u0259 g\u00fcnd\u0259md\u0259ki dig\u0259r x\u0259b\u0259rl\u0259ri bu g\u00fcn apar\u0131c\u0131 Sevinc Telmanq\u0131z\u0131n\u0131n t\u0259qdimat\u0131nda \u201cCanl\u0131 debat\u201d verili\u015find\u0259 m\u00fczakir\u0259 ed\u0259c\u0259yik. M\u00fczakir\u0259d\u0259 tama\u015fa\u00e7\u0131lar\u0131m\u0131z da i\u015ftirak ed\u0259 bil\u0259r. Facebook&hellip;<\/p>\n","protected":false},"author":2,"featured_media":398957,"comment_status":"closed","ping_status":"closed","sticky":false,"template":"","format":"standard","meta":{"om_disable_all_campaigns":false,"_monsterinsights_skip_tracking":false,"_monsterinsights_sitenote_active":false,"_monsterinsights_sitenote_note":"","_monsterinsights_sitenote_category":0},"categories":[19],"tags":[],"aioseo_notices":[],"gutentor_comment":0,"rttpg_featured_image_url":{"full":["https:\/\/arantv.az\/wp-content\/uploads\/2021\/11\/7093ad2d069d8096a12367e5d34977e2.jpg",450,253,false],"landscape":["https:\/\/arantv.az\/wp-content\/uploads\/2021\/11\/7093ad2d069d8096a12367e5d34977e2.jpg",450,253,false],"portraits":["https:\/\/arantv.az\/wp-content\/uploads\/2021\/11\/7093ad2d069d8096a12367e5d34977e2.jpg",450,253,false],"thumbnail":["https:\/\/arantv.az\/wp-content\/uploads\/2021\/11\/7093ad2d069d8096a12367e5d34977e2.jpg",450,253,false],"medium":["https:\/\/arantv.az\/wp-content\/uploads\/2021\/11\/7093ad2d069d8096a12367e5d34977e2.jpg",450,253,false],"large":["https:\/\/arantv.az\/wp-content\/uploads\/2021\/11\/7093ad2d069d8096a12367e5d34977e2.jpg",450,253,false],"1536x1536":["https:\/\/arantv.az\/wp-content\/uploads\/2021\/11\/7093ad2d069d8096a12367e5d34977e2.jpg",450,253,false],"2048x2048":["https:\/\/arantv.az\/wp-content\/uploads\/2021\/11\/7093ad2d069d8096a12367e5d34977e2.jpg",450,253,false],"post-thumbnail":["https:\/\/arantv.az\/wp-content\/uploads\/2021\/11\/7093ad2d069d8096a12367e5d34977e2-240x172.jpg",240,172,true],"advps-thumb-one":["https:\/\/arantv.az\/wp-content\/uploads\/2021\/11\/7093ad2d069d8096a12367e5d34977e2.jpg",450,253,false]},"rttpg_author":{"display_name":"V\u00fcsal Rafiqo\u011flu","author_link":"https:\/\/arantv.az\/?author=2"},"rttpg_comment":0,"rttpg_category":"<a href=\"https:\/\/arantv.az\/?cat=19\" rel=\"category\">G\u00fcnd\u0259m<\/a>","rttpg_excerpt":"Cavan\u015fir Feyziyev \u00c7ingiz Abdullayevin m\u00fcdafi\u0259sin\u0259 qalxd\u0131 Pa\u015finyan Arutyunyanla Qaraba\u011fdan DANI\u015eDI \u201cVergi M\u0259c\u0259ll\u0259si d\u0259yi\u015fiklikl\u0259r\u0259 g\u00f6r\u0259 \u201cGinnesin Rekordlar Kitab\u0131\u201dna d\u00fc\u015f\u0259 bil\u0259r\u201d Vahid \u018fhm\u0259dovdan Vergi M\u0259c\u0259ll\u0259sin\u0259 edil\u0259n d\u0259yi\u015fiklikl\u0259r\u0259 ET\u0130RAZ M\u00fcharib\u0259d\u0259 H\u0259rbi Hava Q\u00fcvv\u0259l\u0259rinin qar\u015f\u0131s\u0131na qoyulmu\u015f d\u00f6rd tap\u015f\u0131r\u0131q &#8211; GENERAL A\u00c7IQLAYIR K\u00f6hn\u0259 avtomobill\u0259rd\u0259n xilas yolu-deputatlar \u00e7\u0131x\u0131\u015f yolunu t\u0259klif edir Z\u0259f\u0259r G\u00fcn\u00fc: Prezident \u015eu\u015faya ged\u0259c\u0259k, parad olacaq 90 minlik rus&hellip;","_links":{"self":[{"href":"https:\/\/arantv.az\/index.php?rest_route=\/wp\/v2\/posts\/398956"}],"collection":[{"href":"https:\/\/arantv.az\/index.php?rest_route=\/wp\/v2\/posts"}],"about":[{"href":"https:\/\/arantv.az\/index.php?rest_route=\/wp\/v2\/types\/post"}],"author":[{"embeddable":true,"href":"https:\/\/arantv.az\/index.php?rest_route=\/wp\/v2\/users\/2"}],"replies":[{"embeddable":true,"href":"https:\/\/arantv.az\/index.php?rest_route=%2Fwp%2Fv2%2Fcomments&post=398956"}],"version-history":[{"count":0,"href":"https:\/\/arantv.az\/index.php?rest_route=\/wp\/v2\/posts\/398956\/revisions"}],"wp:featuredmedia":[{"embeddable":true,"href":"https:\/\/arantv.az\/index.php?rest_route=\/wp\/v2\/media\/398957"}],"wp:attachment":[{"href":"https:\/\/arantv.az\/index.php?rest_route=%2Fwp%2Fv2%2Fmedia&parent=398956"}],"wp:term":[{"taxonomy":"category","embeddable":true,"href":"https:\/\/arantv.az\/index.php?rest_route=%2Fwp%2Fv2%2Fcategories&post=398956"},{"taxonomy":"post_tag","embeddable":true,"href":"https:\/\/arantv.az\/index.php?rest_route=%2Fwp%2Fv2%2Ftags&post=398956"}],"curies":[{"name":"wp","href":"https:\/\/api.w.org\/{rel}","templated":true}]}}